{"id":18551,"date":"2024-07-10T10:48:22","date_gmt":"2024-07-10T13:48:22","guid":{"rendered":"https:\/\/sinprofaz.org.br\/2024\/?p=18551"},"modified":"2024-07-15T17:42:53","modified_gmt":"2024-07-15T20:42:53","slug":"pfn-filiado-lanca-obra-sobre-a-filosofia-de-martin-heidegger-confira","status":"publish","type":"post","link":"https:\/\/sinprofaz.org.br\/2024\/noticias\/pfn-filiado-lanca-obra-sobre-a-filosofia-de-martin-heidegger-confira\/","title":{"rendered":"PFN FILIADO LAN\u00c7A OBRA SOBRE A FILOSOFIA DE MARTIN HEIDEGGER. CONFIRA!"},"content":{"rendered":"<p>O SINPROFAZ convida a Carreira para conhecer a mais nova obra do PFN Gustavo Penha Lemes:\u00a0<strong>Teoria da Decis\u00e3o Judicial Volume 1 &#8211; Contribui\u00e7\u00f5es da filosofia de Martin Heidegger para a an\u00e1lise do poder discricion\u00e1rio e das condi\u00e7\u00f5es de julgar do juiz<\/strong>. Rec\u00e9m-lan\u00e7ado, o livro apresenta a introdu\u00e7\u00e3o de uma teoria da decis\u00e3o judicial baseada na an\u00e1lise de Heidegger\u00a0a respeito da exist\u00eancia do ser humano. A referida teoria, portanto, tem base existencial e possibilita a supera\u00e7\u00e3o das tradicionais teorias apoiadas apenas em no\u00e7\u00f5es jur\u00eddicas ou em ideias filos\u00f3ficas limitadas aos fen\u00f4menos da linguagem e da interpreta\u00e7\u00e3o.<\/p>\n<p>&#8220;A investiga\u00e7\u00e3o da exist\u00eancia f\u00e1tica do ser humano confere unidade a uma pluralidade de fen\u00f4menos relativos \u00e0 decis\u00e3o judicial, como os fen\u00f4menos da compreens\u00e3o, da interpreta\u00e7\u00e3o, dos afetos, da linguagem, do mundo circundante social etc. O exame do pensamento de Martin Heidegger \u00e9 valioso, uma vez que real\u00e7a, sobretudo, o quanto um juiz \u00e9 determinado por sua exist\u00eancia f\u00e1tica cotidiana no mundo e por horizontes hist\u00f3ricos e, consequentemente, como os preconceitos afetam as decis\u00f5es judiciais&#8221;, explica o procurador da Fazenda Nacional Gustavo Penha Lemes.<\/p>\n<p>A obra\u00a0<strong>Teoria da Decis\u00e3o Judicial Volume 1<\/strong>\u00a0foi lan\u00e7ada pela Dial\u00e9tica e pode ser adquirida no\u00a0<em>site<\/em>\u00a0da editora. Acesse e confira:\u00a0<a href=\"https:\/\/loja.editoradialetica.com\/humanidades\/teoria-da-decisao-judicial-volume-1-contribuicoes-da-filosofia-de-martin-heidegger-para-a-analise-do-poder-discricionario-e-d\" target=\"_blank\" rel=\"noopener\">https:\/\/loja.editoradialetica.com\/humanidades\/teoria-da-decisao-judicial-volume-1-contribuicoes-da-filosofia-de-martin-heidegger-para-a-analise-do-poder-discricionario-e-d<\/a><\/p>\n<p><!-- notionvc: 8e009252-5f14-466a-8a3d-b30d76fed693 --><\/p>\n","protected":false},"excerpt":{"rendered":"<p>O SINPROFAZ convida a Carreira para conhecer a mais nova obra do procurador da Fazenda Nacional filiado Gustavo Penha Lemes: &#8220;Teoria da Decis\u00e3o Judicial Volume 1 &#8211; Contribui\u00e7\u00f5es da filosofia de Martin Heidegger para a an\u00e1lise do poder discricion\u00e1rio e das condi\u00e7\u00f5es de julgar do juiz&#8221;. Acesse e saiba mais!<\/p>\n","protected":false},"author":2,"featured_media":18552,"comment_status":"open","ping_status":"open","sticky":false,"template":"","format":"standard","meta":{"footnotes":""},"categories":[8],"tags":[32,121,184],"featured_image_url":"https:\/\/sinprofaz.org.br\/2024\/wp-content\/uploads\/2024\/07\/Martin.png","character_count":777,"formatted_date":"10\/07\/2024 - 10:48","contentNovo":"O SINPROFAZ convida a Carreira para conhecer a mais nova obra do PFN Gustavo Penha Lemes:\u00a0<strong>Teoria da Decis\u00e3o Judicial Volume 1 - Contribui\u00e7\u00f5es da filosofia de Martin Heidegger para a an\u00e1lise do poder discricion\u00e1rio e das condi\u00e7\u00f5es de julgar do juiz<\/strong>. Rec\u00e9m-lan\u00e7ado, o livro apresenta a introdu\u00e7\u00e3o de uma teoria da decis\u00e3o judicial baseada na an\u00e1lise de Heidegger\u00a0a respeito da exist\u00eancia do ser humano. A referida teoria, portanto, tem base existencial e possibilita a supera\u00e7\u00e3o das tradicionais teorias apoiadas apenas em no\u00e7\u00f5es jur\u00eddicas ou em ideias filos\u00f3ficas limitadas aos fen\u00f4menos da linguagem e da interpreta\u00e7\u00e3o.\r\n\r\n\"A investiga\u00e7\u00e3o da exist\u00eancia f\u00e1tica do ser humano confere unidade a uma pluralidade de fen\u00f4menos relativos \u00e0 decis\u00e3o judicial, como os fen\u00f4menos da compreens\u00e3o, da interpreta\u00e7\u00e3o, dos afetos, da linguagem, do mundo circundante social etc. O exame do pensamento de Martin Heidegger \u00e9 valioso, uma vez que real\u00e7a, sobretudo, o quanto um juiz \u00e9 determinado por sua exist\u00eancia f\u00e1tica cotidiana no mundo e por horizontes hist\u00f3ricos e, consequentemente, como os preconceitos afetam as decis\u00f5es judiciais\", explica o procurador da Fazenda Nacional Gustavo Penha Lemes.\r\n\r\nA obra\u00a0<strong>Teoria da Decis\u00e3o Judicial Volume 1<\/strong>\u00a0foi lan\u00e7ada pela Dial\u00e9tica e pode ser adquirida no\u00a0<em>site<\/em>\u00a0da editora. Acesse e confira:\u00a0<a href=\"https:\/\/loja.editoradialetica.com\/humanidades\/teoria-da-decisao-judicial-volume-1-contribuicoes-da-filosofia-de-martin-heidegger-para-a-analise-do-poder-discricionario-e-d\" target=\"_blank\" rel=\"noopener\">https:\/\/loja.editoradialetica.com\/humanidades\/teoria-da-decisao-judicial-volume-1-contribuicoes-da-filosofia-de-martin-heidegger-para-a-analise-do-poder-discricionario-e-d<\/a>\r\n\r\n","_links":{"self":[{"href":"https:\/\/sinprofaz.org.br\/2024\/wp-json\/wp\/v2\/posts\/18551"}],"collection":[{"href":"https:\/\/sinprofaz.org.br\/2024\/wp-json\/wp\/v2\/posts"}],"about":[{"href":"https:\/\/sinprofaz.org.br\/2024\/wp-json\/wp\/v2\/types\/post"}],"author":[{"embeddable":true,"href":"https:\/\/sinprofaz.org.br\/2024\/wp-json\/wp\/v2\/users\/2"}],"replies":[{"embeddable":true,"href":"https:\/\/sinprofaz.org.br\/2024\/wp-json\/wp\/v2\/comments?post=18551"}],"version-history":[{"count":3,"href":"https:\/\/sinprofaz.org.br\/2024\/wp-json\/wp\/v2\/posts\/18551\/revisions"}],"predecessor-version":[{"id":18575,"href":"https:\/\/sinprofaz.org.br\/2024\/wp-json\/wp\/v2\/posts\/18551\/revisions\/18575"}],"wp:featuredmedia":[{"embeddable":true,"href":"https:\/\/sinprofaz.org.br\/2024\/wp-json\/wp\/v2\/media\/18552"}],"wp:attachment":[{"href":"https:\/\/sinprofaz.org.br\/2024\/wp-json\/wp\/v2\/media?parent=18551"}],"wp:term":[{"taxonomy":"category","embeddable":true,"href":"https:\/\/sinprofaz.org.br\/2024\/wp-json\/wp\/v2\/categories?post=18551"},{"taxonomy":"post_tag","embeddable":true,"href":"https:\/\/sinprofaz.org.br\/2024\/wp-json\/wp\/v2\/tags?post=18551"}],"curies":[{"name":"wp","href":"https:\/\/api.w.org\/{rel}","templated":true}]}}