{"id":18543,"date":"2024-07-05T15:43:29","date_gmt":"2024-07-05T18:43:29","guid":{"rendered":"https:\/\/sinprofaz.org.br\/2024\/?p=18543"},"modified":"2024-07-09T13:37:04","modified_gmt":"2024-07-09T16:37:04","slug":"sinprofaz-custeara-a-vinda-de-20-filiados-para-a-mobilizacao-em-brasilia","status":"publish","type":"post","link":"https:\/\/sinprofaz.org.br\/2024\/noticias\/sinprofaz-custeara-a-vinda-de-20-filiados-para-a-mobilizacao-em-brasilia\/","title":{"rendered":"SINPROFAZ CUSTEAR\u00c1 A VINDA DE 20 FILIADOS PARA A MOBILIZA\u00c7\u00c3O EM BRAS\u00cdLIA"},"content":{"rendered":"<p>O SINPROFAZ informa que custear\u00e1 a vinda de 20 filiados para a\u00a0<strong>Mobiliza\u00e7\u00e3o Nacional pela Valoriza\u00e7\u00e3o da Advocacia P\u00fablica Federal<\/strong>, a ser realizada em Bras\u00edlia\/DF na pr\u00f3xima quinta-feira (11). Os 20 escolhidos ter\u00e3o passagens a\u00e9reas e uma di\u00e1ria de hospedagem paga pelo Sindicato, al\u00e9m de uma di\u00e1ria indenizat\u00f3ria no valor de R$ 250,00.<\/p>\n<p>Para participar do sorteio,\u00a0<strong>envie e-mail para\u00a0<a href=\"mailto:secretaria@sinprofaz.org.br\"><em>secretaria@sinprofaz.org.br<\/em><\/a>\u00a0at\u00e9 as 12h do s\u00e1bado (6). No e-mail, com o assunto &#8220;Participa\u00e7\u00e3o no sorteio&#8221;, informe nome completo e telefone para contato.<\/strong>\u00a0Apenas filiados adimplentes e com domic\u00edlio fora do Distrito Federal\u00a0poder\u00e3o participar do sorteio. Os 20 nomes ser\u00e3o divulgados pela Diretoria do SINPROFAZ na tarde do s\u00e1bado.<\/p>\n<p>Inscreva-se!<\/p>\n<p><!-- notionvc: 24650bd1-b851-44ea-be1e-43ccb24a2ff2 --><\/p>\n","protected":false},"excerpt":{"rendered":"<p>O SINPROFAZ informa que custear\u00e1 a vinda de 20 filiados para a Mobiliza\u00e7\u00e3o Nacional pela Valoriza\u00e7\u00e3o da Advocacia P\u00fablica Federal, a ser realizada em Bras\u00edlia\/DF na quinta-feira (11). Os escolhidos ter\u00e3o passagens a\u00e9reas, di\u00e1ria de hospedagem e di\u00e1ria indenizat\u00f3ria pagas pelo Sindicato.<\/p>\n","protected":false},"author":2,"featured_media":18544,"comment_status":"open","ping_status":"open","sticky":false,"template":"","format":"standard","meta":{"footnotes":""},"categories":[8],"tags":[43,23,227],"featured_image_url":"https:\/\/sinprofaz.org.br\/2024\/wp-content\/uploads\/2024\/07\/card_8_campanha_mobilizacao_11julho_9h-1.png","character_count":383,"formatted_date":"05\/07\/2024 - 15:43","contentNovo":"O SINPROFAZ informa que custear\u00e1 a vinda de 20 filiados para a\u00a0<strong>Mobiliza\u00e7\u00e3o Nacional pela Valoriza\u00e7\u00e3o da Advocacia P\u00fablica Federal<\/strong>, a ser realizada em Bras\u00edlia\/DF na pr\u00f3xima quinta-feira (11). Os 20 escolhidos ter\u00e3o passagens a\u00e9reas e uma di\u00e1ria de hospedagem paga pelo Sindicato, al\u00e9m de uma di\u00e1ria indenizat\u00f3ria no valor de R$ 250,00.\r\n\r\nPara participar do sorteio,\u00a0<strong>envie e-mail para\u00a0<a href=\"mailto:secretaria@sinprofaz.org.br\"><em>secretaria@sinprofaz.org.br<\/em><\/a>\u00a0at\u00e9 as 12h do s\u00e1bado (6). No e-mail, com o assunto \"Participa\u00e7\u00e3o no sorteio\", informe nome completo e telefone para contato.<\/strong>\u00a0Apenas filiados adimplentes e com domic\u00edlio fora do Distrito Federal\u00a0poder\u00e3o participar do sorteio. Os 20 nomes ser\u00e3o divulgados pela Diretoria do SINPROFAZ na tarde do s\u00e1bado.\r\n\r\nInscreva-se!\r\n\r\n","_links":{"self":[{"href":"https:\/\/sinprofaz.org.br\/2024\/wp-json\/wp\/v2\/posts\/18543"}],"collection":[{"href":"https:\/\/sinprofaz.org.br\/2024\/wp-json\/wp\/v2\/posts"}],"about":[{"href":"https:\/\/sinprofaz.org.br\/2024\/wp-json\/wp\/v2\/types\/post"}],"author":[{"embeddable":true,"href":"https:\/\/sinprofaz.org.br\/2024\/wp-json\/wp\/v2\/users\/2"}],"replies":[{"embeddable":true,"href":"https:\/\/sinprofaz.org.br\/2024\/wp-json\/wp\/v2\/comments?post=18543"}],"version-history":[{"count":2,"href":"https:\/\/sinprofaz.org.br\/2024\/wp-json\/wp\/v2\/posts\/18543\/revisions"}],"predecessor-version":[{"id":18550,"href":"https:\/\/sinprofaz.org.br\/2024\/wp-json\/wp\/v2\/posts\/18543\/revisions\/18550"}],"wp:featuredmedia":[{"embeddable":true,"href":"https:\/\/sinprofaz.org.br\/2024\/wp-json\/wp\/v2\/media\/18544"}],"wp:attachment":[{"href":"https:\/\/sinprofaz.org.br\/2024\/wp-json\/wp\/v2\/media?parent=18543"}],"wp:term":[{"taxonomy":"category","embeddable":true,"href":"https:\/\/sinprofaz.org.br\/2024\/wp-json\/wp\/v2\/categories?post=18543"},{"taxonomy":"post_tag","embeddable":true,"href":"https:\/\/sinprofaz.org.br\/2024\/wp-json\/wp\/v2\/tags?post=18543"}],"curies":[{"name":"wp","href":"https:\/\/api.w.org\/{rel}","templated":true}]}}