{"id":18537,"date":"2024-07-05T13:38:27","date_gmt":"2024-07-05T16:38:27","guid":{"rendered":"https:\/\/sinprofaz.org.br\/2024\/?p=18537"},"modified":"2024-07-05T13:38:27","modified_gmt":"2024-07-05T16:38:27","slug":"entidades-definem-data-para-novo-ato-pela-valorizacao-da-advocacia-publica-federal","status":"publish","type":"post","link":"https:\/\/sinprofaz.org.br\/2024\/noticias\/entidades-definem-data-para-novo-ato-pela-valorizacao-da-advocacia-publica-federal\/","title":{"rendered":"ENTIDADES DEFINEM DATA PARA NOVO ATO PELA VALORIZA\u00c7\u00c3O DA ADVOCACIA P\u00daBLICA FEDERAL"},"content":{"rendered":"<p>As entidades representativas da Advocacia P\u00fablica Federal estiveram reunidas na noite de ontem (4). A mobiliza\u00e7\u00e3o nacional da Carreira com vistas \u00e0 recomposi\u00e7\u00e3o do subs\u00eddio e \u00e0 valoriza\u00e7\u00e3o dos Membros pautou as discuss\u00f5es ao longo da reuni\u00e3o.<\/p>\n<p>Unidas, as entidades deliberaram pela manuten\u00e7\u00e3o da atua\u00e7\u00e3o coordenada &#8211; fundamental para que n\u00e3o ocorram equ\u00edvocos e para que os Membros trabalhem de forma coesa. Deliberaram, ainda, pela convoca\u00e7\u00e3o, para a manh\u00e3 do dia 11 de julho, de uma grande mobiliza\u00e7\u00e3o em Bras\u00edlia\/DF. Filiadas e Filiados est\u00e3o, portanto, convidados para virem \u00e0 capital federal e refor\u00e7arem a luta conjunta em defesa da Advocacia P\u00fablica!<\/p>\n<p><strong>Mobiliza\u00e7\u00e3o Nacional pela Valoriza\u00e7\u00e3o da Advocacia P\u00fablica Federal<br \/>\n<\/strong>Quando: dia 11 de julho, pr\u00f3xima quinta-feira, a partir das 9h<br \/>\nLocal:\u00a0sede 1 da Advocacia-Geral da Uni\u00e3o<br \/>\nCompare\u00e7a!<\/p>\n<p><!-- notionvc: a9a5bd0e-50d1-4ae2-8924-df05cf8d6aa6 --><\/p>\n<p><!-- notionvc: 249cd1c0-097a-4f40-b489-93c4a6182cd2 --><\/p>\n","protected":false},"excerpt":{"rendered":"<p>As entidades representativas da Advocacia P\u00fablica Federal estiveram reunidas na noite de ontem (4). A mobiliza\u00e7\u00e3o nacional da Carreira com vistas \u00e0 recomposi\u00e7\u00e3o do subs\u00eddio e \u00e0 valoriza\u00e7\u00e3o dos Membros pautou as discuss\u00f5es ao longo da reuni\u00e3o. Acesse e saiba mais!<\/p>\n","protected":false},"author":2,"featured_media":18538,"comment_status":"open","ping_status":"open","sticky":false,"template":"","format":"standard","meta":{"footnotes":""},"categories":[8],"tags":[43,23,227],"featured_image_url":"https:\/\/sinprofaz.org.br\/2024\/wp-content\/uploads\/2024\/07\/1-2.png","character_count":443,"formatted_date":"05\/07\/2024 - 13:38","contentNovo":"As entidades representativas da Advocacia P\u00fablica Federal estiveram reunidas na noite de ontem (4). A mobiliza\u00e7\u00e3o nacional da Carreira com vistas \u00e0 recomposi\u00e7\u00e3o do subs\u00eddio e \u00e0 valoriza\u00e7\u00e3o dos Membros pautou as discuss\u00f5es ao longo da reuni\u00e3o.\r\n\r\nUnidas, as entidades deliberaram pela manuten\u00e7\u00e3o da atua\u00e7\u00e3o coordenada - fundamental para que n\u00e3o ocorram equ\u00edvocos e para que os Membros trabalhem de forma coesa. Deliberaram, ainda, pela convoca\u00e7\u00e3o, para a manh\u00e3 do dia 11 de julho, de uma grande mobiliza\u00e7\u00e3o em Bras\u00edlia\/DF. Filiadas e Filiados est\u00e3o, portanto, convidados para virem \u00e0 capital federal e refor\u00e7arem a luta conjunta em defesa da Advocacia P\u00fablica!\r\n\r\n<strong>Mobiliza\u00e7\u00e3o Nacional pela Valoriza\u00e7\u00e3o da Advocacia P\u00fablica Federal\r\n<\/strong>Quando: dia 11 de julho, pr\u00f3xima quinta-feira, a partir das 9h\r\nLocal:\u00a0sede 1 da Advocacia-Geral da Uni\u00e3o\r\nCompare\u00e7a!\r\n\r\n\r\n\r\n","_links":{"self":[{"href":"https:\/\/sinprofaz.org.br\/2024\/wp-json\/wp\/v2\/posts\/18537"}],"collection":[{"href":"https:\/\/sinprofaz.org.br\/2024\/wp-json\/wp\/v2\/posts"}],"about":[{"href":"https:\/\/sinprofaz.org.br\/2024\/wp-json\/wp\/v2\/types\/post"}],"author":[{"embeddable":true,"href":"https:\/\/sinprofaz.org.br\/2024\/wp-json\/wp\/v2\/users\/2"}],"replies":[{"embeddable":true,"href":"https:\/\/sinprofaz.org.br\/2024\/wp-json\/wp\/v2\/comments?post=18537"}],"version-history":[{"count":1,"href":"https:\/\/sinprofaz.org.br\/2024\/wp-json\/wp\/v2\/posts\/18537\/revisions"}],"predecessor-version":[{"id":18539,"href":"https:\/\/sinprofaz.org.br\/2024\/wp-json\/wp\/v2\/posts\/18537\/revisions\/18539"}],"wp:featuredmedia":[{"embeddable":true,"href":"https:\/\/sinprofaz.org.br\/2024\/wp-json\/wp\/v2\/media\/18538"}],"wp:attachment":[{"href":"https:\/\/sinprofaz.org.br\/2024\/wp-json\/wp\/v2\/media?parent=18537"}],"wp:term":[{"taxonomy":"category","embeddable":true,"href":"https:\/\/sinprofaz.org.br\/2024\/wp-json\/wp\/v2\/categories?post=18537"},{"taxonomy":"post_tag","embeddable":true,"href":"https:\/\/sinprofaz.org.br\/2024\/wp-json\/wp\/v2\/tags?post=18537"}],"curies":[{"name":"wp","href":"https:\/\/api.w.org\/{rel}","templated":true}]}}