{"id":18527,"date":"2024-07-04T17:23:54","date_gmt":"2024-07-04T20:23:54","guid":{"rendered":"https:\/\/sinprofaz.org.br\/2024\/?p=18527"},"modified":"2024-07-05T15:15:57","modified_gmt":"2024-07-05T18:15:57","slug":"diretoria-2024-2025-assume-gestao-do-forum-nacional-da-advocacia-publica-federal","status":"publish","type":"post","link":"https:\/\/sinprofaz.org.br\/2024\/noticias\/diretoria-2024-2025-assume-gestao-do-forum-nacional-da-advocacia-publica-federal\/","title":{"rendered":"DIRETORIA 2024\/2025 ASSUME GEST\u00c3O DO F\u00d3RUM NACIONAL DA ADVOCACIA P\u00daBLICA FEDERAL"},"content":{"rendered":"<p>O SINPROFAZ, representado pela Presidente Iolanda Guindani, esteve reunido hoje (4), em Bras\u00edlia\/DF, com as demais entidades integrantes do F\u00f3rum Nacional da Advocacia P\u00fablica Federal. Na ocasi\u00e3o, foram realizadas a elei\u00e7\u00e3o e a posse da Diretoria 2024\/2025 do FORVM, cuja Vice-Presid\u00eancia cabe, agora, ao Sindicato.<\/p>\n<p>Os novos dirigentes assumem com a miss\u00e3o de dar continuidade \u00e0 luta em defesa dos Procuradores da Fazenda Nacional, Advogados da Uni\u00e3o, Procuradores Federais e Procuradores do Banco Central, isto \u00e9, das quatro carreiras da AGU. Juntos, os empossados seguir\u00e3o atuando em prol do fortalecimento da entidade, dos Membros e da Advocacia-Geral da Uni\u00e3o como um todo.<\/p>\n<p>Os cargos da Diretoria 2024\/2025 do FORVM foram assim preenchidos:<br \/>\n<strong>Presidente<\/strong>: Cl\u00f3vis dos Santos Andrade, Presidente da ANAUNI<br \/>\n<strong>Vice-Presidente<\/strong>: Iolanda Guindani, Presidente do SINPROFAZ<br \/>\n<strong>Diretora Tesoureira<\/strong>: Maria\u00a0Sant\u00edssima\u00a0Marques, Presidente da ANPPREV<br \/>\n<strong>Secret\u00e1rio-Geral<\/strong>: Jarbas dos Reis, Presidente da ANAJUR<\/p>\n\n\t\t<style type=\"text\/css\">\n\t\t\t#gallery-1 {\n\t\t\t\tmargin: auto;\n\t\t\t}\n\t\t\t#gallery-1 .gallery-item {\n\t\t\t\tfloat: left;\n\t\t\t\tmargin-top: 10px;\n\t\t\t\ttext-align: center;\n\t\t\t\twidth: 33%;\n\t\t\t}\n\t\t\t#gallery-1 img {\n\t\t\t\tborder: 2px solid #cfcfcf;\n\t\t\t}\n\t\t\t#gallery-1 .gallery-caption {\n\t\t\t\tmargin-left: 0;\n\t\t\t}\n\t\t\t\/* see gallery_shortcode() in wp-includes\/media.php *\/\n\t\t<\/style>\n\t\t<div id='gallery-1' class='gallery galleryid-18527 gallery-columns-3 gallery-size-thumbnail'><dl class='gallery-item'>\n\t\t\t<dt class='gallery-icon landscape'>\n\t\t\t\t<a href='https:\/\/sinprofaz.org.br\/2024\/wp-content\/uploads\/2024\/07\/2-1.png'><img loading=\"lazy\" decoding=\"async\" width=\"150\" height=\"150\" src=\"https:\/\/sinprofaz.org.br\/2024\/wp-content\/uploads\/2024\/07\/2-1-150x150.png\" class=\"attachment-thumbnail size-thumbnail\" alt=\"\" \/><\/a>\n\t\t\t<\/dt><\/dl><dl class='gallery-item'>\n\t\t\t<dt class='gallery-icon landscape'>\n\t\t\t\t<a href='https:\/\/sinprofaz.org.br\/2024\/wp-content\/uploads\/2024\/07\/3-1.png'><img loading=\"lazy\" decoding=\"async\" width=\"150\" height=\"150\" src=\"https:\/\/sinprofaz.org.br\/2024\/wp-content\/uploads\/2024\/07\/3-1-150x150.png\" class=\"attachment-thumbnail size-thumbnail\" alt=\"\" \/><\/a>\n\t\t\t<\/dt><\/dl><dl class='gallery-item'>\n\t\t\t<dt class='gallery-icon landscape'>\n\t\t\t\t<a href='https:\/\/sinprofaz.org.br\/2024\/wp-content\/uploads\/2024\/07\/4-1.png'><img loading=\"lazy\" decoding=\"async\" width=\"150\" height=\"150\" src=\"https:\/\/sinprofaz.org.br\/2024\/wp-content\/uploads\/2024\/07\/4-1-150x150.png\" class=\"attachment-thumbnail size-thumbnail\" alt=\"\" \/><\/a>\n\t\t\t<\/dt><\/dl><br style=\"clear: both\" \/>\n\t\t<\/div>\n\n<p><!-- notionvc: b7dfe536-f1f2-45a4-8401-53f404e6c221 --><\/p>\n","protected":false},"excerpt":{"rendered":"<p>O SINPROFAZ, representado pela Presidente Iolanda Guindani, esteve reunido com as demais entidades integrantes do F\u00f3rum Nacional da Advocacia P\u00fablica Federal. Na ocasi\u00e3o, foi realizada a posse da nova Diretoria do FORVM, cuja Vice-Presid\u00eancia cabe, agora, ao Sindicato.<\/p>\n","protected":false},"author":2,"featured_media":18528,"comment_status":"open","ping_status":"open","sticky":false,"template":"","format":"standard","meta":{"footnotes":""},"categories":[8],"tags":[27,23,137],"featured_image_url":"https:\/\/sinprofaz.org.br\/2024\/wp-content\/uploads\/2024\/07\/1-1.png","character_count":693,"formatted_date":"04\/07\/2024 - 17:23","contentNovo":"O SINPROFAZ, representado pela Presidente Iolanda Guindani, esteve reunido hoje (4), em Bras\u00edlia\/DF, com as demais entidades integrantes do F\u00f3rum Nacional da Advocacia P\u00fablica Federal. Na ocasi\u00e3o, foram realizadas a elei\u00e7\u00e3o e a posse da Diretoria 2024\/2025 do FORVM, cuja Vice-Presid\u00eancia cabe, agora, ao Sindicato.\r\n\r\nOs novos dirigentes assumem com a miss\u00e3o de dar continuidade \u00e0 luta em defesa dos Procuradores da Fazenda Nacional, Advogados da Uni\u00e3o, Procuradores Federais e Procuradores do Banco Central, isto \u00e9, das quatro carreiras da AGU. Juntos, os empossados seguir\u00e3o atuando em prol do fortalecimento da entidade, dos Membros e da Advocacia-Geral da Uni\u00e3o como um todo.\r\n\r\nOs cargos da Diretoria 2024\/2025 do FORVM foram assim preenchidos:\r\n<strong>Presidente<\/strong>: Cl\u00f3vis dos Santos Andrade, Presidente da ANAUNI\r\n<strong>Vice-Presidente<\/strong>: Iolanda Guindani, Presidente do SINPROFAZ\r\n<strong>Diretora Tesoureira<\/strong>: Maria\u00a0Sant\u00edssima\u00a0Marques, Presidente da ANPPREV\r\n<strong>Secret\u00e1rio-Geral<\/strong>: Jarbas dos Reis, Presidente da ANAJUR\r\n\r\n[gallery link=\"file\" ids=\"18529,18530,18531\"]\r\n\r\n","_links":{"self":[{"href":"https:\/\/sinprofaz.org.br\/2024\/wp-json\/wp\/v2\/posts\/18527"}],"collection":[{"href":"https:\/\/sinprofaz.org.br\/2024\/wp-json\/wp\/v2\/posts"}],"about":[{"href":"https:\/\/sinprofaz.org.br\/2024\/wp-json\/wp\/v2\/types\/post"}],"author":[{"embeddable":true,"href":"https:\/\/sinprofaz.org.br\/2024\/wp-json\/wp\/v2\/users\/2"}],"replies":[{"embeddable":true,"href":"https:\/\/sinprofaz.org.br\/2024\/wp-json\/wp\/v2\/comments?post=18527"}],"version-history":[{"count":3,"href":"https:\/\/sinprofaz.org.br\/2024\/wp-json\/wp\/v2\/posts\/18527\/revisions"}],"predecessor-version":[{"id":18540,"href":"https:\/\/sinprofaz.org.br\/2024\/wp-json\/wp\/v2\/posts\/18527\/revisions\/18540"}],"wp:featuredmedia":[{"embeddable":true,"href":"https:\/\/sinprofaz.org.br\/2024\/wp-json\/wp\/v2\/media\/18528"}],"wp:attachment":[{"href":"https:\/\/sinprofaz.org.br\/2024\/wp-json\/wp\/v2\/media?parent=18527"}],"wp:term":[{"taxonomy":"category","embeddable":true,"href":"https:\/\/sinprofaz.org.br\/2024\/wp-json\/wp\/v2\/categories?post=18527"},{"taxonomy":"post_tag","embeddable":true,"href":"https:\/\/sinprofaz.org.br\/2024\/wp-json\/wp\/v2\/tags?post=18527"}],"curies":[{"name":"wp","href":"https:\/\/api.w.org\/{rel}","templated":true}]}}