{"id":1851,"date":"2014-08-04T18:42:03","date_gmt":"2014-08-04T18:42:03","guid":{"rendered":""},"modified":"-0001-11-30T00:00:00","modified_gmt":"-0001-11-30T03:00:00","slug":"comissao-da-camara-pauta-projeto-dos-honorarios","status":"publish","type":"post","link":"https:\/\/sinprofaz.org.br\/2024\/noticias\/comissao-da-camara-pauta-projeto-dos-honorarios\/","title":{"rendered":"Comiss\u00e3o da C\u00e2mara pauta projeto dos honor\u00e1rios"},"content":{"rendered":"<p>O Projeto de Lei 2279\/2011, que obriga o pagamento de honor\u00e1rios de sucumb\u00eancia aos advogados p\u00fablicos, alterando a Lei n\u00ba 8.906, de 4 de julho de 1994, est\u00e1 na pauta da pr\u00f3xima reuni\u00e3o da Comiss\u00e3o de Finan\u00e7as e Tributa\u00e7\u00e3o da C\u00e2mara.<\/p>\n<p>Na reuni\u00e3o, que ocorrer\u00e1 na quarta-feira, 6\/8, a partir das 10h, os deputados podem votar o parecer do relator, deputado Andr\u00e9 Figueiredo (PDT-CE), que se posicionou pela aprova\u00e7\u00e3o do projeto.<\/p>\n","protected":false},"excerpt":{"rendered":"<p>Comiss\u00e3o de Finan\u00e7as e Tributa\u00e7\u00e3o da C\u00e2mara pode votar na quarta-feira, 6\/8, parecer favor\u00e1vel ao pagamento de honor\u00e1rios aos advogados p\u00fablicos.<\/p>\n","protected":false},"author":1,"featured_media":0,"comment_status":"closed","ping_status":"open","sticky":false,"template":"","format":"standard","meta":{"footnotes":""},"categories":[8],"tags":[],"featured_image_url":"https:\/\/dummyimage.com\/720x400","character_count":222,"formatted_date":"04\/08\/2014 - 18:42","contentNovo":"\r\n<p>O Projeto de Lei 2279\/2011, que obriga o pagamento de honor\u00e1rios de sucumb\u00eancia aos advogados p\u00fablicos, alterando a Lei n\u00ba 8.906, de 4 de julho de 1994, est\u00e1 na pauta da pr\u00f3xima reuni\u00e3o da Comiss\u00e3o de Finan\u00e7as e Tributa\u00e7\u00e3o da C\u00e2mara.<\/p>\r\n<p>Na reuni\u00e3o, que ocorrer\u00e1 na quarta-feira, 6\/8, a partir das 10h, os deputados podem votar o parecer do relator, deputado Andr\u00e9 Figueiredo (PDT-CE), que se posicionou pela aprova\u00e7\u00e3o do projeto.<\/p>","_links":{"self":[{"href":"https:\/\/sinprofaz.org.br\/2024\/wp-json\/wp\/v2\/posts\/1851"}],"collection":[{"href":"https:\/\/sinprofaz.org.br\/2024\/wp-json\/wp\/v2\/posts"}],"about":[{"href":"https:\/\/sinprofaz.org.br\/2024\/wp-json\/wp\/v2\/types\/post"}],"author":[{"embeddable":true,"href":"https:\/\/sinprofaz.org.br\/2024\/wp-json\/wp\/v2\/users\/1"}],"replies":[{"embeddable":true,"href":"https:\/\/sinprofaz.org.br\/2024\/wp-json\/wp\/v2\/comments?post=1851"}],"version-history":[{"count":0,"href":"https:\/\/sinprofaz.org.br\/2024\/wp-json\/wp\/v2\/posts\/1851\/revisions"}],"wp:attachment":[{"href":"https:\/\/sinprofaz.org.br\/2024\/wp-json\/wp\/v2\/media?parent=1851"}],"wp:term":[{"taxonomy":"category","embeddable":true,"href":"https:\/\/sinprofaz.org.br\/2024\/wp-json\/wp\/v2\/categories?post=1851"},{"taxonomy":"post_tag","embeddable":true,"href":"https:\/\/sinprofaz.org.br\/2024\/wp-json\/wp\/v2\/tags?post=1851"}],"curies":[{"name":"wp","href":"https:\/\/api.w.org\/{rel}","templated":true}]}}