{"id":18509,"date":"2024-07-03T17:28:53","date_gmt":"2024-07-03T20:28:53","guid":{"rendered":"https:\/\/sinprofaz.org.br\/2024\/?p=18509"},"modified":"2024-07-03T17:41:43","modified_gmt":"2024-07-03T20:41:43","slug":"advogados-publicos-federais-realizam-mobilizacao-em-prol-da-carreira","status":"publish","type":"post","link":"https:\/\/sinprofaz.org.br\/2024\/noticias\/advogados-publicos-federais-realizam-mobilizacao-em-prol-da-carreira\/","title":{"rendered":"ADVOGADOS P\u00daBLICOS FEDERAIS REALIZAM MOBILIZA\u00c7\u00c3O EM PROL DA CARREIRA"},"content":{"rendered":"<p>Mais de 300 participantes garantiram o sucesso da Mobiliza\u00e7\u00e3o promovida hoje (3), em Bras\u00edlia\/DF, em prol da Valoriza\u00e7\u00e3o da Advocacia P\u00fablica Federal. Realizada na sede 3 da AGU, a concentra\u00e7\u00e3o contou com a ampla presen\u00e7a dos novos Membros, que manifestaram alinhamento e apoio ao SINPROFAZ e \u00e0s demais entidades associativas. Um carro de som foi contratado para o evento, de modo que os dirigentes sindicais pudessem discursar para o p\u00fablico. Ao fazer uso da palavra, a presidente do Sindicato, Iolanda Guindani, lembrou o hist\u00f3rico de lutas da Carreira e ressaltou a necessidade da atua\u00e7\u00e3o estrat\u00e9gica e coordenada na busca pelos prop\u00f3sitos comuns.<\/p>\n<p>&#8220;Ingressei na AGU no ano de 2000. Desde ent\u00e3o, progredimos muito e conquistamos prerrogativas como a que hoje lutamos para defender. Para os novos, que est\u00e3o entrando agora na Advocacia-Geral da Uni\u00e3o, o que quero dizer \u00e9 que todas as conquistas foram obtidas com muita luta. Hoje, voc\u00eas s\u00e3o a grande for\u00e7a do Sindicato e das Associa\u00e7\u00f5es. Tenham consci\u00eancia da import\u00e2ncia da Fun\u00e7\u00e3o que desempenham, mas tenham tamb\u00e9m serenidade. Negocia\u00e7\u00f5es exigem estrat\u00e9gia. Manteremos a organiza\u00e7\u00e3o e, na Mesa Setorial, exigiremos o que nos \u00e9 de direito. Estamos todos lutando pelo mesmo objetivo e, ao final, alcan\u00e7aremos aquilo que desejamos&#8221;, discursou Iolanda Guindani.<\/p>\n<p><strong>AGU mobilizada<br \/>\n<\/strong>Tendo em vista o descontentamento geral com rela\u00e7\u00e3o \u00e0 primeira reuni\u00e3o da Mesa Setorial de Negocia\u00e7\u00e3o, SINPROFAZ e demais entidades deliberaram por atuar conjuntamente. Por isso, novas mobiliza\u00e7\u00f5es da Advocacia P\u00fablica Federal est\u00e3o sendo planejadas para o m\u00eas de julho. Aos Colegas de todo o pa\u00eds, o SINPROFAZ ressalta: quando for confirmada a realiza\u00e7\u00e3o da grande mobiliza\u00e7\u00e3o em meados do m\u00eas, filiadas e filiados ser\u00e3o informados e convidados para participar, seja da concentra\u00e7\u00e3o na capital federal, seja das reuni\u00f5es promovidas nas Unidades de lota\u00e7\u00e3o. Fundamental, agora, \u00e9 que a Carreira esteja unida. A for\u00e7a dos Membros da AGU surtir\u00e1 efeito.<\/p>\n\n\t\t<style type=\"text\/css\">\n\t\t\t#gallery-1 {\n\t\t\t\tmargin: auto;\n\t\t\t}\n\t\t\t#gallery-1 .gallery-item {\n\t\t\t\tfloat: left;\n\t\t\t\tmargin-top: 10px;\n\t\t\t\ttext-align: center;\n\t\t\t\twidth: 33%;\n\t\t\t}\n\t\t\t#gallery-1 img {\n\t\t\t\tborder: 2px solid #cfcfcf;\n\t\t\t}\n\t\t\t#gallery-1 .gallery-caption {\n\t\t\t\tmargin-left: 0;\n\t\t\t}\n\t\t\t\/* see gallery_shortcode() in wp-includes\/media.php *\/\n\t\t<\/style>\n\t\t<div id='gallery-1' class='gallery galleryid-18509 gallery-columns-3 gallery-size-thumbnail'><dl class='gallery-item'>\n\t\t\t<dt class='gallery-icon landscape'>\n\t\t\t\t<a href='https:\/\/sinprofaz.org.br\/2024\/wp-content\/uploads\/2024\/07\/2.png'><img loading=\"lazy\" decoding=\"async\" width=\"150\" height=\"150\" src=\"https:\/\/sinprofaz.org.br\/2024\/wp-content\/uploads\/2024\/07\/2-150x150.png\" class=\"attachment-thumbnail size-thumbnail\" alt=\"\" \/><\/a>\n\t\t\t<\/dt><\/dl><dl class='gallery-item'>\n\t\t\t<dt class='gallery-icon landscape'>\n\t\t\t\t<a href='https:\/\/sinprofaz.org.br\/2024\/wp-content\/uploads\/2024\/07\/3.png'><img loading=\"lazy\" decoding=\"async\" width=\"150\" height=\"150\" src=\"https:\/\/sinprofaz.org.br\/2024\/wp-content\/uploads\/2024\/07\/3-150x150.png\" class=\"attachment-thumbnail size-thumbnail\" alt=\"\" \/><\/a>\n\t\t\t<\/dt><\/dl><dl class='gallery-item'>\n\t\t\t<dt class='gallery-icon landscape'>\n\t\t\t\t<a href='https:\/\/sinprofaz.org.br\/2024\/wp-content\/uploads\/2024\/07\/4.png'><img loading=\"lazy\" decoding=\"async\" width=\"150\" height=\"150\" src=\"https:\/\/sinprofaz.org.br\/2024\/wp-content\/uploads\/2024\/07\/4-150x150.png\" class=\"attachment-thumbnail size-thumbnail\" alt=\"\" \/><\/a>\n\t\t\t<\/dt><\/dl><br style=\"clear: both\" \/><dl class='gallery-item'>\n\t\t\t<dt class='gallery-icon landscape'>\n\t\t\t\t<a href='https:\/\/sinprofaz.org.br\/2024\/wp-content\/uploads\/2024\/07\/5.png'><img loading=\"lazy\" decoding=\"async\" width=\"150\" height=\"150\" src=\"https:\/\/sinprofaz.org.br\/2024\/wp-content\/uploads\/2024\/07\/5-150x150.png\" class=\"attachment-thumbnail size-thumbnail\" alt=\"\" \/><\/a>\n\t\t\t<\/dt><\/dl><dl class='gallery-item'>\n\t\t\t<dt class='gallery-icon landscape'>\n\t\t\t\t<a href='https:\/\/sinprofaz.org.br\/2024\/wp-content\/uploads\/2024\/07\/6.png'><img loading=\"lazy\" decoding=\"async\" width=\"150\" height=\"150\" src=\"https:\/\/sinprofaz.org.br\/2024\/wp-content\/uploads\/2024\/07\/6-150x150.png\" class=\"attachment-thumbnail size-thumbnail\" alt=\"\" \/><\/a>\n\t\t\t<\/dt><\/dl><dl class='gallery-item'>\n\t\t\t<dt class='gallery-icon landscape'>\n\t\t\t\t<a href='https:\/\/sinprofaz.org.br\/2024\/wp-content\/uploads\/2024\/07\/7.png'><img loading=\"lazy\" decoding=\"async\" width=\"150\" height=\"150\" src=\"https:\/\/sinprofaz.org.br\/2024\/wp-content\/uploads\/2024\/07\/7-150x150.png\" class=\"attachment-thumbnail size-thumbnail\" alt=\"\" \/><\/a>\n\t\t\t<\/dt><\/dl><br style=\"clear: both\" \/><dl class='gallery-item'>\n\t\t\t<dt class='gallery-icon landscape'>\n\t\t\t\t<a href='https:\/\/sinprofaz.org.br\/2024\/wp-content\/uploads\/2024\/07\/8.png'><img loading=\"lazy\" decoding=\"async\" width=\"150\" height=\"150\" src=\"https:\/\/sinprofaz.org.br\/2024\/wp-content\/uploads\/2024\/07\/8-150x150.png\" class=\"attachment-thumbnail size-thumbnail\" alt=\"\" \/><\/a>\n\t\t\t<\/dt><\/dl><dl class='gallery-item'>\n\t\t\t<dt class='gallery-icon landscape'>\n\t\t\t\t<a href='https:\/\/sinprofaz.org.br\/2024\/wp-content\/uploads\/2024\/07\/9.png'><img loading=\"lazy\" decoding=\"async\" width=\"150\" height=\"150\" src=\"https:\/\/sinprofaz.org.br\/2024\/wp-content\/uploads\/2024\/07\/9-150x150.png\" class=\"attachment-thumbnail size-thumbnail\" alt=\"\" \/><\/a>\n\t\t\t<\/dt><\/dl><dl class='gallery-item'>\n\t\t\t<dt class='gallery-icon landscape'>\n\t\t\t\t<a href='https:\/\/sinprofaz.org.br\/2024\/wp-content\/uploads\/2024\/07\/10.png'><img loading=\"lazy\" decoding=\"async\" width=\"150\" height=\"150\" src=\"https:\/\/sinprofaz.org.br\/2024\/wp-content\/uploads\/2024\/07\/10-150x150.png\" class=\"attachment-thumbnail size-thumbnail\" alt=\"\" \/><\/a>\n\t\t\t<\/dt><\/dl><br style=\"clear: both\" \/>\n\t\t<\/div>\n\n<p><!-- notionvc: c048d3f3-c051-4ca8-b7d6-faf83609b705 --><\/p>\n","protected":false},"excerpt":{"rendered":"<p>Um carro de som foi contratado para o evento, de modo que os dirigentes sindicais pudessem discursar para o p\u00fablico. Ao fazer uso da palavra, Iolanda Guindani lembrou o hist\u00f3rico de lutas da Carreira e ressaltou a necessidade da atua\u00e7\u00e3o estrat\u00e9gica e coordenada na busca pelos prop\u00f3sitos comuns.<\/p>\n","protected":false},"author":2,"featured_media":18510,"comment_status":"open","ping_status":"open","sticky":false,"template":"","format":"standard","meta":{"footnotes":""},"categories":[8],"tags":[66,43,23],"featured_image_url":"https:\/\/sinprofaz.org.br\/2024\/wp-content\/uploads\/2024\/07\/1.png","character_count":1256,"formatted_date":"03\/07\/2024 - 17:28","contentNovo":"Mais de 300 participantes garantiram o sucesso da Mobiliza\u00e7\u00e3o promovida hoje (3), em Bras\u00edlia\/DF, em prol da Valoriza\u00e7\u00e3o da Advocacia P\u00fablica Federal. Realizada na sede 3 da AGU, a concentra\u00e7\u00e3o contou com a ampla presen\u00e7a dos novos Membros, que manifestaram alinhamento e apoio ao SINPROFAZ e \u00e0s demais entidades associativas. Um carro de som foi contratado para o evento, de modo que os dirigentes sindicais pudessem discursar para o p\u00fablico. Ao fazer uso da palavra, a presidente do Sindicato, Iolanda Guindani, lembrou o hist\u00f3rico de lutas da Carreira e ressaltou a necessidade da atua\u00e7\u00e3o estrat\u00e9gica e coordenada na busca pelos prop\u00f3sitos comuns.\r\n\r\n\"Ingressei na AGU no ano de 2000. Desde ent\u00e3o, progredimos muito e conquistamos prerrogativas como a que hoje lutamos para defender. Para os novos, que est\u00e3o entrando agora na Advocacia-Geral da Uni\u00e3o, o que quero dizer \u00e9 que todas as conquistas foram obtidas com muita luta. Hoje, voc\u00eas s\u00e3o a grande for\u00e7a do Sindicato e das Associa\u00e7\u00f5es. Tenham consci\u00eancia da import\u00e2ncia da Fun\u00e7\u00e3o que desempenham, mas tenham tamb\u00e9m serenidade. Negocia\u00e7\u00f5es exigem estrat\u00e9gia. Manteremos a organiza\u00e7\u00e3o e, na Mesa Setorial, exigiremos o que nos \u00e9 de direito. Estamos todos lutando pelo mesmo objetivo e, ao final, alcan\u00e7aremos aquilo que desejamos\", discursou Iolanda Guindani.\r\n\r\n<strong>AGU mobilizada\r\n<\/strong>Tendo em vista o descontentamento geral com rela\u00e7\u00e3o \u00e0 primeira reuni\u00e3o da Mesa Setorial de Negocia\u00e7\u00e3o, SINPROFAZ e demais entidades deliberaram por atuar conjuntamente. Por isso, novas mobiliza\u00e7\u00f5es da Advocacia P\u00fablica Federal est\u00e3o sendo planejadas para o m\u00eas de julho. Aos Colegas de todo o pa\u00eds, o SINPROFAZ ressalta: quando for confirmada a realiza\u00e7\u00e3o da grande mobiliza\u00e7\u00e3o em meados do m\u00eas, filiadas e filiados ser\u00e3o informados e convidados para participar, seja da concentra\u00e7\u00e3o na capital federal, seja das reuni\u00f5es promovidas nas Unidades de lota\u00e7\u00e3o. Fundamental, agora, \u00e9 que a Carreira esteja unida. A for\u00e7a dos Membros da AGU surtir\u00e1 efeito.\r\n\r\n[gallery link=\"file\" ids=\"18511,18512,18513,18514,18515,18516,18517,18518,18519\"]\r\n\r\n","_links":{"self":[{"href":"https:\/\/sinprofaz.org.br\/2024\/wp-json\/wp\/v2\/posts\/18509"}],"collection":[{"href":"https:\/\/sinprofaz.org.br\/2024\/wp-json\/wp\/v2\/posts"}],"about":[{"href":"https:\/\/sinprofaz.org.br\/2024\/wp-json\/wp\/v2\/types\/post"}],"author":[{"embeddable":true,"href":"https:\/\/sinprofaz.org.br\/2024\/wp-json\/wp\/v2\/users\/2"}],"replies":[{"embeddable":true,"href":"https:\/\/sinprofaz.org.br\/2024\/wp-json\/wp\/v2\/comments?post=18509"}],"version-history":[{"count":3,"href":"https:\/\/sinprofaz.org.br\/2024\/wp-json\/wp\/v2\/posts\/18509\/revisions"}],"predecessor-version":[{"id":18522,"href":"https:\/\/sinprofaz.org.br\/2024\/wp-json\/wp\/v2\/posts\/18509\/revisions\/18522"}],"wp:featuredmedia":[{"embeddable":true,"href":"https:\/\/sinprofaz.org.br\/2024\/wp-json\/wp\/v2\/media\/18510"}],"wp:attachment":[{"href":"https:\/\/sinprofaz.org.br\/2024\/wp-json\/wp\/v2\/media?parent=18509"}],"wp:term":[{"taxonomy":"category","embeddable":true,"href":"https:\/\/sinprofaz.org.br\/2024\/wp-json\/wp\/v2\/categories?post=18509"},{"taxonomy":"post_tag","embeddable":true,"href":"https:\/\/sinprofaz.org.br\/2024\/wp-json\/wp\/v2\/tags?post=18509"}],"curies":[{"name":"wp","href":"https:\/\/api.w.org\/{rel}","templated":true}]}}