{"id":18498,"date":"2024-06-28T16:06:28","date_gmt":"2024-06-28T19:06:28","guid":{"rendered":"https:\/\/sinprofaz.org.br\/2024\/?p=18498"},"modified":"2024-07-01T15:49:42","modified_gmt":"2024-07-01T18:49:42","slug":"comunicado-entidades-convocam-mobilizacao-para-a-proxima-quarta-feira","status":"publish","type":"post","link":"https:\/\/sinprofaz.org.br\/2024\/noticias\/comunicado-entidades-convocam-mobilizacao-para-a-proxima-quarta-feira\/","title":{"rendered":"COMUNICADO: ENTIDADES CONVOCAM MOBILIZA\u00c7\u00c3O PARA A PR\u00d3XIMA QUARTA-FEIRA"},"content":{"rendered":"<p>Tendo em vista o descontentamento geral com rela\u00e7\u00e3o \u00e0 primeira reuni\u00e3o da Mesa Setorial de Negocia\u00e7\u00e3o, SINPROFAZ e demais entidades deliberaram por atuar conjuntamente. Assim, toda a Carreira est\u00e1 convocada para a\u00a0<strong>Mobiliza\u00e7\u00e3o Nacional pela Valoriza\u00e7\u00e3o da Advocacia P\u00fablica Federal<\/strong>, a ser realizada na pr\u00f3xima quarta-feira (3).<\/p>\n<p>A proposta das entidades \u00e9 que os Membros se re\u00fanam em todos os Estados, nos hor\u00e1rios que julgarem adequados. Para os Colegas de Bras\u00edlia\/DF, a concentra\u00e7\u00e3o ocorrer\u00e1 a partir das 13h, na Sede III da AGU (localizada no Setor de Ind\u00fastrias Gr\u00e1ficas), onde ocorre o Curso de Forma\u00e7\u00e3o dos novos Membros.<\/p>\n<p>Mais informa\u00e7\u00f5es sobre a Mobiliza\u00e7\u00e3o ser\u00e3o divulgadas em breve.<\/p>\n<p><!-- notionvc: 842af835-002c-4421-8905-9af61f3f8d03 --><\/p>\n","protected":false},"excerpt":{"rendered":"<p>Tendo em vista o descontentamento geral com rela\u00e7\u00e3o \u00e0 primeira reuni\u00e3o da Mesa Setorial de Negocia\u00e7\u00e3o, SINPROFAZ e demais entidades deliberaram por atuar conjuntamente. Assim, toda a Carreira est\u00e1 convocada para a Mobiliza\u00e7\u00e3o pela Valoriza\u00e7\u00e3o da Advocacia P\u00fablica Federal!<\/p>\n","protected":false},"author":2,"featured_media":18499,"comment_status":"open","ping_status":"open","sticky":false,"template":"","format":"standard","meta":{"footnotes":""},"categories":[8],"tags":[66,23,25],"featured_image_url":"https:\/\/sinprofaz.org.br\/2024\/wp-content\/uploads\/2024\/06\/SINPROFAZ_Marcha_03_julho_CARD1.png","character_count":361,"formatted_date":"28\/06\/2024 - 16:06","contentNovo":"Tendo em vista o descontentamento geral com rela\u00e7\u00e3o \u00e0 primeira reuni\u00e3o da Mesa Setorial de Negocia\u00e7\u00e3o, SINPROFAZ e demais entidades deliberaram por atuar conjuntamente. Assim, toda a Carreira est\u00e1 convocada para a\u00a0<strong>Mobiliza\u00e7\u00e3o Nacional pela Valoriza\u00e7\u00e3o da Advocacia P\u00fablica Federal<\/strong>, a ser realizada na pr\u00f3xima quarta-feira (3).\r\n\r\nA proposta das entidades \u00e9 que os Membros se re\u00fanam em todos os Estados, nos hor\u00e1rios que julgarem adequados. Para os Colegas de Bras\u00edlia\/DF, a concentra\u00e7\u00e3o ocorrer\u00e1 a partir das 13h, na Sede III da AGU (localizada no Setor de Ind\u00fastrias Gr\u00e1ficas), onde ocorre o Curso de Forma\u00e7\u00e3o dos novos Membros.\r\n\r\nMais informa\u00e7\u00f5es sobre a Mobiliza\u00e7\u00e3o ser\u00e3o divulgadas em breve.\r\n\r\n","_links":{"self":[{"href":"https:\/\/sinprofaz.org.br\/2024\/wp-json\/wp\/v2\/posts\/18498"}],"collection":[{"href":"https:\/\/sinprofaz.org.br\/2024\/wp-json\/wp\/v2\/posts"}],"about":[{"href":"https:\/\/sinprofaz.org.br\/2024\/wp-json\/wp\/v2\/types\/post"}],"author":[{"embeddable":true,"href":"https:\/\/sinprofaz.org.br\/2024\/wp-json\/wp\/v2\/users\/2"}],"replies":[{"embeddable":true,"href":"https:\/\/sinprofaz.org.br\/2024\/wp-json\/wp\/v2\/comments?post=18498"}],"version-history":[{"count":2,"href":"https:\/\/sinprofaz.org.br\/2024\/wp-json\/wp\/v2\/posts\/18498\/revisions"}],"predecessor-version":[{"id":18508,"href":"https:\/\/sinprofaz.org.br\/2024\/wp-json\/wp\/v2\/posts\/18498\/revisions\/18508"}],"wp:featuredmedia":[{"embeddable":true,"href":"https:\/\/sinprofaz.org.br\/2024\/wp-json\/wp\/v2\/media\/18499"}],"wp:attachment":[{"href":"https:\/\/sinprofaz.org.br\/2024\/wp-json\/wp\/v2\/media?parent=18498"}],"wp:term":[{"taxonomy":"category","embeddable":true,"href":"https:\/\/sinprofaz.org.br\/2024\/wp-json\/wp\/v2\/categories?post=18498"},{"taxonomy":"post_tag","embeddable":true,"href":"https:\/\/sinprofaz.org.br\/2024\/wp-json\/wp\/v2\/tags?post=18498"}],"curies":[{"name":"wp","href":"https:\/\/api.w.org\/{rel}","templated":true}]}}