{"id":18484,"date":"2024-06-27T08:35:11","date_gmt":"2024-06-27T11:35:11","guid":{"rendered":"https:\/\/sinprofaz.org.br\/2024\/?p=18484"},"modified":"2024-06-28T08:37:03","modified_gmt":"2024-06-28T11:37:03","slug":"sinprofaz-repudia-tratamento-recebido-dos-gestores-do-mgi","status":"publish","type":"post","link":"https:\/\/sinprofaz.org.br\/2024\/noticias\/sinprofaz-repudia-tratamento-recebido-dos-gestores-do-mgi\/","title":{"rendered":"SINPROFAZ REPUDIA TRATAMENTO RECEBIDO DOS GESTORES DO MGI"},"content":{"rendered":"<p>O SINPROFAZ, representado pela presidente, Iolanda Guindani, e pelo vice-presidente, Ricardo Queiroz, compareceu ontem (26) \u00e0 primeira reuni\u00e3o da Mesa Setorial de Negocia\u00e7\u00e3o da Advocacia P\u00fablica Federal. A reuni\u00e3o foi conduzida por Jos\u00e9 Lopez Feij\u00f3o, secret\u00e1rio de Rela\u00e7\u00f5es de Trabalho do Minist\u00e9rio da Gest\u00e3o e da Inova\u00e7\u00e3o em Servi\u00e7os P\u00fablicos, e tamb\u00e9m contou com a presen\u00e7a de integrantes da c\u00fapula da AGU e das demais entidades representativas dos Membros. Em geral, os presentes sa\u00edram da reuni\u00e3o absolutamente insatisfeitos com o tratamento conferido pelos gestores do MGI, que demonstraram total desconhecimento com rela\u00e7\u00e3o \u00e0s prerrogativas das carreiras.<\/p>\n<p>Na ocasi\u00e3o, os representantes do Minist\u00e9rio questionaram a percep\u00e7\u00e3o, pelos advogados p\u00fablicos federais, da verba privada prevista no C\u00f3digo de Processo Civil, regulamentada em lei e ratificada pelo Supremo Tribunal Federal. O SINPROFAZ destaca: o tema em quest\u00e3o n\u00e3o \u00e9 e nem ser\u00e1 objeto de debate junto ao MGI, uma vez que \u00e9 assunto alheio \u00e0 pauta da Mesa e pertinente, apenas, \u00e0 Advocacia-Geral da Uni\u00e3o.\u00a0<strong>Assim, a Diretoria vem tranquilizar os PFNs com rela\u00e7\u00e3o ao assunto e\u00a0REPUDIAR todos os ataques sofridos ao longo da reuni\u00e3o, os quais v\u00e3o de encontro ao tratamento devido \u00e0s carreiras da AGU, que, a despeito de desempenharem\u00a0Fun\u00e7\u00e3o Essencial \u00e0 Justi\u00e7a, percebem sal\u00e1rio extremamente defasado quando comparado \u00e0s demais FEJs.<\/strong><\/p>\n<p>Para apresentar um balan\u00e7o do primeiro encontro da Mesa, a Presid\u00eancia do SINPROFAZ promoveu uma\u00a0<em>live<\/em>\u00a0com a participa\u00e7\u00e3o de filiadas e filiados. A reuni\u00e3o on-line deixou evidente o sentimento coletivo de decep\u00e7\u00e3o e a necessidade da tomada de medidas capazes de for\u00e7ar, de fato, uma negocia\u00e7\u00e3o. Com o intuito de debater as sugest\u00f5es apresentadas pelos Colegas ao longo da\u00a0<em>live<\/em>, a Diretoria do SINPROFAZ se reuniu na manh\u00e3 desta quinta-feira. Pessoalmente insatisfeitos com a primeira rodada da Mesa Setorial e cientes da disposi\u00e7\u00e3o das carreiras para a luta conjunta, os dirigentes sindicais deliberaram unanimemente pela manuten\u00e7\u00e3o e radicaliza\u00e7\u00e3o\u00a0da mobiliza\u00e7\u00e3o nacional.<\/p>\n<p>A Diretoria do SINPROFAZ &#8211; com a parcim\u00f4nia que h\u00e1 anos caracteriza seus assertivos posicionamentos em defesa da Carreira &#8211; entende que o momento demanda a atua\u00e7\u00e3o absolutamente coordenada com as demais entidades representativas. Por isso, foi agendada para esta tarde uma reuni\u00e3o entre os dirigentes associativos com vistas ao alinhamento das estrat\u00e9gias e \u00e0 defini\u00e7\u00e3o das medidas a serem tomadas. O SINPROFAZ considera que o cen\u00e1rio atual requer a uni\u00e3o dos Membros da AGU, n\u00e3o a ado\u00e7\u00e3o de provid\u00eancias isoladas. Nesse sentido, ressalta: se assim for decidido, Sindicato e Associa\u00e7\u00f5es ir\u00e3o \u00e0s \u00faltimas consequ\u00eancias para o alcance do merecido sucesso dos advogados p\u00fablicos federais.<\/p>\n<p><!-- notionvc: 70abe0a0-87e1-4995-933d-80b3e4aaace8 --><\/p>\n\n\t\t<style type=\"text\/css\">\n\t\t\t#gallery-1 {\n\t\t\t\tmargin: auto;\n\t\t\t}\n\t\t\t#gallery-1 .gallery-item {\n\t\t\t\tfloat: left;\n\t\t\t\tmargin-top: 10px;\n\t\t\t\ttext-align: center;\n\t\t\t\twidth: 33%;\n\t\t\t}\n\t\t\t#gallery-1 img {\n\t\t\t\tborder: 2px solid #cfcfcf;\n\t\t\t}\n\t\t\t#gallery-1 .gallery-caption {\n\t\t\t\tmargin-left: 0;\n\t\t\t}\n\t\t\t\/* see gallery_shortcode() in wp-includes\/media.php *\/\n\t\t<\/style>\n\t\t<div id='gallery-1' class='gallery galleryid-18484 gallery-columns-3 gallery-size-thumbnail'><dl class='gallery-item'>\n\t\t\t<dt class='gallery-icon landscape'>\n\t\t\t\t<a href='https:\/\/sinprofaz.org.br\/2024\/wp-content\/uploads\/2024\/06\/MGI-2.png'><img loading=\"lazy\" decoding=\"async\" width=\"150\" height=\"150\" src=\"https:\/\/sinprofaz.org.br\/2024\/wp-content\/uploads\/2024\/06\/MGI-2-150x150.png\" class=\"attachment-thumbnail size-thumbnail\" alt=\"\" \/><\/a>\n\t\t\t<\/dt><\/dl><dl class='gallery-item'>\n\t\t\t<dt class='gallery-icon landscape'>\n\t\t\t\t<a href='https:\/\/sinprofaz.org.br\/2024\/wp-content\/uploads\/2024\/06\/MGI-3.png'><img loading=\"lazy\" decoding=\"async\" width=\"150\" height=\"150\" src=\"https:\/\/sinprofaz.org.br\/2024\/wp-content\/uploads\/2024\/06\/MGI-3-150x150.png\" class=\"attachment-thumbnail size-thumbnail\" alt=\"\" \/><\/a>\n\t\t\t<\/dt><\/dl><dl class='gallery-item'>\n\t\t\t<dt class='gallery-icon landscape'>\n\t\t\t\t<a href='https:\/\/sinprofaz.org.br\/2024\/wp-content\/uploads\/2024\/06\/MGI-4.png'><img loading=\"lazy\" decoding=\"async\" width=\"150\" height=\"150\" src=\"https:\/\/sinprofaz.org.br\/2024\/wp-content\/uploads\/2024\/06\/MGI-4-150x150.png\" class=\"attachment-thumbnail size-thumbnail\" alt=\"\" \/><\/a>\n\t\t\t<\/dt><\/dl><br style=\"clear: both\" \/><dl class='gallery-item'>\n\t\t\t<dt class='gallery-icon landscape'>\n\t\t\t\t<a href='https:\/\/sinprofaz.org.br\/2024\/wp-content\/uploads\/2024\/06\/MGI-5.png'><img loading=\"lazy\" decoding=\"async\" width=\"150\" height=\"150\" src=\"https:\/\/sinprofaz.org.br\/2024\/wp-content\/uploads\/2024\/06\/MGI-5-150x150.png\" class=\"attachment-thumbnail size-thumbnail\" alt=\"\" \/><\/a>\n\t\t\t<\/dt><\/dl>\n\t\t\t<br style='clear: both' \/>\n\t\t<\/div>\n\n","protected":false},"excerpt":{"rendered":"<p>A Diretoria do SINPROFAZ considera que o cen\u00e1rio atual requer a uni\u00e3o dos Membros da AGU, n\u00e3o a ado\u00e7\u00e3o de provid\u00eancias isoladas. Nesse sentido, ressalta: se assim for decidido, Sindicato e Associa\u00e7\u00f5es ir\u00e3o \u00e0s \u00faltimas consequ\u00eancias para o alcance do merecido sucesso dos advogados p\u00fablicos federais.<\/p>\n","protected":false},"author":2,"featured_media":18485,"comment_status":"open","ping_status":"open","sticky":false,"template":"","format":"standard","meta":{"footnotes":""},"categories":[8],"tags":[66,43,25],"featured_image_url":"https:\/\/sinprofaz.org.br\/2024\/wp-content\/uploads\/2024\/06\/MGI-1.png","character_count":1630,"formatted_date":"27\/06\/2024 - 08:35","contentNovo":"O SINPROFAZ, representado pela presidente, Iolanda Guindani, e pelo vice-presidente, Ricardo Queiroz, compareceu ontem (26) \u00e0 primeira reuni\u00e3o da Mesa Setorial de Negocia\u00e7\u00e3o da Advocacia P\u00fablica Federal. A reuni\u00e3o foi conduzida por Jos\u00e9 Lopez Feij\u00f3o, secret\u00e1rio de Rela\u00e7\u00f5es de Trabalho do Minist\u00e9rio da Gest\u00e3o e da Inova\u00e7\u00e3o em Servi\u00e7os P\u00fablicos, e tamb\u00e9m contou com a presen\u00e7a de integrantes da c\u00fapula da AGU e das demais entidades representativas dos Membros. Em geral, os presentes sa\u00edram da reuni\u00e3o absolutamente insatisfeitos com o tratamento conferido pelos gestores do MGI, que demonstraram total desconhecimento com rela\u00e7\u00e3o \u00e0s prerrogativas das carreiras.\r\n\r\nNa ocasi\u00e3o, os representantes do Minist\u00e9rio questionaram a percep\u00e7\u00e3o, pelos advogados p\u00fablicos federais, da verba privada prevista no C\u00f3digo de Processo Civil, regulamentada em lei e ratificada pelo Supremo Tribunal Federal. O SINPROFAZ destaca: o tema em quest\u00e3o n\u00e3o \u00e9 e nem ser\u00e1 objeto de debate junto ao MGI, uma vez que \u00e9 assunto alheio \u00e0 pauta da Mesa e pertinente, apenas, \u00e0 Advocacia-Geral da Uni\u00e3o.\u00a0<strong>Assim, a Diretoria vem tranquilizar os PFNs com rela\u00e7\u00e3o ao assunto e\u00a0REPUDIAR todos os ataques sofridos ao longo da reuni\u00e3o, os quais v\u00e3o de encontro ao tratamento devido \u00e0s carreiras da AGU, que, a despeito de desempenharem\u00a0Fun\u00e7\u00e3o Essencial \u00e0 Justi\u00e7a, percebem sal\u00e1rio extremamente defasado quando comparado \u00e0s demais FEJs.<\/strong>\r\n\r\nPara apresentar um balan\u00e7o do primeiro encontro da Mesa, a Presid\u00eancia do SINPROFAZ promoveu uma\u00a0<em>live<\/em>\u00a0com a participa\u00e7\u00e3o de filiadas e filiados. A reuni\u00e3o on-line deixou evidente o sentimento coletivo de decep\u00e7\u00e3o e a necessidade da tomada de medidas capazes de for\u00e7ar, de fato, uma negocia\u00e7\u00e3o. Com o intuito de debater as sugest\u00f5es apresentadas pelos Colegas ao longo da\u00a0<em>live<\/em>, a Diretoria do SINPROFAZ se reuniu na manh\u00e3 desta quinta-feira. Pessoalmente insatisfeitos com a primeira rodada da Mesa Setorial e cientes da disposi\u00e7\u00e3o das carreiras para a luta conjunta, os dirigentes sindicais deliberaram unanimemente pela manuten\u00e7\u00e3o e radicaliza\u00e7\u00e3o\u00a0da mobiliza\u00e7\u00e3o nacional.\r\n\r\nA Diretoria do SINPROFAZ - com a parcim\u00f4nia que h\u00e1 anos caracteriza seus assertivos posicionamentos em defesa da Carreira - entende que o momento demanda a atua\u00e7\u00e3o absolutamente coordenada com as demais entidades representativas. Por isso, foi agendada para esta tarde uma reuni\u00e3o entre os dirigentes associativos com vistas ao alinhamento das estrat\u00e9gias e \u00e0 defini\u00e7\u00e3o das medidas a serem tomadas. O SINPROFAZ considera que o cen\u00e1rio atual requer a uni\u00e3o dos Membros da AGU, n\u00e3o a ado\u00e7\u00e3o de provid\u00eancias isoladas. Nesse sentido, ressalta: se assim for decidido, Sindicato e Associa\u00e7\u00f5es ir\u00e3o \u00e0s \u00faltimas consequ\u00eancias para o alcance do merecido sucesso dos advogados p\u00fablicos federais.\r\n\r\n\r\n\r\n[gallery link=\"file\" ids=\"18486,18487,18488,18489\"]","_links":{"self":[{"href":"https:\/\/sinprofaz.org.br\/2024\/wp-json\/wp\/v2\/posts\/18484"}],"collection":[{"href":"https:\/\/sinprofaz.org.br\/2024\/wp-json\/wp\/v2\/posts"}],"about":[{"href":"https:\/\/sinprofaz.org.br\/2024\/wp-json\/wp\/v2\/types\/post"}],"author":[{"embeddable":true,"href":"https:\/\/sinprofaz.org.br\/2024\/wp-json\/wp\/v2\/users\/2"}],"replies":[{"embeddable":true,"href":"https:\/\/sinprofaz.org.br\/2024\/wp-json\/wp\/v2\/comments?post=18484"}],"version-history":[{"count":1,"href":"https:\/\/sinprofaz.org.br\/2024\/wp-json\/wp\/v2\/posts\/18484\/revisions"}],"predecessor-version":[{"id":18490,"href":"https:\/\/sinprofaz.org.br\/2024\/wp-json\/wp\/v2\/posts\/18484\/revisions\/18490"}],"wp:featuredmedia":[{"embeddable":true,"href":"https:\/\/sinprofaz.org.br\/2024\/wp-json\/wp\/v2\/media\/18485"}],"wp:attachment":[{"href":"https:\/\/sinprofaz.org.br\/2024\/wp-json\/wp\/v2\/media?parent=18484"}],"wp:term":[{"taxonomy":"category","embeddable":true,"href":"https:\/\/sinprofaz.org.br\/2024\/wp-json\/wp\/v2\/categories?post=18484"},{"taxonomy":"post_tag","embeddable":true,"href":"https:\/\/sinprofaz.org.br\/2024\/wp-json\/wp\/v2\/tags?post=18484"}],"curies":[{"name":"wp","href":"https:\/\/api.w.org\/{rel}","templated":true}]}}