{"id":18480,"date":"2024-06-27T13:37:48","date_gmt":"2024-06-27T16:37:48","guid":{"rendered":"https:\/\/sinprofaz.org.br\/2024\/?p=18480"},"modified":"2024-06-28T14:59:20","modified_gmt":"2024-06-28T17:59:20","slug":"nota-de-repudio-do-sinprofaz","status":"publish","type":"post","link":"https:\/\/sinprofaz.org.br\/2024\/noticias\/nota-de-repudio-do-sinprofaz\/","title":{"rendered":"NOTA DE REP\u00daDIO DO SINPROFAZ"},"content":{"rendered":"<p>1. O Sindicato Nacional dos Procuradores da Fazenda Nacional &#8211; SINPROFAZ vem a p\u00fablico prestar apoio, aos PFNs rec\u00e9m-empossados, pelo ocorrido na presente data, em palestra do Curso de Forma\u00e7\u00e3o com representante do Minist\u00e9rio da Gest\u00e3o e da Inova\u00e7\u00e3o, acompanhado da Consultoria Jur\u00eddica.<\/p>\n<p>2. O SINPROFAZ considera inaceit\u00e1vel a abordagem intimidadora sofrida por aqueles que se manifestaram, \u00e0 luz do \u00a7 1\u00ba do art. 39 da Constitui\u00e7\u00e3o Federal, acerca do t\u00f3pico abordado durante a palestra, em afronta \u00e0 Advocacia P\u00fablica &#8211; que, sabidamente, \u00e9 Fun\u00e7\u00e3o Essencial \u00e0 Justi\u00e7a.<\/p>\n<p>3. Entendemos imperativo que o direito \u00e0 livre manifesta\u00e7\u00e3o e ao questionamento respeitoso seja preservado e protegido em todos os espa\u00e7os, principalmente em contextos educacionais e profissionais. Atitudes repressivas como a que hoje ocorreu s\u00e3o incompat\u00edveis com os princ\u00edpios democr\u00e1ticos que norteiam nossas institui\u00e7\u00f5es.<\/p>\n<p>4. Diante disso, reafirmamos nosso compromisso na defesa do exerc\u00edcio di\u00e1rio das fun\u00e7\u00f5es das Procuradoras e dos Procuradores da Fazenda Nacional, bem como refor\u00e7amos nosso posicionamento pela valoriza\u00e7\u00e3o das carreiras que comp\u00f5em a Advocacia-Geral da Uni\u00e3o e que prestam servi\u00e7os jur\u00eddicos com alto grau de responsabilidade e complexidade &#8211; essenciais ao pleno funcionamento e desenvolvimento do Estado brasileiro.<\/p>\n<p>Bras\u00edlia\/DF, 27 de junho de 2024.<\/p>\n<p><!-- notionvc: 48f14d82-ca1e-4340-ab15-ed1dcbf37ec4 --><\/p>\n","protected":false},"excerpt":{"rendered":"<p>O Sindicato Nacional dos Procuradores da Fazenda Nacional &#8211; SINPROFAZ vem a p\u00fablico prestar apoio, aos Procuradores da Fazenda Nacional rec\u00e9m-empossados, pelo ocorrido na presente data, em palestra do Curso de Forma\u00e7\u00e3o com representante do Minist\u00e9rio da Gest\u00e3o e da Inova\u00e7\u00e3o em Servi\u00e7os P\u00fablicos, acompanhado da Consultoria Jur\u00eddica.<\/p>\n","protected":false},"author":2,"featured_media":17269,"comment_status":"open","ping_status":"open","sticky":false,"template":"","format":"standard","meta":{"footnotes":""},"categories":[8],"tags":[66,146,44,25],"featured_image_url":"https:\/\/sinprofaz.org.br\/2024\/wp-content\/uploads\/2023\/12\/1-1-1.png","character_count":704,"formatted_date":"27\/06\/2024 - 13:37","contentNovo":"1. O Sindicato Nacional dos Procuradores da Fazenda Nacional - SINPROFAZ vem a p\u00fablico prestar apoio, aos PFNs rec\u00e9m-empossados, pelo ocorrido na presente data, em palestra do Curso de Forma\u00e7\u00e3o com representante do Minist\u00e9rio da Gest\u00e3o e da Inova\u00e7\u00e3o, acompanhado da Consultoria Jur\u00eddica.\r\n\r\n2. O SINPROFAZ considera inaceit\u00e1vel a abordagem intimidadora sofrida por aqueles que se manifestaram, \u00e0 luz do \u00a7 1\u00ba do art. 39 da Constitui\u00e7\u00e3o Federal, acerca do t\u00f3pico abordado durante a palestra, em afronta \u00e0 Advocacia P\u00fablica - que, sabidamente, \u00e9 Fun\u00e7\u00e3o Essencial \u00e0 Justi\u00e7a.\r\n\r\n3. Entendemos imperativo que o direito \u00e0 livre manifesta\u00e7\u00e3o e ao questionamento respeitoso seja preservado e protegido em todos os espa\u00e7os, principalmente em contextos educacionais e profissionais. Atitudes repressivas como a que hoje ocorreu s\u00e3o incompat\u00edveis com os princ\u00edpios democr\u00e1ticos que norteiam nossas institui\u00e7\u00f5es.\r\n\r\n4. Diante disso, reafirmamos nosso compromisso na defesa do exerc\u00edcio di\u00e1rio das fun\u00e7\u00f5es das Procuradoras e dos Procuradores da Fazenda Nacional, bem como refor\u00e7amos nosso posicionamento pela valoriza\u00e7\u00e3o das carreiras que comp\u00f5em a Advocacia-Geral da Uni\u00e3o e que prestam servi\u00e7os jur\u00eddicos com alto grau de responsabilidade e complexidade - essenciais ao pleno funcionamento e desenvolvimento do Estado brasileiro.\r\n\r\nBras\u00edlia\/DF, 27 de junho de 2024.\r\n\r\n","_links":{"self":[{"href":"https:\/\/sinprofaz.org.br\/2024\/wp-json\/wp\/v2\/posts\/18480"}],"collection":[{"href":"https:\/\/sinprofaz.org.br\/2024\/wp-json\/wp\/v2\/posts"}],"about":[{"href":"https:\/\/sinprofaz.org.br\/2024\/wp-json\/wp\/v2\/types\/post"}],"author":[{"embeddable":true,"href":"https:\/\/sinprofaz.org.br\/2024\/wp-json\/wp\/v2\/users\/2"}],"replies":[{"embeddable":true,"href":"https:\/\/sinprofaz.org.br\/2024\/wp-json\/wp\/v2\/comments?post=18480"}],"version-history":[{"count":2,"href":"https:\/\/sinprofaz.org.br\/2024\/wp-json\/wp\/v2\/posts\/18480\/revisions"}],"predecessor-version":[{"id":18497,"href":"https:\/\/sinprofaz.org.br\/2024\/wp-json\/wp\/v2\/posts\/18480\/revisions\/18497"}],"wp:featuredmedia":[{"embeddable":true,"href":"https:\/\/sinprofaz.org.br\/2024\/wp-json\/wp\/v2\/media\/17269"}],"wp:attachment":[{"href":"https:\/\/sinprofaz.org.br\/2024\/wp-json\/wp\/v2\/media?parent=18480"}],"wp:term":[{"taxonomy":"category","embeddable":true,"href":"https:\/\/sinprofaz.org.br\/2024\/wp-json\/wp\/v2\/categories?post=18480"},{"taxonomy":"post_tag","embeddable":true,"href":"https:\/\/sinprofaz.org.br\/2024\/wp-json\/wp\/v2\/tags?post=18480"}],"curies":[{"name":"wp","href":"https:\/\/api.w.org\/{rel}","templated":true}]}}