{"id":1847,"date":"2014-07-24T14:59:38","date_gmt":"2014-07-24T14:59:38","guid":{"rendered":""},"modified":"-0001-11-30T00:00:00","modified_gmt":"-0001-11-30T03:00:00","slug":"honorarios-sinprofaz-com-paim-no-rio-grande-do-sul","status":"publish","type":"post","link":"https:\/\/sinprofaz.org.br\/2024\/noticias\/honorarios-sinprofaz-com-paim-no-rio-grande-do-sul\/","title":{"rendered":"Honor\u00e1rios: SINPROFAZ com Paim no Rio Grande do Sul"},"content":{"rendered":"<p><img loading=\"lazy\" decoding=\"async\" style=\"margin-right: 10px; margin-bottom: 5px; float: left;\" alt=\"honorarios-sinprofaz-com-paim-rio-grande-do-sul\" src=\"images\/noticias\/honorarios-sinprofaz-com-paim-rio-grande-do-sul.jpg\" height=\"150\" width=\"200\" \/>No dia 22\/07, uma comiss\u00e3o de Advogados P\u00fablicos foi recebida pelo senador Paulo Paim em Canoas\/RS. Na ocasi\u00e3o foram explanadas as dez raz\u00f5es para manuten\u00e7\u00e3o do \u00a719 do art. 85 do Projeto do Novo CPC.<\/p>\n<p>O senador penhorou seu apoio ao pleito e levou consigo a cartilha elaborada pelo Movimento Pr\u00f3-honor\u00e1rios, para leitura em plen\u00e1rio.<\/p>\n<p>A representante do SINPROFAZ, Iolanda Guindani, sublinhou a quest\u00e3o da n\u00e3o ultrapassagem do teto, fato que o senador considerou de extrema relev\u00e2ncia, pois a preocupa\u00e7\u00e3o do governo \u00e9 de que o mesmo seja obedecido.<\/p>\n<p>O SINPROFAZ tamb\u00e9m chamou aten\u00e7\u00e3o para o fato de que na maioria dos estados os honor\u00e1rios j\u00e1 est\u00e3o sendo destinados aos respectivos procuradores e que o \u00a719 remete ao texto de lei. Sa\u00edram todos com o sentimento de que temos um forte aliado nesta luta em prol dos honor\u00e1rios.<\/p>\n<p>Procuradores presentes: Dra. Iolanda Guindani, PFN, representando o SINPROFAZ, Dr. Arodi de Lima Gomes, Procurador Federal\/AGU, Dr.Telmo Lemos Filho, Vice-Presidente da ANAPE, Dr. Jos\u00e9 Roberto Sobreiro, APMPA &#8211; Associa\u00e7\u00e3o dos Procuradores Municipais de Porto Alegre, Dr. Luiz Fernando Barbosa dos Santos, Presidente da Associa\u00e7\u00e3o dos Procuradores do Estado do RS, Dr. Jorge Terra, Diretor de direitos Humanos da Associa\u00e7\u00e3o dos Procuradores do RS, Dr. Armando J.C. Domingues, Associa\u00e7\u00e3o dos Procuradores Municipais de POA e Dra.Fabiana Azevedo da Cunha Barth, Vice Presidente da Comiss\u00e3o Nacional da Advocacia P\u00fablica.<\/p>\n","protected":false},"excerpt":{"rendered":"<p>No dia 22\/07, uma comiss\u00e3o de Advogados P\u00fablicos foi recebida pelo senador Paulo Paim em Canoas\/RS. Na ocasi\u00e3o foram explanadas as dez raz\u00f5es para manuten\u00e7\u00e3o do \u00a719 do art. 85 do Projeto do Novo CPC.<\/p>\n","protected":false},"author":1,"featured_media":0,"comment_status":"closed","ping_status":"open","sticky":false,"template":"","format":"standard","meta":{"footnotes":""},"categories":[8],"tags":[],"featured_image_url":"https:\/\/dummyimage.com\/720x400","character_count":741,"formatted_date":"24\/07\/2014 - 14:59","contentNovo":"\r\n<p>No dia 22\/07, uma comiss\u00e3o de Advogados P\u00fablicos foi recebida pelo senador Paulo Paim em Canoas\/RS. Na ocasi\u00e3o foram explanadas as dez raz\u00f5es para manuten\u00e7\u00e3o do \u00a719 do art. 85 do Projeto do Novo CPC.<\/p>\r\n<p>O senador penhorou seu apoio ao pleito e levou consigo a cartilha elaborada pelo Movimento Pr\u00f3-honor\u00e1rios, para leitura em plen\u00e1rio.<\/p>\r\n<p>A representante do SINPROFAZ, Iolanda Guindani, sublinhou a quest\u00e3o da n\u00e3o ultrapassagem do teto, fato que o senador considerou de extrema relev\u00e2ncia, pois a preocupa\u00e7\u00e3o do governo \u00e9 de que o mesmo seja obedecido.<\/p>\r\n<p>O SINPROFAZ tamb\u00e9m chamou aten\u00e7\u00e3o para o fato de que na maioria dos estados os honor\u00e1rios j\u00e1 est\u00e3o sendo destinados aos respectivos procuradores e que o \u00a719 remete ao texto de lei. Sa\u00edram todos com o sentimento de que temos um forte aliado nesta luta em prol dos honor\u00e1rios.<\/p>\r\n<p>Procuradores presentes: Dra. Iolanda Guindani, PFN, representando o SINPROFAZ, Dr. Arodi de Lima Gomes, Procurador Federal\/AGU, Dr.Telmo Lemos Filho, Vice-Presidente da ANAPE, Dr. Jos\u00e9 Roberto Sobreiro, APMPA - Associa\u00e7\u00e3o dos Procuradores Municipais de Porto Alegre, Dr. Luiz Fernando Barbosa dos Santos, Presidente da Associa\u00e7\u00e3o dos Procuradores do Estado do RS, Dr. Jorge Terra, Diretor de direitos Humanos da Associa\u00e7\u00e3o dos Procuradores do RS, Dr. Armando J.C. Domingues, Associa\u00e7\u00e3o dos Procuradores Municipais de POA e Dra.Fabiana Azevedo da Cunha Barth, Vice Presidente da Comiss\u00e3o Nacional da Advocacia P\u00fablica.<\/p>","_links":{"self":[{"href":"https:\/\/sinprofaz.org.br\/2024\/wp-json\/wp\/v2\/posts\/1847"}],"collection":[{"href":"https:\/\/sinprofaz.org.br\/2024\/wp-json\/wp\/v2\/posts"}],"about":[{"href":"https:\/\/sinprofaz.org.br\/2024\/wp-json\/wp\/v2\/types\/post"}],"author":[{"embeddable":true,"href":"https:\/\/sinprofaz.org.br\/2024\/wp-json\/wp\/v2\/users\/1"}],"replies":[{"embeddable":true,"href":"https:\/\/sinprofaz.org.br\/2024\/wp-json\/wp\/v2\/comments?post=1847"}],"version-history":[{"count":0,"href":"https:\/\/sinprofaz.org.br\/2024\/wp-json\/wp\/v2\/posts\/1847\/revisions"}],"wp:attachment":[{"href":"https:\/\/sinprofaz.org.br\/2024\/wp-json\/wp\/v2\/media?parent=1847"}],"wp:term":[{"taxonomy":"category","embeddable":true,"href":"https:\/\/sinprofaz.org.br\/2024\/wp-json\/wp\/v2\/categories?post=1847"},{"taxonomy":"post_tag","embeddable":true,"href":"https:\/\/sinprofaz.org.br\/2024\/wp-json\/wp\/v2\/tags?post=1847"}],"curies":[{"name":"wp","href":"https:\/\/api.w.org\/{rel}","templated":true}]}}