{"id":18469,"date":"2024-06-25T08:25:12","date_gmt":"2024-06-25T11:25:12","guid":{"rendered":"https:\/\/sinprofaz.org.br\/2024\/?p=18469"},"modified":"2024-06-27T13:56:48","modified_gmt":"2024-06-27T16:56:48","slug":"sinprofaz-e-recebido-pelo-ministro-da-fazenda-fernando-haddad","status":"publish","type":"post","link":"https:\/\/sinprofaz.org.br\/2024\/noticias\/sinprofaz-e-recebido-pelo-ministro-da-fazenda-fernando-haddad\/","title":{"rendered":"SINPROFAZ \u00c9 RECEBIDO PELO MINISTRO DA FAZENDA, FERNANDO HADDAD"},"content":{"rendered":"<p>O SINPROFAZ e a Carreira receberam ontem (24) um importante apoio: o Ministro da Fazenda, Fernando Haddad, disp\u00f4s-se a colaborar com a AGU para o alcance da recomposi\u00e7\u00e3o do subs\u00eddio junto \u00e0 Mesa Setorial de Negocia\u00e7\u00e3o. No encontro em Bras\u00edlia\/DF, o SINPROFAZ foi representado pelo Diretor Roberto Rodrigues, que exp\u00f4s ao Ministro a quest\u00e3o da defasagem salarial em rela\u00e7\u00e3o a outras carreiras do Executivo e pleiteou a interven\u00e7\u00e3o do Minist\u00e9rio.<\/p>\n<p>O encontro foi um pedido feito pela Presidente, Iolanda Guindani, \u00e0 Procuradora-Geral da Fazenda Nacional, Anelize Ruas. Em fun\u00e7\u00e3o dos problemas de tr\u00e1fego a\u00e9reo enfrentados no Rio Grande do Sul, a Presidente do SINPROFAZ n\u00e3o conseguiu chegar a Bras\u00edlia em tempo. Coube a Roberto Rodrigues, ent\u00e3o, a incumb\u00eancia de demonstrar ao Ministro a import\u00e2ncia de medidas capazes de reter os talentos da Carreira e de fortalecer ainda mais a Procuradoria da Fazenda Nacional.<\/p>\n\n\t\t<style type=\"text\/css\">\n\t\t\t#gallery-1 {\n\t\t\t\tmargin: auto;\n\t\t\t}\n\t\t\t#gallery-1 .gallery-item {\n\t\t\t\tfloat: left;\n\t\t\t\tmargin-top: 10px;\n\t\t\t\ttext-align: center;\n\t\t\t\twidth: 33%;\n\t\t\t}\n\t\t\t#gallery-1 img {\n\t\t\t\tborder: 2px solid #cfcfcf;\n\t\t\t}\n\t\t\t#gallery-1 .gallery-caption {\n\t\t\t\tmargin-left: 0;\n\t\t\t}\n\t\t\t\/* see gallery_shortcode() in wp-includes\/media.php *\/\n\t\t<\/style>\n\t\t<div id='gallery-1' class='gallery galleryid-18469 gallery-columns-3 gallery-size-thumbnail'><dl class='gallery-item'>\n\t\t\t<dt class='gallery-icon landscape'>\n\t\t\t\t<a href='https:\/\/sinprofaz.org.br\/2024\/wp-content\/uploads\/2024\/06\/2-8.png'><img loading=\"lazy\" decoding=\"async\" width=\"150\" height=\"150\" src=\"https:\/\/sinprofaz.org.br\/2024\/wp-content\/uploads\/2024\/06\/2-8-150x150.png\" class=\"attachment-thumbnail size-thumbnail\" alt=\"\" \/><\/a>\n\t\t\t<\/dt><\/dl><dl class='gallery-item'>\n\t\t\t<dt class='gallery-icon landscape'>\n\t\t\t\t<a href='https:\/\/sinprofaz.org.br\/2024\/wp-content\/uploads\/2024\/06\/3-7.png'><img loading=\"lazy\" decoding=\"async\" width=\"150\" height=\"150\" src=\"https:\/\/sinprofaz.org.br\/2024\/wp-content\/uploads\/2024\/06\/3-7-150x150.png\" class=\"attachment-thumbnail size-thumbnail\" alt=\"\" \/><\/a>\n\t\t\t<\/dt><\/dl><dl class='gallery-item'>\n\t\t\t<dt class='gallery-icon landscape'>\n\t\t\t\t<a href='https:\/\/sinprofaz.org.br\/2024\/wp-content\/uploads\/2024\/06\/4-5.png'><img loading=\"lazy\" decoding=\"async\" width=\"150\" height=\"150\" src=\"https:\/\/sinprofaz.org.br\/2024\/wp-content\/uploads\/2024\/06\/4-5-150x150.png\" class=\"attachment-thumbnail size-thumbnail\" alt=\"\" \/><\/a>\n\t\t\t<\/dt><\/dl><br style=\"clear: both\" \/><dl class='gallery-item'>\n\t\t\t<dt class='gallery-icon landscape'>\n\t\t\t\t<a href='https:\/\/sinprofaz.org.br\/2024\/wp-content\/uploads\/2024\/06\/5-5.png'><img loading=\"lazy\" decoding=\"async\" width=\"150\" height=\"150\" src=\"https:\/\/sinprofaz.org.br\/2024\/wp-content\/uploads\/2024\/06\/5-5-150x150.png\" class=\"attachment-thumbnail size-thumbnail\" alt=\"\" \/><\/a>\n\t\t\t<\/dt><\/dl><dl class='gallery-item'>\n\t\t\t<dt class='gallery-icon landscape'>\n\t\t\t\t<a href='https:\/\/sinprofaz.org.br\/2024\/wp-content\/uploads\/2024\/06\/6-5.png'><img loading=\"lazy\" decoding=\"async\" width=\"150\" height=\"150\" src=\"https:\/\/sinprofaz.org.br\/2024\/wp-content\/uploads\/2024\/06\/6-5-150x150.png\" class=\"attachment-thumbnail size-thumbnail\" alt=\"\" \/><\/a>\n\t\t\t<\/dt><\/dl>\n\t\t\t<br style='clear: both' \/>\n\t\t<\/div>\n\n","protected":false},"excerpt":{"rendered":"<p>No encontro, o SINPROFAZ foi representado por Roberto Rodrigues, que exp\u00f4s ao Ministro a quest\u00e3o da defasagem salarial em rela\u00e7\u00e3o a outras carreiras do Executivo e pleiteou a interven\u00e7\u00e3o do Minist\u00e9rio. Coube ao Diretor a incumb\u00eancia de demonstrar a Haddad a import\u00e2ncia de reter os talentos da Carreira.<\/p>\n","protected":false},"author":2,"featured_media":18470,"comment_status":"open","ping_status":"open","sticky":false,"template":"","format":"standard","meta":{"footnotes":""},"categories":[8],"tags":[66,44,25],"featured_image_url":"https:\/\/sinprofaz.org.br\/2024\/wp-content\/uploads\/2024\/06\/1-9.png","character_count":673,"formatted_date":"25\/06\/2024 - 08:25","contentNovo":"O SINPROFAZ e a Carreira receberam ontem (24) um importante apoio: o Ministro da Fazenda, Fernando Haddad, disp\u00f4s-se a colaborar com a AGU para o alcance da recomposi\u00e7\u00e3o do subs\u00eddio junto \u00e0 Mesa Setorial de Negocia\u00e7\u00e3o. No encontro em Bras\u00edlia\/DF, o SINPROFAZ foi representado pelo Diretor Roberto Rodrigues, que exp\u00f4s ao Ministro a quest\u00e3o da defasagem salarial em rela\u00e7\u00e3o a outras carreiras do Executivo e pleiteou a interven\u00e7\u00e3o do Minist\u00e9rio.\r\n\r\nO encontro foi um pedido feito pela Presidente, Iolanda Guindani, \u00e0 Procuradora-Geral da Fazenda Nacional, Anelize Ruas. Em fun\u00e7\u00e3o dos problemas de tr\u00e1fego a\u00e9reo enfrentados no Rio Grande do Sul, a Presidente do SINPROFAZ n\u00e3o conseguiu chegar a Bras\u00edlia em tempo. Coube a Roberto Rodrigues, ent\u00e3o, a incumb\u00eancia de demonstrar ao Ministro a import\u00e2ncia de medidas capazes de reter os talentos da Carreira e de fortalecer ainda mais a Procuradoria da Fazenda Nacional.\r\n\r\n[gallery link=\"file\" ids=\"18471,18472,18473,18474,18475\"]","_links":{"self":[{"href":"https:\/\/sinprofaz.org.br\/2024\/wp-json\/wp\/v2\/posts\/18469"}],"collection":[{"href":"https:\/\/sinprofaz.org.br\/2024\/wp-json\/wp\/v2\/posts"}],"about":[{"href":"https:\/\/sinprofaz.org.br\/2024\/wp-json\/wp\/v2\/types\/post"}],"author":[{"embeddable":true,"href":"https:\/\/sinprofaz.org.br\/2024\/wp-json\/wp\/v2\/users\/2"}],"replies":[{"embeddable":true,"href":"https:\/\/sinprofaz.org.br\/2024\/wp-json\/wp\/v2\/comments?post=18469"}],"version-history":[{"count":3,"href":"https:\/\/sinprofaz.org.br\/2024\/wp-json\/wp\/v2\/posts\/18469\/revisions"}],"predecessor-version":[{"id":18482,"href":"https:\/\/sinprofaz.org.br\/2024\/wp-json\/wp\/v2\/posts\/18469\/revisions\/18482"}],"wp:featuredmedia":[{"embeddable":true,"href":"https:\/\/sinprofaz.org.br\/2024\/wp-json\/wp\/v2\/media\/18470"}],"wp:attachment":[{"href":"https:\/\/sinprofaz.org.br\/2024\/wp-json\/wp\/v2\/media?parent=18469"}],"wp:term":[{"taxonomy":"category","embeddable":true,"href":"https:\/\/sinprofaz.org.br\/2024\/wp-json\/wp\/v2\/categories?post=18469"},{"taxonomy":"post_tag","embeddable":true,"href":"https:\/\/sinprofaz.org.br\/2024\/wp-json\/wp\/v2\/tags?post=18469"}],"curies":[{"name":"wp","href":"https:\/\/api.w.org\/{rel}","templated":true}]}}