{"id":1845,"date":"2014-07-17T18:49:08","date_gmt":"2014-07-17T18:49:08","guid":{"rendered":""},"modified":"-0001-11-30T00:00:00","modified_gmt":"-0001-11-30T03:00:00","slug":"cbn-debate-sobre-a-reforma-tributaria-inclui-o-sonegometro","status":"publish","type":"post","link":"https:\/\/sinprofaz.org.br\/2024\/noticias\/cbn-debate-sobre-a-reforma-tributaria-inclui-o-sonegometro\/","title":{"rendered":"CBN: debate sobre a reforma tribut\u00e1ria inclui o Soneg\u00f4metro"},"content":{"rendered":"<p style=\"text-align: justify;\"><iframe loading=\"lazy\" src=\"http:\/\/www.youtube.com\/embed\/MF9DrAguDrA?autohide=2&amp;autoplay=0&amp;controls=0&amp;disablekb=0&amp;fs=0&amp;hd=0&amp;loop=0&amp;rel=0&amp;showinfo=0&amp;showsearch=0&amp;wmode=transparent&amp;enablejsapi=1\" width=\"218\" height=\"154\" style=\"float: left; margin-right: 10px;\"><\/iframe>Reforma tribut\u00e1ria foi o tema central do debate promovido pela r\u00e1dio CBN na \u00faltima segunda (14\/7), que contou com a presen\u00e7a do presidente do SINPROFAZ, Her\u00e1clio Camargo.<\/p>\n<p style=\"text-align: justify;\">Os debatedores analisaram a pol\u00edtica tribut\u00e1ria brasileira e a necessidade de uma ampla reforma, apontando disfun\u00e7\u00f5es em diversos aspectos, como a regressividade do modelo atual, que encarece o consumo e afeta principalmente a renda da classe m\u00e9dia. Discutiram tamb\u00e9m a guerra fiscal entre estados e munic\u00edpios, as isen\u00e7\u00f5es, redu\u00e7\u00f5es fiscais e at\u00e9 perd\u00f5es de d\u00edvidas que privilegiam apenas alguns setores da economia, e a leni\u00eancia do governo diante de uma sonega\u00e7\u00e3o cada vez mais crescente.<\/p>\n<p style=\"text-align: justify;\">Her\u00e1clio Camargo apresentou dados do Soneg\u00f4metro e esclareceu as dificuldades estruturais e de pessoal da Carreira de PFN, que impactam diretamente na efici\u00eancia do sistema de recupera\u00e7\u00e3o dos cr\u00e9ditos tribut\u00e1rios.<\/p>\n<p style=\"text-align: justify;\">Juntamente com presidente do SINPROFAZ participaram do debate o professor da escola de economia da FGV-SP, Samy Dana, o advogado especialista em Direito Tribut\u00e1rio e Ci\u00eancias das Finan\u00e7as e membro do Conselho Superior de Direito da FecomercioSP, Kiyoshi Harada, e o jornalista e comentarista Carlos Alberto Sardenberg.<\/p>\n<p>&nbsp;<\/p>\n","protected":false},"excerpt":{"rendered":"<p style=\"text-align: justify;\">Reforma tribut\u00e1ria foi o tema central do debate promovido pela r\u00e1dio CBN na \u00faltima segunda (14\/7), que contou com a presen\u00e7a do presidente do SINPROFAZ, Her\u00e1clio Camargo.<\/p>\n","protected":false},"author":1,"featured_media":0,"comment_status":"closed","ping_status":"open","sticky":false,"template":"","format":"standard","meta":{"footnotes":""},"categories":[8],"tags":[],"featured_image_url":"https:\/\/dummyimage.com\/720x400","character_count":618,"formatted_date":"17\/07\/2014 - 18:49","contentNovo":"\r\n<p style=\"text-align: justify;\">Reforma tribut\u00e1ria foi o tema central do debate promovido pela r\u00e1dio CBN na \u00faltima segunda (14\/7), que contou com a presen\u00e7a do presidente do SINPROFAZ, Her\u00e1clio Camargo.<\/p>\r\n<p style=\"text-align: justify;\">Os debatedores analisaram a pol\u00edtica tribut\u00e1ria brasileira e a necessidade de uma ampla reforma, apontando disfun\u00e7\u00f5es em diversos aspectos, como a regressividade do modelo atual, que encarece o consumo e afeta principalmente a renda da classe m\u00e9dia. Discutiram tamb\u00e9m a guerra fiscal entre estados e munic\u00edpios, as isen\u00e7\u00f5es, redu\u00e7\u00f5es fiscais e at\u00e9 perd\u00f5es de d\u00edvidas que privilegiam apenas alguns setores da economia, e a leni\u00eancia do governo diante de uma sonega\u00e7\u00e3o cada vez mais crescente.<\/p>\r\n<p style=\"text-align: justify;\">Her\u00e1clio Camargo apresentou dados do Soneg\u00f4metro e esclareceu as dificuldades estruturais e de pessoal da Carreira de PFN, que impactam diretamente na efici\u00eancia do sistema de recupera\u00e7\u00e3o dos cr\u00e9ditos tribut\u00e1rios.<\/p>\r\n<p style=\"text-align: justify;\">Juntamente com presidente do SINPROFAZ participaram do debate o professor da escola de economia da FGV-SP, Samy Dana, o advogado especialista em Direito Tribut\u00e1rio e Ci\u00eancias das Finan\u00e7as e membro do Conselho Superior de Direito da FecomercioSP, Kiyoshi Harada, e o jornalista e comentarista Carlos Alberto Sardenberg.<\/p>\r\n<p>&nbsp;<\/p>","_links":{"self":[{"href":"https:\/\/sinprofaz.org.br\/2024\/wp-json\/wp\/v2\/posts\/1845"}],"collection":[{"href":"https:\/\/sinprofaz.org.br\/2024\/wp-json\/wp\/v2\/posts"}],"about":[{"href":"https:\/\/sinprofaz.org.br\/2024\/wp-json\/wp\/v2\/types\/post"}],"author":[{"embeddable":true,"href":"https:\/\/sinprofaz.org.br\/2024\/wp-json\/wp\/v2\/users\/1"}],"replies":[{"embeddable":true,"href":"https:\/\/sinprofaz.org.br\/2024\/wp-json\/wp\/v2\/comments?post=1845"}],"version-history":[{"count":0,"href":"https:\/\/sinprofaz.org.br\/2024\/wp-json\/wp\/v2\/posts\/1845\/revisions"}],"wp:attachment":[{"href":"https:\/\/sinprofaz.org.br\/2024\/wp-json\/wp\/v2\/media?parent=1845"}],"wp:term":[{"taxonomy":"category","embeddable":true,"href":"https:\/\/sinprofaz.org.br\/2024\/wp-json\/wp\/v2\/categories?post=1845"},{"taxonomy":"post_tag","embeddable":true,"href":"https:\/\/sinprofaz.org.br\/2024\/wp-json\/wp\/v2\/tags?post=1845"}],"curies":[{"name":"wp","href":"https:\/\/api.w.org\/{rel}","templated":true}]}}