{"id":18432,"date":"2024-06-21T15:15:46","date_gmt":"2024-06-21T18:15:46","guid":{"rendered":"https:\/\/sinprofaz.org.br\/2024\/?p=18432"},"modified":"2024-06-25T10:08:50","modified_gmt":"2024-06-25T13:08:50","slug":"sinprofaz-mantem-trabalho-parlamentar-contra-pl-6381-2019","status":"publish","type":"post","link":"https:\/\/sinprofaz.org.br\/2024\/noticias\/sinprofaz-mantem-trabalho-parlamentar-contra-pl-6381-2019\/","title":{"rendered":"SINPROFAZ MANT\u00c9M TRABALHO PARLAMENTAR CONTRA PL 6381\/2019"},"content":{"rendered":"<p>As \u00faltimas semanas v\u00eam sendo marcadas pelo intenso trabalho parlamentar em Bras\u00edlia\/DF e em todos os estados do Pa\u00eds. Aos deputados federais, os integrantes do SINPROFAZ e da Advocacia P\u00fablica Federal como um todo t\u00eam demonstrado a injusti\u00e7a do PL 6381\/2019 e a amea\u00e7a que a proposta representa para as milhares de fam\u00edlias dos Membros da Advocacia-Geral da Uni\u00e3o. A atua\u00e7\u00e3o do Sindicato ocorre de forma\u00a0<a class=\"notion-link-token notion-focusable-token notion-enable-hover\" tabindex=\"0\" href=\"https:\/\/sinprofaz.org.br\/2024\/noticias\/nota-em-protecao-aos-membros-da-advocacia-geral-da-uniao\/\" target=\"_blank\" rel=\"noopener noreferrer\" data-token-index=\"1\"><span class=\"link-annotation-unknown-block-id--1369035261\">coordenada com as demais entidades<\/span><\/a>\u00a0representativas das carreiras da AGU e seguir\u00e1 com for\u00e7a total at\u00e9 que o risco \u00e0 prerrogativa dos Membros seja completamente superado.<!-- notionvc: 72e1c274-5446-46eb-bf78-abd9876f0ec6 --><\/p>\n<p>A mobiliza\u00e7\u00e3o da Carreira conta com o apoio do Conselho Federal da Ordem dos Advogados do Brasil.\u00a0<a class=\"notion-link-token notion-focusable-token notion-enable-hover\" tabindex=\"0\" href=\"https:\/\/www.oab.org.br\/noticia\/62330\/nota-do-cfoab-em-defesa-dos-honorarios-da-advocacia-publica\" target=\"_blank\" rel=\"noopener noreferrer\" data-token-index=\"1\"><span class=\"link-annotation-unknown-block-id--1107884225\">Em nota conjunta<\/span><\/a>, o presidente da OAB Nacional, Beto Simonetti, e a presidente da Comiss\u00e3o Nacional da Advocacia P\u00fablica, a filiada Maria Dionne de Ara\u00fajo, externaram preocupa\u00e7\u00e3o com rela\u00e7\u00e3o \u00e0 proposta. &#8220;N\u00e3o podemos retroceder no reconhecimento dessa prerrogativa, nem us\u00e1-la como moeda de troca em discuss\u00f5es sobre pol\u00edticas p\u00fablicas ou para constranger a atua\u00e7\u00e3o dos advogados p\u00fablicos. A advocacia \u00e9 \u00fanica, e o respeito aos seus direitos e prerrogativas \u00e9 essencial para a Justi\u00e7a&#8221;, ressalta a nota.\u00a0<!-- notionvc: 25adc550-89e4-427e-af49-a167b5ca580b --><\/p>\n<p>A despeito dos ataques, a expectativa do SINPROFAZ \u00e9 absolutamente positiva. A Diretoria segue confiante na vit\u00f3ria da Advocacia P\u00fablica Federal. Na luta em defesa da prerrogativa da Carreira, o Sindicato conta com filiadas e filiados que se disp\u00f5em a contatar os deputados federais nas bases e no Congresso &#8211; a esses bravos PFNs, o SINPROFAZ dedica agradecimento especial. A uni\u00e3o de esfor\u00e7os em torno dos objetivos comuns ser\u00e1 decisiva para o \u00eaxito dos Membros da Advocacia-Geral da Uni\u00e3o e para a conquista de novos avan\u00e7os h\u00e1 tanto tempo pleiteados. Sindicato, Colegas e demais entidades n\u00e3o descansar\u00e3o at\u00e9 a vit\u00f3ria.<\/p>\n\n\t\t<style type=\"text\/css\">\n\t\t\t#gallery-1 {\n\t\t\t\tmargin: auto;\n\t\t\t}\n\t\t\t#gallery-1 .gallery-item {\n\t\t\t\tfloat: left;\n\t\t\t\tmargin-top: 10px;\n\t\t\t\ttext-align: center;\n\t\t\t\twidth: 33%;\n\t\t\t}\n\t\t\t#gallery-1 img {\n\t\t\t\tborder: 2px solid #cfcfcf;\n\t\t\t}\n\t\t\t#gallery-1 .gallery-caption {\n\t\t\t\tmargin-left: 0;\n\t\t\t}\n\t\t\t\/* see gallery_shortcode() in wp-includes\/media.php *\/\n\t\t<\/style>\n\t\t<div id='gallery-1' class='gallery galleryid-18432 gallery-columns-3 gallery-size-thumbnail'><dl class='gallery-item'>\n\t\t\t<dt class='gallery-icon landscape'>\n\t\t\t\t<a href='https:\/\/sinprofaz.org.br\/2024\/wp-content\/uploads\/2024\/06\/2-7.png'><img loading=\"lazy\" decoding=\"async\" width=\"150\" height=\"150\" src=\"https:\/\/sinprofaz.org.br\/2024\/wp-content\/uploads\/2024\/06\/2-7-150x150.png\" class=\"attachment-thumbnail size-thumbnail\" alt=\"\" aria-describedby=\"gallery-1-18434\" \/><\/a>\n\t\t\t<\/dt>\n\t\t\t\t<dd class='wp-caption-text gallery-caption' id='gallery-1-18434'>\n\t\t\t\tAureo Ribeiro (Solidariedade\/RJ)\n\t\t\t\t<\/dd><\/dl><dl class='gallery-item'>\n\t\t\t<dt class='gallery-icon landscape'>\n\t\t\t\t<a href='https:\/\/sinprofaz.org.br\/2024\/wp-content\/uploads\/2024\/06\/3-6.png'><img loading=\"lazy\" decoding=\"async\" width=\"150\" height=\"150\" src=\"https:\/\/sinprofaz.org.br\/2024\/wp-content\/uploads\/2024\/06\/3-6-150x150.png\" class=\"attachment-thumbnail size-thumbnail\" alt=\"\" aria-describedby=\"gallery-1-18435\" \/><\/a>\n\t\t\t<\/dt>\n\t\t\t\t<dd class='wp-caption-text gallery-caption' id='gallery-1-18435'>\n\t\t\t\tEduardo Bismarck (PDT\/CE)\n\t\t\t\t<\/dd><\/dl><dl class='gallery-item'>\n\t\t\t<dt class='gallery-icon landscape'>\n\t\t\t\t<a href='https:\/\/sinprofaz.org.br\/2024\/wp-content\/uploads\/2024\/06\/4-4.png'><img loading=\"lazy\" decoding=\"async\" width=\"150\" height=\"150\" src=\"https:\/\/sinprofaz.org.br\/2024\/wp-content\/uploads\/2024\/06\/4-4-150x150.png\" class=\"attachment-thumbnail size-thumbnail\" alt=\"\" aria-describedby=\"gallery-1-18436\" \/><\/a>\n\t\t\t<\/dt>\n\t\t\t\t<dd class='wp-caption-text gallery-caption' id='gallery-1-18436'>\n\t\t\t\tCoronel Fernanda (PL\/MT)\n\t\t\t\t<\/dd><\/dl><br style=\"clear: both\" \/><dl class='gallery-item'>\n\t\t\t<dt class='gallery-icon landscape'>\n\t\t\t\t<a href='https:\/\/sinprofaz.org.br\/2024\/wp-content\/uploads\/2024\/06\/5-4.png'><img loading=\"lazy\" decoding=\"async\" width=\"150\" height=\"150\" src=\"https:\/\/sinprofaz.org.br\/2024\/wp-content\/uploads\/2024\/06\/5-4-150x150.png\" class=\"attachment-thumbnail size-thumbnail\" alt=\"\" aria-describedby=\"gallery-1-18437\" \/><\/a>\n\t\t\t<\/dt>\n\t\t\t\t<dd class='wp-caption-text gallery-caption' id='gallery-1-18437'>\n\t\t\t\tCoronel Fernanda (PL\/MT)\n\t\t\t\t<\/dd><\/dl><dl class='gallery-item'>\n\t\t\t<dt class='gallery-icon landscape'>\n\t\t\t\t<a href='https:\/\/sinprofaz.org.br\/2024\/wp-content\/uploads\/2024\/06\/6-4.png'><img loading=\"lazy\" decoding=\"async\" width=\"150\" height=\"150\" src=\"https:\/\/sinprofaz.org.br\/2024\/wp-content\/uploads\/2024\/06\/6-4-150x150.png\" class=\"attachment-thumbnail size-thumbnail\" alt=\"\" aria-describedby=\"gallery-1-18438\" \/><\/a>\n\t\t\t<\/dt>\n\t\t\t\t<dd class='wp-caption-text gallery-caption' id='gallery-1-18438'>\n\t\t\t\tDr. Jaziel (PL\/CE)\n\t\t\t\t<\/dd><\/dl><dl class='gallery-item'>\n\t\t\t<dt class='gallery-icon landscape'>\n\t\t\t\t<a href='https:\/\/sinprofaz.org.br\/2024\/wp-content\/uploads\/2024\/06\/7-3.png'><img loading=\"lazy\" decoding=\"async\" width=\"150\" height=\"150\" src=\"https:\/\/sinprofaz.org.br\/2024\/wp-content\/uploads\/2024\/06\/7-3-150x150.png\" class=\"attachment-thumbnail size-thumbnail\" alt=\"\" aria-describedby=\"gallery-1-18439\" \/><\/a>\n\t\t\t<\/dt>\n\t\t\t\t<dd class='wp-caption-text gallery-caption' id='gallery-1-18439'>\n\t\t\t\tDr. Jaziel (PL\/CE)\n\t\t\t\t<\/dd><\/dl><br style=\"clear: both\" \/><dl class='gallery-item'>\n\t\t\t<dt class='gallery-icon landscape'>\n\t\t\t\t<a href='https:\/\/sinprofaz.org.br\/2024\/wp-content\/uploads\/2024\/06\/8-3.png'><img loading=\"lazy\" decoding=\"async\" width=\"150\" height=\"150\" src=\"https:\/\/sinprofaz.org.br\/2024\/wp-content\/uploads\/2024\/06\/8-3-150x150.png\" class=\"attachment-thumbnail size-thumbnail\" alt=\"\" aria-describedby=\"gallery-1-18440\" \/><\/a>\n\t\t\t<\/dt>\n\t\t\t\t<dd class='wp-caption-text gallery-caption' id='gallery-1-18440'>\n\t\t\t\tDr. Jaziel (PL\/CE)\n\t\t\t\t<\/dd><\/dl><dl class='gallery-item'>\n\t\t\t<dt class='gallery-icon landscape'>\n\t\t\t\t<a href='https:\/\/sinprofaz.org.br\/2024\/wp-content\/uploads\/2024\/06\/9-3.png'><img loading=\"lazy\" decoding=\"async\" width=\"150\" height=\"150\" src=\"https:\/\/sinprofaz.org.br\/2024\/wp-content\/uploads\/2024\/06\/9-3-150x150.png\" class=\"attachment-thumbnail size-thumbnail\" alt=\"\" aria-describedby=\"gallery-1-18441\" \/><\/a>\n\t\t\t<\/dt>\n\t\t\t\t<dd class='wp-caption-text gallery-caption' id='gallery-1-18441'>\n\t\t\t\tBohn Gass (PT\/RS)\n\t\t\t\t<\/dd><\/dl><dl class='gallery-item'>\n\t\t\t<dt class='gallery-icon landscape'>\n\t\t\t\t<a href='https:\/\/sinprofaz.org.br\/2024\/wp-content\/uploads\/2024\/06\/10-3.png'><img loading=\"lazy\" decoding=\"async\" width=\"150\" height=\"150\" src=\"https:\/\/sinprofaz.org.br\/2024\/wp-content\/uploads\/2024\/06\/10-3-150x150.png\" class=\"attachment-thumbnail size-thumbnail\" alt=\"\" aria-describedby=\"gallery-1-18442\" \/><\/a>\n\t\t\t<\/dt>\n\t\t\t\t<dd class='wp-caption-text gallery-caption' id='gallery-1-18442'>\n\t\t\t\tBenes Leoc\u00e1dio (Uni\u00e3o\/RN)\n\t\t\t\t<\/dd><\/dl><br style=\"clear: both\" \/><dl class='gallery-item'>\n\t\t\t<dt class='gallery-icon landscape'>\n\t\t\t\t<a href='https:\/\/sinprofaz.org.br\/2024\/wp-content\/uploads\/2024\/06\/11-1.png'><img loading=\"lazy\" decoding=\"async\" width=\"150\" height=\"150\" src=\"https:\/\/sinprofaz.org.br\/2024\/wp-content\/uploads\/2024\/06\/11-1-150x150.png\" class=\"attachment-thumbnail size-thumbnail\" alt=\"\" aria-describedby=\"gallery-1-18443\" \/><\/a>\n\t\t\t<\/dt>\n\t\t\t\t<dd class='wp-caption-text gallery-caption' id='gallery-1-18443'>\n\t\t\t\tGisela Simona (Uni\u00e3o\/MT)\n\t\t\t\t<\/dd><\/dl><dl class='gallery-item'>\n\t\t\t<dt class='gallery-icon landscape'>\n\t\t\t\t<a href='https:\/\/sinprofaz.org.br\/2024\/wp-content\/uploads\/2024\/06\/12-1.png'><img loading=\"lazy\" decoding=\"async\" width=\"150\" height=\"150\" src=\"https:\/\/sinprofaz.org.br\/2024\/wp-content\/uploads\/2024\/06\/12-1-150x150.png\" class=\"attachment-thumbnail size-thumbnail\" alt=\"\" aria-describedby=\"gallery-1-18444\" \/><\/a>\n\t\t\t<\/dt>\n\t\t\t\t<dd class='wp-caption-text gallery-caption' id='gallery-1-18444'>\n\t\t\t\tGisela Simona (Uni\u00e3o\/MT)\n\t\t\t\t<\/dd><\/dl><dl class='gallery-item'>\n\t\t\t<dt class='gallery-icon landscape'>\n\t\t\t\t<a href='https:\/\/sinprofaz.org.br\/2024\/wp-content\/uploads\/2024\/06\/13-1.png'><img loading=\"lazy\" decoding=\"async\" width=\"150\" height=\"150\" src=\"https:\/\/sinprofaz.org.br\/2024\/wp-content\/uploads\/2024\/06\/13-1-150x150.png\" class=\"attachment-thumbnail size-thumbnail\" alt=\"\" aria-describedby=\"gallery-1-18445\" \/><\/a>\n\t\t\t<\/dt>\n\t\t\t\t<dd class='wp-caption-text gallery-caption' id='gallery-1-18445'>\n\t\t\t\tMauricio Marcon (PODE\/RS)\n\t\t\t\t<\/dd><\/dl><br style=\"clear: both\" \/><dl class='gallery-item'>\n\t\t\t<dt class='gallery-icon landscape'>\n\t\t\t\t<a href='https:\/\/sinprofaz.org.br\/2024\/wp-content\/uploads\/2024\/06\/14.png'><img loading=\"lazy\" decoding=\"async\" width=\"150\" height=\"150\" src=\"https:\/\/sinprofaz.org.br\/2024\/wp-content\/uploads\/2024\/06\/14-150x150.png\" class=\"attachment-thumbnail size-thumbnail\" alt=\"\" aria-describedby=\"gallery-1-18446\" \/><\/a>\n\t\t\t<\/dt>\n\t\t\t\t<dd class='wp-caption-text gallery-caption' id='gallery-1-18446'>\n\t\t\t\tLideran\u00e7a da Oposi\u00e7\u00e3o\n\t\t\t\t<\/dd><\/dl><dl class='gallery-item'>\n\t\t\t<dt class='gallery-icon landscape'>\n\t\t\t\t<a href='https:\/\/sinprofaz.org.br\/2024\/wp-content\/uploads\/2024\/06\/15.png'><img loading=\"lazy\" decoding=\"async\" width=\"150\" height=\"150\" src=\"https:\/\/sinprofaz.org.br\/2024\/wp-content\/uploads\/2024\/06\/15-150x150.png\" class=\"attachment-thumbnail size-thumbnail\" alt=\"\" aria-describedby=\"gallery-1-18447\" \/><\/a>\n\t\t\t<\/dt>\n\t\t\t\t<dd class='wp-caption-text gallery-caption' id='gallery-1-18447'>\n\t\t\t\tLideran\u00e7a da Oposi\u00e7\u00e3o\n\t\t\t\t<\/dd><\/dl><dl class='gallery-item'>\n\t\t\t<dt class='gallery-icon landscape'>\n\t\t\t\t<a href='https:\/\/sinprofaz.org.br\/2024\/wp-content\/uploads\/2024\/06\/16.png'><img loading=\"lazy\" decoding=\"async\" width=\"150\" height=\"150\" src=\"https:\/\/sinprofaz.org.br\/2024\/wp-content\/uploads\/2024\/06\/16-150x150.png\" class=\"attachment-thumbnail size-thumbnail\" alt=\"\" aria-describedby=\"gallery-1-18448\" \/><\/a>\n\t\t\t<\/dt>\n\t\t\t\t<dd class='wp-caption-text gallery-caption' id='gallery-1-18448'>\n\t\t\t\tJos\u00e9 Guimar\u00e3es (PT\/CE)\n\t\t\t\t<\/dd><\/dl><br style=\"clear: both\" \/><dl class='gallery-item'>\n\t\t\t<dt class='gallery-icon landscape'>\n\t\t\t\t<a href='https:\/\/sinprofaz.org.br\/2024\/wp-content\/uploads\/2024\/06\/17.png'><img loading=\"lazy\" decoding=\"async\" width=\"150\" height=\"150\" src=\"https:\/\/sinprofaz.org.br\/2024\/wp-content\/uploads\/2024\/06\/17-150x150.png\" class=\"attachment-thumbnail size-thumbnail\" alt=\"\" aria-describedby=\"gallery-1-18449\" \/><\/a>\n\t\t\t<\/dt>\n\t\t\t\t<dd class='wp-caption-text gallery-caption' id='gallery-1-18449'>\n\t\t\t\tEmanuel Pinheiro Neto (MDB\/MT)\n\t\t\t\t<\/dd><\/dl><dl class='gallery-item'>\n\t\t\t<dt class='gallery-icon landscape'>\n\t\t\t\t<a href='https:\/\/sinprofaz.org.br\/2024\/wp-content\/uploads\/2024\/06\/18.png'><img loading=\"lazy\" decoding=\"async\" width=\"150\" height=\"150\" src=\"https:\/\/sinprofaz.org.br\/2024\/wp-content\/uploads\/2024\/06\/18-150x150.png\" class=\"attachment-thumbnail size-thumbnail\" alt=\"\" aria-describedby=\"gallery-1-18450\" \/><\/a>\n\t\t\t<\/dt>\n\t\t\t\t<dd class='wp-caption-text gallery-caption' id='gallery-1-18450'>\n\t\t\t\tEmanuel Pinheiro Neto (MDB\/MT)\n\t\t\t\t<\/dd><\/dl><dl class='gallery-item'>\n\t\t\t<dt class='gallery-icon landscape'>\n\t\t\t\t<a href='https:\/\/sinprofaz.org.br\/2024\/wp-content\/uploads\/2024\/06\/19.png'><img loading=\"lazy\" decoding=\"async\" width=\"150\" height=\"150\" src=\"https:\/\/sinprofaz.org.br\/2024\/wp-content\/uploads\/2024\/06\/19-150x150.png\" class=\"attachment-thumbnail size-thumbnail\" alt=\"\" aria-describedby=\"gallery-1-18459\" \/><\/a>\n\t\t\t<\/dt>\n\t\t\t\t<dd class='wp-caption-text gallery-caption' id='gallery-1-18459'>\n\t\t\t\tPauderney Avelino (Uni\u00e3o\/AM)\n\t\t\t\t<\/dd><\/dl><br style=\"clear: both\" \/><dl class='gallery-item'>\n\t\t\t<dt class='gallery-icon landscape'>\n\t\t\t\t<a href='https:\/\/sinprofaz.org.br\/2024\/wp-content\/uploads\/2024\/06\/20.png'><img loading=\"lazy\" decoding=\"async\" width=\"150\" height=\"150\" src=\"https:\/\/sinprofaz.org.br\/2024\/wp-content\/uploads\/2024\/06\/20-150x150.png\" class=\"attachment-thumbnail size-thumbnail\" alt=\"\" aria-describedby=\"gallery-1-18460\" \/><\/a>\n\t\t\t<\/dt>\n\t\t\t\t<dd class='wp-caption-text gallery-caption' id='gallery-1-18460'>\n\t\t\t\tMersinho Lucena (PP\/PB) e Bebeto (PP\/RJ)\n\t\t\t\t<\/dd><\/dl><dl class='gallery-item'>\n\t\t\t<dt class='gallery-icon landscape'>\n\t\t\t\t<a href='https:\/\/sinprofaz.org.br\/2024\/wp-content\/uploads\/2024\/06\/21.png'><img loading=\"lazy\" decoding=\"async\" width=\"150\" height=\"150\" src=\"https:\/\/sinprofaz.org.br\/2024\/wp-content\/uploads\/2024\/06\/21-150x150.png\" class=\"attachment-thumbnail size-thumbnail\" alt=\"\" aria-describedby=\"gallery-1-18461\" \/><\/a>\n\t\t\t<\/dt>\n\t\t\t\t<dd class='wp-caption-text gallery-caption' id='gallery-1-18461'>\n\t\t\t\tPresidenta e Filiados\n\t\t\t\t<\/dd><\/dl><dl class='gallery-item'>\n\t\t\t<dt class='gallery-icon landscape'>\n\t\t\t\t<a href='https:\/\/sinprofaz.org.br\/2024\/wp-content\/uploads\/2024\/06\/22.png'><img loading=\"lazy\" decoding=\"async\" width=\"150\" height=\"150\" src=\"https:\/\/sinprofaz.org.br\/2024\/wp-content\/uploads\/2024\/06\/22-150x150.png\" class=\"attachment-thumbnail size-thumbnail\" alt=\"\" aria-describedby=\"gallery-1-18462\" \/><\/a>\n\t\t\t<\/dt>\n\t\t\t\t<dd class='wp-caption-text gallery-caption' id='gallery-1-18462'>\n\t\t\t\tDr. Frederico (PRD\/MG)\n\t\t\t\t<\/dd><\/dl><br style=\"clear: both\" \/><dl class='gallery-item'>\n\t\t\t<dt class='gallery-icon landscape'>\n\t\t\t\t<a href='https:\/\/sinprofaz.org.br\/2024\/wp-content\/uploads\/2024\/06\/23.png'><img loading=\"lazy\" decoding=\"async\" width=\"150\" height=\"150\" src=\"https:\/\/sinprofaz.org.br\/2024\/wp-content\/uploads\/2024\/06\/23-150x150.png\" class=\"attachment-thumbnail size-thumbnail\" alt=\"\" aria-describedby=\"gallery-1-18463\" \/><\/a>\n\t\t\t<\/dt>\n\t\t\t\t<dd class='wp-caption-text gallery-caption' id='gallery-1-18463'>\n\t\t\t\tGilson Daniel (PODE\/ES)\n\t\t\t\t<\/dd><\/dl><dl class='gallery-item'>\n\t\t\t<dt class='gallery-icon landscape'>\n\t\t\t\t<a href='https:\/\/sinprofaz.org.br\/2024\/wp-content\/uploads\/2024\/06\/24.png'><img loading=\"lazy\" decoding=\"async\" width=\"150\" height=\"150\" src=\"https:\/\/sinprofaz.org.br\/2024\/wp-content\/uploads\/2024\/06\/24-150x150.png\" class=\"attachment-thumbnail size-thumbnail\" alt=\"\" aria-describedby=\"gallery-1-18464\" \/><\/a>\n\t\t\t<\/dt>\n\t\t\t\t<dd class='wp-caption-text gallery-caption' id='gallery-1-18464'>\n\t\t\t\tGilson Daniel (PODE\/ES)\n\t\t\t\t<\/dd><\/dl><dl class='gallery-item'>\n\t\t\t<dt class='gallery-icon landscape'>\n\t\t\t\t<a href='https:\/\/sinprofaz.org.br\/2024\/wp-content\/uploads\/2024\/06\/25.png'><img loading=\"lazy\" decoding=\"async\" width=\"150\" height=\"150\" src=\"https:\/\/sinprofaz.org.br\/2024\/wp-content\/uploads\/2024\/06\/25-150x150.png\" class=\"attachment-thumbnail size-thumbnail\" alt=\"\" aria-describedby=\"gallery-1-18465\" \/><\/a>\n\t\t\t<\/dt>\n\t\t\t\t<dd class='wp-caption-text gallery-caption' id='gallery-1-18465'>\n\t\t\t\tLuiz Gast\u00e3o (PSD\/CE)\n\t\t\t\t<\/dd><\/dl><br style=\"clear: both\" \/>\n\t\t<\/div>\n\n","protected":false},"excerpt":{"rendered":"<p>As \u00faltimas semanas v\u00eam sendo marcadas pelo intenso trabalho parlamentar em Bras\u00edlia\/DF e em todos os estados do Pa\u00eds. Aos deputados, os integrantes do SINPROFAZ e da Advocacia P\u00fablica como um todo t\u00eam demonstrado a injusti\u00e7a do PL 6381 e a amea\u00e7a que ele representa para milhares de fam\u00edlias.<\/p>\n","protected":false},"author":2,"featured_media":18433,"comment_status":"open","ping_status":"open","sticky":false,"template":"","format":"standard","meta":{"footnotes":""},"categories":[8],"tags":[66,23,25],"featured_image_url":"https:\/\/sinprofaz.org.br\/2024\/wp-content\/uploads\/2024\/06\/1-8.png","character_count":1737,"formatted_date":"21\/06\/2024 - 15:15","contentNovo":"As \u00faltimas semanas v\u00eam sendo marcadas pelo intenso trabalho parlamentar em Bras\u00edlia\/DF e em todos os estados do Pa\u00eds. Aos deputados federais, os integrantes do SINPROFAZ e da Advocacia P\u00fablica Federal como um todo t\u00eam demonstrado a injusti\u00e7a do PL 6381\/2019 e a amea\u00e7a que a proposta representa para as milhares de fam\u00edlias dos Membros da Advocacia-Geral da Uni\u00e3o. A atua\u00e7\u00e3o do Sindicato ocorre de forma\u00a0<a class=\"notion-link-token notion-focusable-token notion-enable-hover\" tabindex=\"0\" href=\"https:\/\/sinprofaz.org.br\/2024\/noticias\/nota-em-protecao-aos-membros-da-advocacia-geral-da-uniao\/\" target=\"_blank\" rel=\"noopener noreferrer\" data-token-index=\"1\">coordenada com as demais entidades<\/a>\u00a0representativas das carreiras da AGU e seguir\u00e1 com for\u00e7a total at\u00e9 que o risco \u00e0 prerrogativa dos Membros seja completamente superado.\r\n\r\nA mobiliza\u00e7\u00e3o da Carreira conta com o apoio do Conselho Federal da Ordem dos Advogados do Brasil.\u00a0<a class=\"notion-link-token notion-focusable-token notion-enable-hover\" tabindex=\"0\" href=\"https:\/\/www.oab.org.br\/noticia\/62330\/nota-do-cfoab-em-defesa-dos-honorarios-da-advocacia-publica\" target=\"_blank\" rel=\"noopener noreferrer\" data-token-index=\"1\">Em nota conjunta<\/a>, o presidente da OAB Nacional, Beto Simonetti, e a presidente da Comiss\u00e3o Nacional da Advocacia P\u00fablica, a filiada Maria Dionne de Ara\u00fajo, externaram preocupa\u00e7\u00e3o com rela\u00e7\u00e3o \u00e0 proposta. \"N\u00e3o podemos retroceder no reconhecimento dessa prerrogativa, nem us\u00e1-la como moeda de troca em discuss\u00f5es sobre pol\u00edticas p\u00fablicas ou para constranger a atua\u00e7\u00e3o dos advogados p\u00fablicos. A advocacia \u00e9 \u00fanica, e o respeito aos seus direitos e prerrogativas \u00e9 essencial para a Justi\u00e7a\", ressalta a nota.\u00a0\r\n\r\nA despeito dos ataques, a expectativa do SINPROFAZ \u00e9 absolutamente positiva. A Diretoria segue confiante na vit\u00f3ria da Advocacia P\u00fablica Federal. Na luta em defesa da prerrogativa da Carreira, o Sindicato conta com filiadas e filiados que se disp\u00f5em a contatar os deputados federais nas bases e no Congresso - a esses bravos PFNs, o SINPROFAZ dedica agradecimento especial. A uni\u00e3o de esfor\u00e7os em torno dos objetivos comuns ser\u00e1 decisiva para o \u00eaxito dos Membros da Advocacia-Geral da Uni\u00e3o e para a conquista de novos avan\u00e7os h\u00e1 tanto tempo pleiteados. Sindicato, Colegas e demais entidades n\u00e3o descansar\u00e3o at\u00e9 a vit\u00f3ria.\r\n\r\n[gallery link=\"file\" ids=\"18434,18435,18436,18437,18438,18439,18440,18441,18442,18443,18444,18445,18446,18447,18448,18449,18450,18459,18460,18461,18462,18463,18464,18465\"]","_links":{"self":[{"href":"https:\/\/sinprofaz.org.br\/2024\/wp-json\/wp\/v2\/posts\/18432"}],"collection":[{"href":"https:\/\/sinprofaz.org.br\/2024\/wp-json\/wp\/v2\/posts"}],"about":[{"href":"https:\/\/sinprofaz.org.br\/2024\/wp-json\/wp\/v2\/types\/post"}],"author":[{"embeddable":true,"href":"https:\/\/sinprofaz.org.br\/2024\/wp-json\/wp\/v2\/users\/2"}],"replies":[{"embeddable":true,"href":"https:\/\/sinprofaz.org.br\/2024\/wp-json\/wp\/v2\/comments?post=18432"}],"version-history":[{"count":5,"href":"https:\/\/sinprofaz.org.br\/2024\/wp-json\/wp\/v2\/posts\/18432\/revisions"}],"predecessor-version":[{"id":18479,"href":"https:\/\/sinprofaz.org.br\/2024\/wp-json\/wp\/v2\/posts\/18432\/revisions\/18479"}],"wp:featuredmedia":[{"embeddable":true,"href":"https:\/\/sinprofaz.org.br\/2024\/wp-json\/wp\/v2\/media\/18433"}],"wp:attachment":[{"href":"https:\/\/sinprofaz.org.br\/2024\/wp-json\/wp\/v2\/media?parent=18432"}],"wp:term":[{"taxonomy":"category","embeddable":true,"href":"https:\/\/sinprofaz.org.br\/2024\/wp-json\/wp\/v2\/categories?post=18432"},{"taxonomy":"post_tag","embeddable":true,"href":"https:\/\/sinprofaz.org.br\/2024\/wp-json\/wp\/v2\/tags?post=18432"}],"curies":[{"name":"wp","href":"https:\/\/api.w.org\/{rel}","templated":true}]}}