{"id":18426,"date":"2024-06-20T18:02:36","date_gmt":"2024-06-20T21:02:36","guid":{"rendered":"https:\/\/sinprofaz.org.br\/2024\/?p=18426"},"modified":"2024-06-21T16:53:55","modified_gmt":"2024-06-21T19:53:55","slug":"em-reuniao-com-senador-izalci-lucas-sinprofaz-defende-atribuicao-da-carreira","status":"publish","type":"post","link":"https:\/\/sinprofaz.org.br\/2024\/noticias\/em-reuniao-com-senador-izalci-lucas-sinprofaz-defende-atribuicao-da-carreira\/","title":{"rendered":"EM REUNI\u00c3O COM SENADOR IZALCI LUCAS, SINPROFAZ DEFENDE ATRIBUI\u00c7\u00c3O DA CARREIRA"},"content":{"rendered":"<p>A presidente do SINPROFAZ, Iolanda Guindani, esteve hoje (20) no Senado Federal, onde se reuniu com Izalci Lucas (PL\/DF). O senador preside a Comiss\u00e3o Tempor\u00e1ria Interna respons\u00e1vel por analisar os projetos de reforma dos Processos Administrativo e Tribut\u00e1rio Nacional. Na ocasi\u00e3o, os presentes trataram do PL 2483\/22, que, relatado pelo senador Efraim Filho (Uni\u00e3o\/PB), amea\u00e7a uma importante compet\u00eancia dos PFNs.<\/p>\n<p>Considerando os argumentos apresentados pela presidente do SINPROFAZ ao longo da reuni\u00e3o, Izalci Lucas decidiu promover um encontro, no gabinete em Bras\u00edlia\/DF, entre representantes da PGFN e da RFB. Assim, o senador sanar\u00e1 todas as d\u00favidas com rela\u00e7\u00e3o \u00e0s atribui\u00e7\u00f5es da Carreira e \u00e0 import\u00e2ncia da manuten\u00e7\u00e3o dessa atribui\u00e7\u00e3o dos PFNs. O encontro deve ser promovido em breve, em data acordada pelos interessados.<\/p>\n<p><strong>Apoio da AGU<br \/>\n<\/strong>Em reuni\u00e3o na data de ontem, o SINPROFAZ obteve uma importante sinaliza\u00e7\u00e3o do advogado-geral da Uni\u00e3o sobre o tema: ap\u00f3s empenho pessoal junto a lideran\u00e7as do Senado, o ministro obteve o compromisso de que a Casa n\u00e3o aprovar\u00e1 qualquer altera\u00e7\u00e3o prejudicial \u00e0s atribui\u00e7\u00f5es da Carreira.O SINPROFAZ &#8211; ao lado da AGU, da PGFN e das demais entidades representativas &#8211; segue atento \u00e0 tramita\u00e7\u00e3o do projeto de lei.<\/p>\n\n\t\t<style type=\"text\/css\">\n\t\t\t#gallery-1 {\n\t\t\t\tmargin: auto;\n\t\t\t}\n\t\t\t#gallery-1 .gallery-item {\n\t\t\t\tfloat: left;\n\t\t\t\tmargin-top: 10px;\n\t\t\t\ttext-align: center;\n\t\t\t\twidth: 33%;\n\t\t\t}\n\t\t\t#gallery-1 img {\n\t\t\t\tborder: 2px solid #cfcfcf;\n\t\t\t}\n\t\t\t#gallery-1 .gallery-caption {\n\t\t\t\tmargin-left: 0;\n\t\t\t}\n\t\t\t\/* see gallery_shortcode() in wp-includes\/media.php *\/\n\t\t<\/style>\n\t\t<div id='gallery-1' class='gallery galleryid-18426 gallery-columns-3 gallery-size-thumbnail'><dl class='gallery-item'>\n\t\t\t<dt class='gallery-icon landscape'>\n\t\t\t\t<a href='https:\/\/sinprofaz.org.br\/2024\/wp-content\/uploads\/2024\/06\/2-6.png'><img loading=\"lazy\" decoding=\"async\" width=\"150\" height=\"150\" src=\"https:\/\/sinprofaz.org.br\/2024\/wp-content\/uploads\/2024\/06\/2-6-150x150.png\" class=\"attachment-thumbnail size-thumbnail\" alt=\"\" \/><\/a>\n\t\t\t<\/dt><\/dl><dl class='gallery-item'>\n\t\t\t<dt class='gallery-icon landscape'>\n\t\t\t\t<a href='https:\/\/sinprofaz.org.br\/2024\/wp-content\/uploads\/2024\/06\/3-5.png'><img loading=\"lazy\" decoding=\"async\" width=\"150\" height=\"150\" src=\"https:\/\/sinprofaz.org.br\/2024\/wp-content\/uploads\/2024\/06\/3-5-150x150.png\" class=\"attachment-thumbnail size-thumbnail\" alt=\"\" \/><\/a>\n\t\t\t<\/dt><\/dl>\n\t\t\t<br style='clear: both' \/>\n\t\t<\/div>\n\n<p><!-- notionvc: cadf6fc7-88c4-458e-9f6b-5f59d7c70e8a --><\/p>\n","protected":false},"excerpt":{"rendered":"<p>A presidente do SINPROFAZ, Iolanda Guindani, esteve hoje (20) no Senado Federal, onde se reuniu com Izalci Lucas (PL\/DF). O senador preside a Comiss\u00e3o Tempor\u00e1ria Interna respons\u00e1vel por analisar os projetos de reforma dos Processos Administrativo e Tribut\u00e1rio.<\/p>\n","protected":false},"author":2,"featured_media":18427,"comment_status":"open","ping_status":"open","sticky":false,"template":"","format":"standard","meta":{"footnotes":""},"categories":[8],"tags":[43,44,53],"featured_image_url":"https:\/\/sinprofaz.org.br\/2024\/wp-content\/uploads\/2024\/06\/1-7.png","character_count":836,"formatted_date":"20\/06\/2024 - 18:02","contentNovo":"A presidente do SINPROFAZ, Iolanda Guindani, esteve hoje (20) no Senado Federal, onde se reuniu com Izalci Lucas (PL\/DF). O senador preside a Comiss\u00e3o Tempor\u00e1ria Interna respons\u00e1vel por analisar os projetos de reforma dos Processos Administrativo e Tribut\u00e1rio Nacional. Na ocasi\u00e3o, os presentes trataram do PL 2483\/22, que, relatado pelo senador Efraim Filho (Uni\u00e3o\/PB), amea\u00e7a uma importante compet\u00eancia dos PFNs.\r\n\r\nConsiderando os argumentos apresentados pela presidente do SINPROFAZ ao longo da reuni\u00e3o, Izalci Lucas decidiu promover um encontro, no gabinete em Bras\u00edlia\/DF, entre representantes da PGFN e da RFB. Assim, o senador sanar\u00e1 todas as d\u00favidas com rela\u00e7\u00e3o \u00e0s atribui\u00e7\u00f5es da Carreira e \u00e0 import\u00e2ncia da manuten\u00e7\u00e3o dessa atribui\u00e7\u00e3o dos PFNs. O encontro deve ser promovido em breve, em data acordada pelos interessados.\r\n\r\n<strong>Apoio da AGU\r\n<\/strong>Em reuni\u00e3o na data de ontem, o SINPROFAZ obteve uma importante sinaliza\u00e7\u00e3o do advogado-geral da Uni\u00e3o sobre o tema: ap\u00f3s empenho pessoal junto a lideran\u00e7as do Senado, o ministro obteve o compromisso de que a Casa n\u00e3o aprovar\u00e1 qualquer altera\u00e7\u00e3o prejudicial \u00e0s atribui\u00e7\u00f5es da Carreira.O SINPROFAZ - ao lado da AGU, da PGFN e das demais entidades representativas - segue atento \u00e0 tramita\u00e7\u00e3o do projeto de lei.\r\n\r\n[gallery link=\"file\" ids=\"18428,18429\"]\r\n\r\n","_links":{"self":[{"href":"https:\/\/sinprofaz.org.br\/2024\/wp-json\/wp\/v2\/posts\/18426"}],"collection":[{"href":"https:\/\/sinprofaz.org.br\/2024\/wp-json\/wp\/v2\/posts"}],"about":[{"href":"https:\/\/sinprofaz.org.br\/2024\/wp-json\/wp\/v2\/types\/post"}],"author":[{"embeddable":true,"href":"https:\/\/sinprofaz.org.br\/2024\/wp-json\/wp\/v2\/users\/2"}],"replies":[{"embeddable":true,"href":"https:\/\/sinprofaz.org.br\/2024\/wp-json\/wp\/v2\/comments?post=18426"}],"version-history":[{"count":2,"href":"https:\/\/sinprofaz.org.br\/2024\/wp-json\/wp\/v2\/posts\/18426\/revisions"}],"predecessor-version":[{"id":18468,"href":"https:\/\/sinprofaz.org.br\/2024\/wp-json\/wp\/v2\/posts\/18426\/revisions\/18468"}],"wp:featuredmedia":[{"embeddable":true,"href":"https:\/\/sinprofaz.org.br\/2024\/wp-json\/wp\/v2\/media\/18427"}],"wp:attachment":[{"href":"https:\/\/sinprofaz.org.br\/2024\/wp-json\/wp\/v2\/media?parent=18426"}],"wp:term":[{"taxonomy":"category","embeddable":true,"href":"https:\/\/sinprofaz.org.br\/2024\/wp-json\/wp\/v2\/categories?post=18426"},{"taxonomy":"post_tag","embeddable":true,"href":"https:\/\/sinprofaz.org.br\/2024\/wp-json\/wp\/v2\/tags?post=18426"}],"curies":[{"name":"wp","href":"https:\/\/api.w.org\/{rel}","templated":true}]}}