{"id":1841,"date":"2014-07-16T13:42:01","date_gmt":"2014-07-16T13:42:01","guid":{"rendered":""},"modified":"-0001-11-30T00:00:00","modified_gmt":"-0001-11-30T03:00:00","slug":"cancelada-reuniao-da-cft-da-camara-que-poderia-deliberar-sobre-honorarios","status":"publish","type":"post","link":"https:\/\/sinprofaz.org.br\/2024\/noticias\/cancelada-reuniao-da-cft-da-camara-que-poderia-deliberar-sobre-honorarios\/","title":{"rendered":"Cancelada reuni\u00e3o da CFT da C\u00e2mara que poderia deliberar sobre honor\u00e1rios"},"content":{"rendered":"<p>O Projeto de Lei 2279\/2011, que obriga o pagamento de honor\u00e1rios de sucumb\u00eancia aos advogados p\u00fablicos, alterando a Lei n\u00ba 8.906, de 4 de julho de 1994, est\u00e1 na pauta da reuni\u00e3o da Comiss\u00e3o de Finan\u00e7as e Tributa\u00e7\u00e3o da C\u00e2mara e poderia ter sido deliberado na reuni\u00e3o que estava prevista para hoje.<\/p>\n<p>A proposi\u00e7\u00e3o, que prev\u00ea o pagamento de honor\u00e1rios aos advogados p\u00fablicos, recebeu parecer favor\u00e1vel do relator na CFT, deputado Andr\u00e9 Figueiredo (PDT-CE).<\/p>\n","protected":false},"excerpt":{"rendered":"<p>Em raz\u00e3o da sess\u00e3o extraordin\u00e1ria convocada para a manh\u00e3 desta quarta-feira, 16\/07, no plen\u00e1rio da C\u00e2mara dos Deputados, as reuni\u00f5es de comiss\u00f5es foram canceladas.<\/p>\n","protected":false},"author":1,"featured_media":0,"comment_status":"closed","ping_status":"open","sticky":false,"template":"","format":"standard","meta":{"footnotes":""},"categories":[8],"tags":[],"featured_image_url":"https:\/\/dummyimage.com\/720x400","character_count":236,"formatted_date":"16\/07\/2014 - 13:42","contentNovo":"\r\n<p>O Projeto de Lei 2279\/2011, que obriga o pagamento de honor\u00e1rios de sucumb\u00eancia aos advogados p\u00fablicos, alterando a Lei n\u00ba 8.906, de 4 de julho de 1994, est\u00e1 na pauta da reuni\u00e3o da Comiss\u00e3o de Finan\u00e7as e Tributa\u00e7\u00e3o da C\u00e2mara e poderia ter sido deliberado na reuni\u00e3o que estava prevista para hoje.<\/p>\r\n<p>A proposi\u00e7\u00e3o, que prev\u00ea o pagamento de honor\u00e1rios aos advogados p\u00fablicos, recebeu parecer favor\u00e1vel do relator na CFT, deputado Andr\u00e9 Figueiredo (PDT-CE).<\/p>","_links":{"self":[{"href":"https:\/\/sinprofaz.org.br\/2024\/wp-json\/wp\/v2\/posts\/1841"}],"collection":[{"href":"https:\/\/sinprofaz.org.br\/2024\/wp-json\/wp\/v2\/posts"}],"about":[{"href":"https:\/\/sinprofaz.org.br\/2024\/wp-json\/wp\/v2\/types\/post"}],"author":[{"embeddable":true,"href":"https:\/\/sinprofaz.org.br\/2024\/wp-json\/wp\/v2\/users\/1"}],"replies":[{"embeddable":true,"href":"https:\/\/sinprofaz.org.br\/2024\/wp-json\/wp\/v2\/comments?post=1841"}],"version-history":[{"count":0,"href":"https:\/\/sinprofaz.org.br\/2024\/wp-json\/wp\/v2\/posts\/1841\/revisions"}],"wp:attachment":[{"href":"https:\/\/sinprofaz.org.br\/2024\/wp-json\/wp\/v2\/media?parent=1841"}],"wp:term":[{"taxonomy":"category","embeddable":true,"href":"https:\/\/sinprofaz.org.br\/2024\/wp-json\/wp\/v2\/categories?post=1841"},{"taxonomy":"post_tag","embeddable":true,"href":"https:\/\/sinprofaz.org.br\/2024\/wp-json\/wp\/v2\/tags?post=1841"}],"curies":[{"name":"wp","href":"https:\/\/api.w.org\/{rel}","templated":true}]}}