{"id":18403,"date":"2024-06-10T08:01:36","date_gmt":"2024-06-10T11:01:36","guid":{"rendered":"https:\/\/sinprofaz.org.br\/2024\/?p=18403"},"modified":"2024-06-20T11:52:37","modified_gmt":"2024-06-20T14:52:37","slug":"sinprofaz-comparece-a-cerimonia-de-posse-dos-novos-pfns","status":"publish","type":"post","link":"https:\/\/sinprofaz.org.br\/2024\/noticias\/sinprofaz-comparece-a-cerimonia-de-posse-dos-novos-pfns\/","title":{"rendered":"SINPROFAZ COMPARECE \u00c0 CERIM\u00d4NIA DE POSSE DOS NOVOS PFNS"},"content":{"rendered":"<p>Em solenidade preparada para os novos Membros da Advocacia-Geral da Uni\u00e3o, tomaram posse os 150 novos Procuradores e Procuradoras da Fazenda Nacional. O evento ocorreu no dia 7 de junho, no Centro Internacional de Conven\u00e7\u00f5es do Brasil, em Bras\u00edlia\/DF, e foi seguido por uma festa promovida conjuntamente pelas entidades. Na ocasi\u00e3o da cerim\u00f4nia de posse, o Sindicato foi representado pela presidente Iolanda Guindani, pelo vice-presidente Ricardo Queiroz e pelo diretor Guilherme Rossini Martins.<\/p>\n<p>&#8220;\u00c9 com grande felicidade que o SINPROFAZ participa hoje da solenidade e da festa de posse dos novos Membros da Procuradoria da Fazenda Nacional. O Sindicato e a Carreira compreendem toda a emo\u00e7\u00e3o e todo o orgulho dos empossandos e familiares neste dia de comemora\u00e7\u00e3o. \u00c0s novas e aos novos Colegas de toda parte do Pa\u00eds, o SINPROFAZ deseja ainda mais sucesso. Sejam muito bem-vindos \u00e0 Advocacia P\u00fablica Federal! Contamos com voc\u00eas\u00a0para\u00a0as lutas em prol da Carreira&#8221;, saudou Iolanda Guindani.<\/p>\n<p>Acesse e confira a \u00edntegra da cerim\u00f4nia de posse: <a href=\"http:\/\/www.youtube.com\/watch?v=ILfhhWvBsR8\" target=\"_blank\" rel=\"noopener\">www.youtube.com\/watch?v=ILfhhWvBsR8<\/a><\/p>\n\n\t\t<style type=\"text\/css\">\n\t\t\t#gallery-1 {\n\t\t\t\tmargin: auto;\n\t\t\t}\n\t\t\t#gallery-1 .gallery-item {\n\t\t\t\tfloat: left;\n\t\t\t\tmargin-top: 10px;\n\t\t\t\ttext-align: center;\n\t\t\t\twidth: 33%;\n\t\t\t}\n\t\t\t#gallery-1 img {\n\t\t\t\tborder: 2px solid #cfcfcf;\n\t\t\t}\n\t\t\t#gallery-1 .gallery-caption {\n\t\t\t\tmargin-left: 0;\n\t\t\t}\n\t\t\t\/* see gallery_shortcode() in wp-includes\/media.php *\/\n\t\t<\/style>\n\t\t<div id='gallery-1' class='gallery galleryid-18403 gallery-columns-3 gallery-size-thumbnail'><dl class='gallery-item'>\n\t\t\t<dt class='gallery-icon landscape'>\n\t\t\t\t<a href='https:\/\/sinprofaz.org.br\/2024\/wp-content\/uploads\/2024\/06\/2-4.png'><img loading=\"lazy\" decoding=\"async\" width=\"150\" height=\"150\" src=\"https:\/\/sinprofaz.org.br\/2024\/wp-content\/uploads\/2024\/06\/2-4-150x150.png\" class=\"attachment-thumbnail size-thumbnail\" alt=\"\" \/><\/a>\n\t\t\t<\/dt><\/dl><dl class='gallery-item'>\n\t\t\t<dt class='gallery-icon landscape'>\n\t\t\t\t<a href='https:\/\/sinprofaz.org.br\/2024\/wp-content\/uploads\/2024\/06\/3-3.png'><img loading=\"lazy\" decoding=\"async\" width=\"150\" height=\"150\" src=\"https:\/\/sinprofaz.org.br\/2024\/wp-content\/uploads\/2024\/06\/3-3-150x150.png\" class=\"attachment-thumbnail size-thumbnail\" alt=\"\" \/><\/a>\n\t\t\t<\/dt><\/dl>\n\t\t\t<br style='clear: both' \/>\n\t\t<\/div>\n\n","protected":false},"excerpt":{"rendered":"<p>Em solenidade preparada para os novos Membros da AGU, tomaram posse os 150 novos Procuradores e Procuradoras da Fazenda Nacional. O evento ocorreu no dia 7 de junho, no Centro Internacional de Conven\u00e7\u00f5es do Brasil, em Bras\u00edlia\/DF, e foi seguido por uma festa promovida conjuntamente pelas entidades. Acesse e saiba mais!<\/p>\n","protected":false},"author":2,"featured_media":18400,"comment_status":"open","ping_status":"open","sticky":false,"template":"","format":"standard","meta":{"footnotes":""},"categories":[8],"tags":[66,43,44],"featured_image_url":"https:\/\/sinprofaz.org.br\/2024\/wp-content\/uploads\/2024\/06\/1-5.png","character_count":738,"formatted_date":"10\/06\/2024 - 08:01","contentNovo":"Em solenidade preparada para os novos Membros da Advocacia-Geral da Uni\u00e3o, tomaram posse os 150 novos Procuradores e Procuradoras da Fazenda Nacional. O evento ocorreu no dia 7 de junho, no Centro Internacional de Conven\u00e7\u00f5es do Brasil, em Bras\u00edlia\/DF, e foi seguido por uma festa promovida conjuntamente pelas entidades. Na ocasi\u00e3o da cerim\u00f4nia de posse, o Sindicato foi representado pela presidente Iolanda Guindani, pelo vice-presidente Ricardo Queiroz e pelo diretor Guilherme Rossini Martins.\r\n\r\n\"\u00c9 com grande felicidade que o SINPROFAZ participa hoje da solenidade e da festa de posse dos novos Membros da Procuradoria da Fazenda Nacional. O Sindicato e a Carreira compreendem toda a emo\u00e7\u00e3o e todo o orgulho dos empossandos e familiares neste dia de comemora\u00e7\u00e3o. \u00c0s novas e aos novos Colegas de toda parte do Pa\u00eds, o SINPROFAZ deseja ainda mais sucesso. Sejam muito bem-vindos \u00e0 Advocacia P\u00fablica Federal! Contamos com voc\u00eas\u00a0para\u00a0as lutas em prol da Carreira\", saudou Iolanda Guindani.\r\n\r\nAcesse e confira a \u00edntegra da cerim\u00f4nia de posse: <a href=\"http:\/\/www.youtube.com\/watch?v=ILfhhWvBsR8\" target=\"_blank\" rel=\"noopener\">www.youtube.com\/watch?v=ILfhhWvBsR8<\/a>\r\n\r\n[gallery link=\"file\" ids=\"18401,18402\"]","_links":{"self":[{"href":"https:\/\/sinprofaz.org.br\/2024\/wp-json\/wp\/v2\/posts\/18403"}],"collection":[{"href":"https:\/\/sinprofaz.org.br\/2024\/wp-json\/wp\/v2\/posts"}],"about":[{"href":"https:\/\/sinprofaz.org.br\/2024\/wp-json\/wp\/v2\/types\/post"}],"author":[{"embeddable":true,"href":"https:\/\/sinprofaz.org.br\/2024\/wp-json\/wp\/v2\/users\/2"}],"replies":[{"embeddable":true,"href":"https:\/\/sinprofaz.org.br\/2024\/wp-json\/wp\/v2\/comments?post=18403"}],"version-history":[{"count":4,"href":"https:\/\/sinprofaz.org.br\/2024\/wp-json\/wp\/v2\/posts\/18403\/revisions"}],"predecessor-version":[{"id":18422,"href":"https:\/\/sinprofaz.org.br\/2024\/wp-json\/wp\/v2\/posts\/18403\/revisions\/18422"}],"wp:featuredmedia":[{"embeddable":true,"href":"https:\/\/sinprofaz.org.br\/2024\/wp-json\/wp\/v2\/media\/18400"}],"wp:attachment":[{"href":"https:\/\/sinprofaz.org.br\/2024\/wp-json\/wp\/v2\/media?parent=18403"}],"wp:term":[{"taxonomy":"category","embeddable":true,"href":"https:\/\/sinprofaz.org.br\/2024\/wp-json\/wp\/v2\/categories?post=18403"},{"taxonomy":"post_tag","embeddable":true,"href":"https:\/\/sinprofaz.org.br\/2024\/wp-json\/wp\/v2\/tags?post=18403"}],"curies":[{"name":"wp","href":"https:\/\/api.w.org\/{rel}","templated":true}]}}