{"id":184,"date":"2011-03-28T17:37:23","date_gmt":"2011-03-28T17:37:23","guid":{"rendered":""},"modified":"-0001-11-30T00:00:00","modified_gmt":"-0001-11-30T03:00:00","slug":"200601009562-0","status":"publish","type":"post","link":"https:\/\/sinprofaz.org.br\/2024\/sem-categoria\/200601009562-0\/","title":{"rendered":"2006.01.009562-0"},"content":{"rendered":"","protected":false},"excerpt":{"rendered":"<p><strong>Arquivos:<\/strong><br \/> <a class=\"book_icon\" title=\"Processo 2006.01.009562-0 APENSO\" href=\"images\/stories\/processos\/2006.01.009562-0_apenso.pdf\" target=\"_blank\">Apenso<\/a><\/p>\n<p><b>IMPORTANTE:<\/b> (OS N\u00daMEROS DE FLS. INDICADOS S\u00c3O OS DO ARQUIVO DIGITAL. O VOLUME CORRESPONDE A UM DOS ARQUIVOS DIGITAIS QUE S\u00c3O DIVIDIDOS EM VOLUMES)<\/p>\n<p><b>\u00cdndice:<\/b><\/p>\n<table class=\"tb_processo\">\n<thead>\n<tr>\n<td>Identifica\u00e7\u00e3o<\/td>\n<td>Fl.<\/td>\n<td>Vol.<\/td>\n<\/tr>\n<tr>\n<td>Agravo de Instrumento do Sinprofaz<\/td>\n<td>03<\/td>\n<td>01<\/td>\n<\/tr>\n<tr>\n<td>C\u00f3pia da Decis\u00e3o Agravada<\/td>\n<td>120<\/td>\n<td>01<\/td>\n<\/tr>\n<tr>\n<td>Decis\u00e3o que Indeferiu Antecipa\u00e7\u00e3o de Tutela Recursal<\/td>\n<td>126<\/td>\n<td>01<\/td>\n<\/tr>\n<tr>\n<td>Decis\u00e3o que Extinguiu o Feito por Perda do Objeto<\/td>\n<td>143<\/td>\n<td>01<\/td>\n<\/tr>\n<\/thead>\n<\/table>\n<p><b>Processos vinculados:<\/b> 2006.34.00.004776-7<\/p>\n<p><!--\n\n<p><b>Data de atualiza\u00e7\u00e3o:<\/b> 11\/11\/2010<\/p>\n\n--><\/p>\n<p><b>\u00daltima folha:<\/b> 120<\/p>\n<p><b>OBJETO:<\/b><\/p>\n<p>Diante do exposto, presentes os pressupostos do art. 558, do C\u00f3digo de Processo Civil, requer a suspens\u00e3o dos efeitos do r. despacho agravado, deferindo liminarmente, inaudita altera pars, para que as Autoridades Coatoras ora agravadas:<\/p>\n<p>Abstenham-se de efetuar o qualquer desconto dos dias parados em virtude de deflagra\u00e7\u00e3o de movimento grevista dos Procuradores da Fazenda Nacional, por interm\u00e9dio de sua Entidade Sindical representativa, consoante listagem em anexo, bem como de eventuais reten\u00e7\u00f5es de remunera\u00e7\u00e3o, abstendo-se, ainda de fazer anota\u00e7\u00f5es funcionais que posam gerar efeitos negativos de qualquer natureza aos substitu\u00eddos, inclusive em est\u00e1gio probat\u00f3rio, promo\u00e7\u00f5es, remo\u00e7\u00f5es ou permutas.<\/p>\n","protected":false},"author":1,"featured_media":0,"comment_status":"closed","ping_status":"open","sticky":false,"template":"","format":"standard","meta":{"footnotes":""},"categories":[1],"tags":[],"featured_image_url":"https:\/\/dummyimage.com\/720x400","character_count":0,"formatted_date":"28\/03\/2011 - 17:37","contentNovo":"","_links":{"self":[{"href":"https:\/\/sinprofaz.org.br\/2024\/wp-json\/wp\/v2\/posts\/184"}],"collection":[{"href":"https:\/\/sinprofaz.org.br\/2024\/wp-json\/wp\/v2\/posts"}],"about":[{"href":"https:\/\/sinprofaz.org.br\/2024\/wp-json\/wp\/v2\/types\/post"}],"author":[{"embeddable":true,"href":"https:\/\/sinprofaz.org.br\/2024\/wp-json\/wp\/v2\/users\/1"}],"replies":[{"embeddable":true,"href":"https:\/\/sinprofaz.org.br\/2024\/wp-json\/wp\/v2\/comments?post=184"}],"version-history":[{"count":0,"href":"https:\/\/sinprofaz.org.br\/2024\/wp-json\/wp\/v2\/posts\/184\/revisions"}],"wp:attachment":[{"href":"https:\/\/sinprofaz.org.br\/2024\/wp-json\/wp\/v2\/media?parent=184"}],"wp:term":[{"taxonomy":"category","embeddable":true,"href":"https:\/\/sinprofaz.org.br\/2024\/wp-json\/wp\/v2\/categories?post=184"},{"taxonomy":"post_tag","embeddable":true,"href":"https:\/\/sinprofaz.org.br\/2024\/wp-json\/wp\/v2\/tags?post=184"}],"curies":[{"name":"wp","href":"https:\/\/api.w.org\/{rel}","templated":true}]}}