{"id":1839,"date":"2014-07-15T19:33:22","date_gmt":"2014-07-15T19:33:22","guid":{"rendered":""},"modified":"-0001-11-30T00:00:00","modified_gmt":"-0001-11-30T03:00:00","slug":"agu-e-ministerio-do-planejamento-contra-o-legislativo-o-stf-e-as-mulheres","status":"publish","type":"post","link":"https:\/\/sinprofaz.org.br\/2024\/noticias\/agu-e-ministerio-do-planejamento-contra-o-legislativo-o-stf-e-as-mulheres\/","title":{"rendered":"AGU e Minist\u00e9rio do Planejamento contra o Legislativo, o STF e as mulheres"},"content":{"rendered":"<p>No artigo, Her\u00e1clio Luciano e Pablo Luciano criticam a iniciativa do governo de suspender o est\u00e1gio probat\u00f3rio em todas as hip\u00f3teses de afastamento do servidor p\u00fablico. A norma, entre outros equ\u00edvocos, viola o direito \u00e0 maternidade.<\/p>\n<p><a href=\"http:\/\/congressoemfoco.uol.com.br\/noticias\/agu-e-mpog-contra-o-legislativo-o-stf-e-as-mulheres\/\" target=\"_blank\">Leia aqui<\/a> a \u00edntegra do artigo.<\/p>\n","protected":false},"excerpt":{"rendered":"<p>Este \u00e9 o t\u00edtulo de artigo publicado nesta ter\u00e7a-feira (15) no site Congresso em Foco. Assinado pelos presidentes do SINPROFAZ e da APBC, o texto aponta erro do governo na decis\u00e3o de suspender o est\u00e1gio probat\u00f3rio.<\/p>\n","protected":false},"author":1,"featured_media":0,"comment_status":"closed","ping_status":"open","sticky":false,"template":"","format":"standard","meta":{"footnotes":""},"categories":[8],"tags":[],"featured_image_url":"https:\/\/dummyimage.com\/720x400","character_count":136,"formatted_date":"15\/07\/2014 - 19:33","contentNovo":"\r\n<p>No artigo, Her\u00e1clio Luciano e Pablo Luciano criticam a iniciativa do governo de suspender o est\u00e1gio probat\u00f3rio em todas as hip\u00f3teses de afastamento do servidor p\u00fablico. A norma, entre outros equ\u00edvocos, viola o direito \u00e0 maternidade.<\/p>\r\n<p><a href=\"http:\/\/congressoemfoco.uol.com.br\/noticias\/agu-e-mpog-contra-o-legislativo-o-stf-e-as-mulheres\/\" target=\"_blank\">Leia aqui<\/a> a \u00edntegra do artigo.<\/p>","_links":{"self":[{"href":"https:\/\/sinprofaz.org.br\/2024\/wp-json\/wp\/v2\/posts\/1839"}],"collection":[{"href":"https:\/\/sinprofaz.org.br\/2024\/wp-json\/wp\/v2\/posts"}],"about":[{"href":"https:\/\/sinprofaz.org.br\/2024\/wp-json\/wp\/v2\/types\/post"}],"author":[{"embeddable":true,"href":"https:\/\/sinprofaz.org.br\/2024\/wp-json\/wp\/v2\/users\/1"}],"replies":[{"embeddable":true,"href":"https:\/\/sinprofaz.org.br\/2024\/wp-json\/wp\/v2\/comments?post=1839"}],"version-history":[{"count":0,"href":"https:\/\/sinprofaz.org.br\/2024\/wp-json\/wp\/v2\/posts\/1839\/revisions"}],"wp:attachment":[{"href":"https:\/\/sinprofaz.org.br\/2024\/wp-json\/wp\/v2\/media?parent=1839"}],"wp:term":[{"taxonomy":"category","embeddable":true,"href":"https:\/\/sinprofaz.org.br\/2024\/wp-json\/wp\/v2\/categories?post=1839"},{"taxonomy":"post_tag","embeddable":true,"href":"https:\/\/sinprofaz.org.br\/2024\/wp-json\/wp\/v2\/tags?post=1839"}],"curies":[{"name":"wp","href":"https:\/\/api.w.org\/{rel}","templated":true}]}}