{"id":1838,"date":"2014-07-15T18:18:19","date_gmt":"2014-07-15T18:18:19","guid":{"rendered":""},"modified":"-0001-11-30T00:00:00","modified_gmt":"-0001-11-30T03:00:00","slug":"honorarios-votacao-no-senado-ficou-para-agosto","status":"publish","type":"post","link":"https:\/\/sinprofaz.org.br\/2024\/noticias\/honorarios-votacao-no-senado-ficou-para-agosto\/","title":{"rendered":"Honor\u00e1rios: vota\u00e7\u00e3o no Senado ficou para agosto"},"content":{"rendered":"<p>O calend\u00e1rio da comiss\u00e3o tempor\u00e1ria que analisa as mudan\u00e7as aprovadas na C\u00e2mara ao projeto do novo CPC previa para esta semana a vota\u00e7\u00e3o, inclusive em plen\u00e1rio, do relat\u00f3rio de Vital do Rego. Dessa forma, a mat\u00e9ria seria liquidada antes do recesso parlamentar.<\/p>\n<p>Contudo, os membros da comiss\u00e3o de juristas, onde se originou o projeto do novo CPC, ainda n\u00e3o concluiram a an\u00e1lise do parecer do senador, que fez quest\u00e3o de ouvi-los antes de submeter o texto \u00e0 aprecia\u00e7\u00e3o da comiss\u00e3o tempor\u00e1ria.<\/p>\n<p>A diretoria do SINPROFAZ est\u00e1 presente no Senado Federal acompanhando o desfecho das negocia\u00e7\u00f5es em torno do parecer e a expectativa \u00e9 de que o senador tenha mantido no relat\u00f3rio o pagamento de honor\u00e1rios aos advogados p\u00fablicos, conforme aprovado na C\u00e2mara Federal.<\/p>\n","protected":false},"excerpt":{"rendered":"<p>O parecer do relator, senador Vital do Rego (PMDB-PB), j\u00e1 est\u00e1 pronto e aguarda aprecia\u00e7\u00e3o da comiss\u00e3o de juristas do Senado que elaborou o projeto do novo CPC.<\/p>\n","protected":false},"author":1,"featured_media":0,"comment_status":"closed","ping_status":"open","sticky":false,"template":"","format":"standard","meta":{"footnotes":""},"categories":[8],"tags":[],"featured_image_url":"https:\/\/dummyimage.com\/720x400","character_count":392,"formatted_date":"15\/07\/2014 - 18:18","contentNovo":"\r\n<p>O calend\u00e1rio da comiss\u00e3o tempor\u00e1ria que analisa as mudan\u00e7as aprovadas na C\u00e2mara ao projeto do novo CPC previa para esta semana a vota\u00e7\u00e3o, inclusive em plen\u00e1rio, do relat\u00f3rio de Vital do Rego. Dessa forma, a mat\u00e9ria seria liquidada antes do recesso parlamentar.<\/p>\r\n<p>Contudo, os membros da comiss\u00e3o de juristas, onde se originou o projeto do novo CPC, ainda n\u00e3o concluiram a an\u00e1lise do parecer do senador, que fez quest\u00e3o de ouvi-los antes de submeter o texto \u00e0 aprecia\u00e7\u00e3o da comiss\u00e3o tempor\u00e1ria.<\/p>\r\n<p>A diretoria do SINPROFAZ est\u00e1 presente no Senado Federal acompanhando o desfecho das negocia\u00e7\u00f5es em torno do parecer e a expectativa \u00e9 de que o senador tenha mantido no relat\u00f3rio o pagamento de honor\u00e1rios aos advogados p\u00fablicos, conforme aprovado na C\u00e2mara Federal.<\/p>","_links":{"self":[{"href":"https:\/\/sinprofaz.org.br\/2024\/wp-json\/wp\/v2\/posts\/1838"}],"collection":[{"href":"https:\/\/sinprofaz.org.br\/2024\/wp-json\/wp\/v2\/posts"}],"about":[{"href":"https:\/\/sinprofaz.org.br\/2024\/wp-json\/wp\/v2\/types\/post"}],"author":[{"embeddable":true,"href":"https:\/\/sinprofaz.org.br\/2024\/wp-json\/wp\/v2\/users\/1"}],"replies":[{"embeddable":true,"href":"https:\/\/sinprofaz.org.br\/2024\/wp-json\/wp\/v2\/comments?post=1838"}],"version-history":[{"count":0,"href":"https:\/\/sinprofaz.org.br\/2024\/wp-json\/wp\/v2\/posts\/1838\/revisions"}],"wp:attachment":[{"href":"https:\/\/sinprofaz.org.br\/2024\/wp-json\/wp\/v2\/media?parent=1838"}],"wp:term":[{"taxonomy":"category","embeddable":true,"href":"https:\/\/sinprofaz.org.br\/2024\/wp-json\/wp\/v2\/categories?post=1838"},{"taxonomy":"post_tag","embeddable":true,"href":"https:\/\/sinprofaz.org.br\/2024\/wp-json\/wp\/v2\/tags?post=1838"}],"curies":[{"name":"wp","href":"https:\/\/api.w.org\/{rel}","templated":true}]}}