{"id":1837,"date":"2014-07-11T18:38:52","date_gmt":"2014-07-11T18:38:52","guid":{"rendered":""},"modified":"-0001-11-30T00:00:00","modified_gmt":"-0001-11-30T03:00:00","slug":"projeto-sobre-honorarios-na-pauta-da-cft-da-camara","status":"publish","type":"post","link":"https:\/\/sinprofaz.org.br\/2024\/noticias\/projeto-sobre-honorarios-na-pauta-da-cft-da-camara\/","title":{"rendered":"Projeto sobre honor\u00e1rios na pauta da CFT da C\u00e2mara"},"content":{"rendered":"<p><span style=\"background: none repeat scroll 0% 0% yellow;\"><\/span>O Projeto de Lei 2279\/2011, que obriga o pagamento de honor\u00e1rios de sucumb\u00eancia aos advogados p\u00fablicos, alterando a Lei n\u00ba 8.906, de 4 de julho de 1994, est\u00e1 na pauta da pr\u00f3xima reuni\u00e3o da Comiss\u00e3o de Finan\u00e7as e Tributa\u00e7\u00e3o da C\u00e2mara.<\/p>\n<p>Na reuni\u00e3o, que ocorrer\u00e1 na quarta-feira, 16\/07, a partir das 10h, os deputados podem votar o parecer do relator, deputado Andr\u00e9 Figueiredo (PDT-CE), que se posicionou pela aprova\u00e7\u00e3o do projeto.<\/p>\n<p>Leia o parecer:<\/p>\n<p><a href=\"http:\/\/www.camara.gov.br\/proposicoesWeb\/prop_mostrarintegra?codteor=1250578&amp;filename=Tramitacao-PL+2279\/2011\" target=\"_blank\">http:\/\/www.camara.gov.br\/<wbr \/>proposicoesWeb\/prop_<wbr \/>mostrarintegra?codteor=<wbr \/>1250578&amp;filename=Tramitacao-<wbr \/>PL+2279\/2011<\/a><\/p>\n","protected":false},"excerpt":{"rendered":"<p>Comiss\u00e3o de Finan\u00e7as e Tributa\u00e7\u00e3o da C\u00e2mara pode votar na semana que vem parecer favor\u00e1vel ao pagamento de honor\u00e1rios aos advogados p\u00fablicos.<\/p>\n","protected":false},"author":1,"featured_media":0,"comment_status":"closed","ping_status":"open","sticky":false,"template":"","format":"standard","meta":{"footnotes":""},"categories":[8],"tags":[],"featured_image_url":"https:\/\/dummyimage.com\/720x400","character_count":288,"formatted_date":"11\/07\/2014 - 18:38","contentNovo":"\r\n<p>O Projeto de Lei 2279\/2011, que obriga o pagamento de honor\u00e1rios de sucumb\u00eancia aos advogados p\u00fablicos, alterando a Lei n\u00ba 8.906, de 4 de julho de 1994, est\u00e1 na pauta da pr\u00f3xima reuni\u00e3o da Comiss\u00e3o de Finan\u00e7as e Tributa\u00e7\u00e3o da C\u00e2mara.<\/p>\r\n<p>Na reuni\u00e3o, que ocorrer\u00e1 na quarta-feira, 16\/07, a partir das 10h, os deputados podem votar o parecer do relator, deputado Andr\u00e9 Figueiredo (PDT-CE), que se posicionou pela aprova\u00e7\u00e3o do projeto.<\/p>\r\n<p>Leia o parecer:<\/p>\r\n<p><a href=\"http:\/\/www.camara.gov.br\/proposicoesWeb\/prop_mostrarintegra?codteor=1250578&amp;filename=Tramitacao-PL+2279\/2011\" target=\"_blank\">http:\/\/www.camara.gov.br\/proposicoesWeb\/prop_mostrarintegra?codteor=1250578&amp;filename=Tramitacao-PL+2279\/2011<\/a><\/p>","_links":{"self":[{"href":"https:\/\/sinprofaz.org.br\/2024\/wp-json\/wp\/v2\/posts\/1837"}],"collection":[{"href":"https:\/\/sinprofaz.org.br\/2024\/wp-json\/wp\/v2\/posts"}],"about":[{"href":"https:\/\/sinprofaz.org.br\/2024\/wp-json\/wp\/v2\/types\/post"}],"author":[{"embeddable":true,"href":"https:\/\/sinprofaz.org.br\/2024\/wp-json\/wp\/v2\/users\/1"}],"replies":[{"embeddable":true,"href":"https:\/\/sinprofaz.org.br\/2024\/wp-json\/wp\/v2\/comments?post=1837"}],"version-history":[{"count":0,"href":"https:\/\/sinprofaz.org.br\/2024\/wp-json\/wp\/v2\/posts\/1837\/revisions"}],"wp:attachment":[{"href":"https:\/\/sinprofaz.org.br\/2024\/wp-json\/wp\/v2\/media?parent=1837"}],"wp:term":[{"taxonomy":"category","embeddable":true,"href":"https:\/\/sinprofaz.org.br\/2024\/wp-json\/wp\/v2\/categories?post=1837"},{"taxonomy":"post_tag","embeddable":true,"href":"https:\/\/sinprofaz.org.br\/2024\/wp-json\/wp\/v2\/tags?post=1837"}],"curies":[{"name":"wp","href":"https:\/\/api.w.org\/{rel}","templated":true}]}}