{"id":1836,"date":"2014-07-11T14:42:12","date_gmt":"2014-07-11T14:42:12","guid":{"rendered":""},"modified":"-0001-11-30T00:00:00","modified_gmt":"-0001-11-30T03:00:00","slug":"casa-civil-da-presidencia-da-republica-tem-novo-subchefe","status":"publish","type":"post","link":"https:\/\/sinprofaz.org.br\/2024\/noticias\/casa-civil-da-presidencia-da-republica-tem-novo-subchefe\/","title":{"rendered":"Casa Civil da Presid\u00eancia da Rep\u00fablica tem novo subchefe"},"content":{"rendered":"<p>&#8220;O Procurador da Fazenda Nacional, Dr. Jorge Messias, em decreto publicado no Di\u00e1rio Oficial desta quinta-feira (10\/07), foi nomeado pela Presidente Dilma Rousseff novo Subchefe de An\u00e1lise e Acompanhamento das Pol\u00edticas Governamentais da Casa Civil da Presid\u00eancia da Rep\u00fablica (SAG), tornando-se um dos principais auxiliares do ministro Aloizio Mercadante na tarefa de coordena\u00e7\u00e3o do Governo.<\/p>\n<p>Homem da confian\u00e7a estrita do ministro Chefe da Casa Civil, Jorge Messias foi Chefe da Consultoria Jur\u00eddica do Minist\u00e9rio da Ci\u00eancia, Tecnologia e Inova\u00e7\u00e3o e Secret\u00e1rio de Regula\u00e7\u00e3o e Supervis\u00e3o da Educa\u00e7\u00e3o Superior do Minist\u00e9rio da Educa\u00e7\u00e3o nas gest\u00f5es de Aloizio Mercadante.<\/p>\n<p>Tecnicamente preparado e politicamente habilidoso, Messias recebeu muitos elogios em sua passagem pelas duas Pastas n\u00e3o apenas por dar seguran\u00e7a jur\u00eddica ao titular do minist\u00e9rio, mas tamb\u00e9m por propor iniciativas e coordenar seu processo de tomada de decis\u00e3o e de implementa\u00e7\u00e3o.<\/p>\n<p>Na Casa Civil, Jorge Messias tem o desafio de substituir uma das maiores autoridades em Administra\u00e7\u00e3o P\u00fablica Federal, o doutor Luiz Alberto dos Santos, que durante quase 12 anos teve a miss\u00e3o, auxiliado por uma equipe de 40 profissionais dos mais qualificados do Pa\u00eds, de analisar o m\u00e9rito, a oportunidade e a compatibilidade dos atos governamentais (projetos, medidas provis\u00f3rias, decretos etc) submetidos \u00e0 assinatura do titular da Presid\u00eancia da Rep\u00fablica, al\u00e9m de coordenar a compatibilidade desses atos com as diretrizes governamentais.<\/p>\n<p>A Subchefia, para cumprimento de suas relevantes fun\u00e7\u00f5es, est\u00e1 estruturada em quatro n\u00facleos: Pol\u00edtica Social, Pol\u00edtica de Infraestrutura, Pol\u00edtica Econ\u00f4mica, Pol\u00edtica de Estado e Governo, numa reprodu\u00e7\u00e3o micro das fun\u00e7\u00f5es do Governo. Cada n\u00facleo \u00e9 coordenado por um subchefe-adjunto e conta com assessores com forma\u00e7\u00e3o e experi\u00eancia na formula\u00e7\u00e3o de pol\u00edticas p\u00fablicas e na resolu\u00e7\u00e3o de problemas.<\/p>\n<p>O novo subchefe ter\u00e1 \u00e0 sua disposi\u00e7\u00e3o, caso deseje, a quase totalidade da equipe de seu antecessor \u2013 formada por profissionais da elite do Servi\u00e7o P\u00fablico, com larga experi\u00eancia em gest\u00e3o e formula\u00e7\u00e3o de pol\u00edticas p\u00fablicas \u2013 o que, combinado com sua experi\u00eancia profissional e o fato de gozar da inteira confian\u00e7a do ministro, poder\u00e1 facilitar, sobremaneira, sua miss\u00e3o de retomar o protagonismo desse \u00f3rg\u00e3o de governo, um dos mais importantes do Pal\u00e1cio do Planalto.<\/p>\n<p>O profissional Jorge Messias \u2013 que tamb\u00e9m j\u00e1 foi Procurador do Banco Central do Brasil e Coordenador-Geral de Assuntos Societ\u00e1rios da Uni\u00e3o na Procuradoria-Geral da Fazenda Nacional \u2013 com seus conhecimentos t\u00e9cnicos e habilidades pol\u00edticas e pessoais, al\u00e9m do apoio incondicional do ministro Mercadante, tem tudo para ter um grande desempenho frente \u00e0 SAG, contribuindo tanto no m\u00e9rito, quanto no processo democr\u00e1tico, na formula\u00e7\u00e3o de pol\u00edticas p\u00fablicas e coordena\u00e7\u00e3o governamental. Sucesso ao jovem e talentoso gestor p\u00fablico!&#8221; <em>Ant\u00f4nio Augusto de Queiroz \u00e9 jornalista, analista pol\u00edtico e diretor de Documenta\u00e7\u00e3o do Diap<\/em>.<\/p>\n","protected":false},"excerpt":{"rendered":"<p>Em artigo, assessor parlamentar do SINPROFAZ comenta os desafios profissionais do novo Subchefe de An\u00e1lise e Acompanhamento das Pol\u00edticas Governamentais da Casa Civil da Presid\u00eancia da Rep\u00fablica, o PFN Jorge Messias.<\/p>\n","protected":false},"author":1,"featured_media":0,"comment_status":"closed","ping_status":"open","sticky":false,"template":"","format":"standard","meta":{"footnotes":""},"categories":[8],"tags":[],"featured_image_url":"https:\/\/dummyimage.com\/720x400","character_count":1556,"formatted_date":"11\/07\/2014 - 14:42","contentNovo":"\r\n<p>\"O Procurador da Fazenda Nacional, Dr. Jorge Messias, em decreto publicado no Di\u00e1rio Oficial desta quinta-feira (10\/07), foi nomeado pela Presidente Dilma Rousseff novo Subchefe de An\u00e1lise e Acompanhamento das Pol\u00edticas Governamentais da Casa Civil da Presid\u00eancia da Rep\u00fablica (SAG), tornando-se um dos principais auxiliares do ministro Aloizio Mercadante na tarefa de coordena\u00e7\u00e3o do Governo.<\/p>\r\n<p>Homem da confian\u00e7a estrita do ministro Chefe da Casa Civil, Jorge Messias foi Chefe da Consultoria Jur\u00eddica do Minist\u00e9rio da Ci\u00eancia, Tecnologia e Inova\u00e7\u00e3o e Secret\u00e1rio de Regula\u00e7\u00e3o e Supervis\u00e3o da Educa\u00e7\u00e3o Superior do Minist\u00e9rio da Educa\u00e7\u00e3o nas gest\u00f5es de Aloizio Mercadante.<\/p>\r\n<p>Tecnicamente preparado e politicamente habilidoso, Messias recebeu muitos elogios em sua passagem pelas duas Pastas n\u00e3o apenas por dar seguran\u00e7a jur\u00eddica ao titular do minist\u00e9rio, mas tamb\u00e9m por propor iniciativas e coordenar seu processo de tomada de decis\u00e3o e de implementa\u00e7\u00e3o.<\/p>\r\n<p>Na Casa Civil, Jorge Messias tem o desafio de substituir uma das maiores autoridades em Administra\u00e7\u00e3o P\u00fablica Federal, o doutor Luiz Alberto dos Santos, que durante quase 12 anos teve a miss\u00e3o, auxiliado por uma equipe de 40 profissionais dos mais qualificados do Pa\u00eds, de analisar o m\u00e9rito, a oportunidade e a compatibilidade dos atos governamentais (projetos, medidas provis\u00f3rias, decretos etc) submetidos \u00e0 assinatura do titular da Presid\u00eancia da Rep\u00fablica, al\u00e9m de coordenar a compatibilidade desses atos com as diretrizes governamentais.<\/p>\r\n<p>A Subchefia, para cumprimento de suas relevantes fun\u00e7\u00f5es, est\u00e1 estruturada em quatro n\u00facleos: Pol\u00edtica Social, Pol\u00edtica de Infraestrutura, Pol\u00edtica Econ\u00f4mica, Pol\u00edtica de Estado e Governo, numa reprodu\u00e7\u00e3o micro das fun\u00e7\u00f5es do Governo. Cada n\u00facleo \u00e9 coordenado por um subchefe-adjunto e conta com assessores com forma\u00e7\u00e3o e experi\u00eancia na formula\u00e7\u00e3o de pol\u00edticas p\u00fablicas e na resolu\u00e7\u00e3o de problemas.<\/p>\r\n<p>O novo subchefe ter\u00e1 \u00e0 sua disposi\u00e7\u00e3o, caso deseje, a quase totalidade da equipe de seu antecessor \u2013 formada por profissionais da elite do Servi\u00e7o P\u00fablico, com larga experi\u00eancia em gest\u00e3o e formula\u00e7\u00e3o de pol\u00edticas p\u00fablicas \u2013 o que, combinado com sua experi\u00eancia profissional e o fato de gozar da inteira confian\u00e7a do ministro, poder\u00e1 facilitar, sobremaneira, sua miss\u00e3o de retomar o protagonismo desse \u00f3rg\u00e3o de governo, um dos mais importantes do Pal\u00e1cio do Planalto.<\/p>\r\n<p>O profissional Jorge Messias \u2013 que tamb\u00e9m j\u00e1 foi Procurador do Banco Central do Brasil e Coordenador-Geral de Assuntos Societ\u00e1rios da Uni\u00e3o na Procuradoria-Geral da Fazenda Nacional \u2013 com seus conhecimentos t\u00e9cnicos e habilidades pol\u00edticas e pessoais, al\u00e9m do apoio incondicional do ministro Mercadante, tem tudo para ter um grande desempenho frente \u00e0 SAG, contribuindo tanto no m\u00e9rito, quanto no processo democr\u00e1tico, na formula\u00e7\u00e3o de pol\u00edticas p\u00fablicas e coordena\u00e7\u00e3o governamental. Sucesso ao jovem e talentoso gestor p\u00fablico!\" <em>Ant\u00f4nio Augusto de Queiroz \u00e9 jornalista, analista pol\u00edtico e diretor de Documenta\u00e7\u00e3o do Diap<\/em>.<\/p>","_links":{"self":[{"href":"https:\/\/sinprofaz.org.br\/2024\/wp-json\/wp\/v2\/posts\/1836"}],"collection":[{"href":"https:\/\/sinprofaz.org.br\/2024\/wp-json\/wp\/v2\/posts"}],"about":[{"href":"https:\/\/sinprofaz.org.br\/2024\/wp-json\/wp\/v2\/types\/post"}],"author":[{"embeddable":true,"href":"https:\/\/sinprofaz.org.br\/2024\/wp-json\/wp\/v2\/users\/1"}],"replies":[{"embeddable":true,"href":"https:\/\/sinprofaz.org.br\/2024\/wp-json\/wp\/v2\/comments?post=1836"}],"version-history":[{"count":0,"href":"https:\/\/sinprofaz.org.br\/2024\/wp-json\/wp\/v2\/posts\/1836\/revisions"}],"wp:attachment":[{"href":"https:\/\/sinprofaz.org.br\/2024\/wp-json\/wp\/v2\/media?parent=1836"}],"wp:term":[{"taxonomy":"category","embeddable":true,"href":"https:\/\/sinprofaz.org.br\/2024\/wp-json\/wp\/v2\/categories?post=1836"},{"taxonomy":"post_tag","embeddable":true,"href":"https:\/\/sinprofaz.org.br\/2024\/wp-json\/wp\/v2\/tags?post=1836"}],"curies":[{"name":"wp","href":"https:\/\/api.w.org\/{rel}","templated":true}]}}