{"id":18343,"date":"2024-06-06T11:49:49","date_gmt":"2024-06-06T14:49:49","guid":{"rendered":"https:\/\/sinprofaz.org.br\/2024\/?p=18343"},"modified":"2024-06-06T11:56:10","modified_gmt":"2024-06-06T14:56:10","slug":"vitoria-sinprofaz-e-entidades-asseguram-prerrogativa-remuneratoria-da-carreira","status":"publish","type":"post","link":"https:\/\/sinprofaz.org.br\/2024\/noticias\/vitoria-sinprofaz-e-entidades-asseguram-prerrogativa-remuneratoria-da-carreira\/","title":{"rendered":"VIT\u00d3RIA: SINPROFAZ E ENTIDADES ASSEGURAM PRERROGATIVA DA CARREIRA"},"content":{"rendered":"<p>O SINPROFAZ, representado pela presidente Iolanda Guindani e por Colegas filiados, esteve durante toda a quarta-feira (5) no Congresso Nacional. A mobiliza\u00e7\u00e3o de Sindicato e demais entidades come\u00e7ou logo cedo, em virtude da aprova\u00e7\u00e3o do requerimento de urg\u00eancia para a vota\u00e7\u00e3o, em plen\u00e1rio, do projeto de lei 6381\/2019. A atua\u00e7\u00e3o parlamentar na C\u00e2mara dos Deputados e o empenho pessoal de Colegas da Administra\u00e7\u00e3o resultaram, felizmente, na retirada do requerimento de urg\u00eancia ainda pela manh\u00e3.<\/p>\n<p>&#8220;Foi com grande al\u00edvio que recebemos a not\u00edcia de que o pedido de urg\u00eancia para a vota\u00e7\u00e3o do projeto de lei havia sido retirado. A medida \u00e9 paliativa, porque o projeto segue pronto para pauta na Comiss\u00e3o de Constitui\u00e7\u00e3o e Justi\u00e7a e de Cidadania (CCJC) da C\u00e2mara. Por isso, seguiremos &#8211; entidades e Administra\u00e7\u00e3o\u00a0&#8211; trabalhando em conjunto diuturnamente. Neste momento, no entanto, podemos comemorar essa importante vit\u00f3ria da Carreira&#8221;, declarou a presidente do SINPROFAZ, Iolanda Guindani.<\/p>\n<p>Para a vit\u00f3ria, a Advocacia P\u00fablica contou com a interven\u00e7\u00e3o de Tadeu Alencar. Filiado ao SINPROFAZ, o PFN foi deputado federal (PSB\/PE) por dois mandatos (2015-2022), tendo exercido a lideran\u00e7a do PSB (2018-2019) e a vice-lideran\u00e7a da oposi\u00e7\u00e3o ao governo (2021-2022). &#8220;Com grande prazer, colaboramos hoje nessa articula\u00e7\u00e3o dentro do Congresso Nacional. S\u00e3o inaceit\u00e1veis quaisquer ataques \u00e0 Advocacia P\u00fablica, que, ao longo do tempo, vem prestando inestim\u00e1veis servi\u00e7os ao Estado&#8221;, destacou.<\/p>\n<p><strong>Apoios fundamentais<br \/>\n<\/strong>Ao longo da quarta-feira, o SINPROFAZ obteve o apoio de diversos parlamentares, que compreendem a import\u00e2ncia e a justi\u00e7a da prerrogativa remunerat\u00f3ria da Advocacia P\u00fablica. Entre os apoiadores, o Sindicato agradece os deputados Lafayette de Andrada (Republicanos\/MG), Gerv\u00e1sio Maia (PSB\/PB), Andr\u00e9 Figueiredo (PDT\/CE),\u00a0Luiz Fernando Faria (PSD\/MG), Duarte Jr. (PSB\/PE) e\u00a0Pedro Aihara (PRD\/MG), o qual, na qualidade de relator do PL 6381\/2019 na CCJC, j\u00e1 apresentou parecer pela rejei\u00e7\u00e3o da mat\u00e9ria.<\/p>\n\n\t\t<style type=\"text\/css\">\n\t\t\t#gallery-1 {\n\t\t\t\tmargin: auto;\n\t\t\t}\n\t\t\t#gallery-1 .gallery-item {\n\t\t\t\tfloat: left;\n\t\t\t\tmargin-top: 10px;\n\t\t\t\ttext-align: center;\n\t\t\t\twidth: 33%;\n\t\t\t}\n\t\t\t#gallery-1 img {\n\t\t\t\tborder: 2px solid #cfcfcf;\n\t\t\t}\n\t\t\t#gallery-1 .gallery-caption {\n\t\t\t\tmargin-left: 0;\n\t\t\t}\n\t\t\t\/* see gallery_shortcode() in wp-includes\/media.php *\/\n\t\t<\/style>\n\t\t<div id='gallery-1' class='gallery galleryid-18343 gallery-columns-3 gallery-size-thumbnail'><dl class='gallery-item'>\n\t\t\t<dt class='gallery-icon landscape'>\n\t\t\t\t<a href='https:\/\/sinprofaz.org.br\/2024\/wp-content\/uploads\/2024\/06\/2.png'><img loading=\"lazy\" decoding=\"async\" width=\"150\" height=\"150\" src=\"https:\/\/sinprofaz.org.br\/2024\/wp-content\/uploads\/2024\/06\/2-150x150.png\" class=\"attachment-thumbnail size-thumbnail\" alt=\"\" \/><\/a>\n\t\t\t<\/dt><\/dl><dl class='gallery-item'>\n\t\t\t<dt class='gallery-icon landscape'>\n\t\t\t\t<a href='https:\/\/sinprofaz.org.br\/2024\/wp-content\/uploads\/2024\/06\/3.png'><img loading=\"lazy\" decoding=\"async\" width=\"150\" height=\"150\" src=\"https:\/\/sinprofaz.org.br\/2024\/wp-content\/uploads\/2024\/06\/3-150x150.png\" class=\"attachment-thumbnail size-thumbnail\" alt=\"\" \/><\/a>\n\t\t\t<\/dt><\/dl><dl class='gallery-item'>\n\t\t\t<dt class='gallery-icon landscape'>\n\t\t\t\t<a href='https:\/\/sinprofaz.org.br\/2024\/wp-content\/uploads\/2024\/06\/4.png'><img loading=\"lazy\" decoding=\"async\" width=\"150\" height=\"150\" src=\"https:\/\/sinprofaz.org.br\/2024\/wp-content\/uploads\/2024\/06\/4-150x150.png\" class=\"attachment-thumbnail size-thumbnail\" alt=\"\" \/><\/a>\n\t\t\t<\/dt><\/dl><br style=\"clear: both\" \/><dl class='gallery-item'>\n\t\t\t<dt class='gallery-icon landscape'>\n\t\t\t\t<a href='https:\/\/sinprofaz.org.br\/2024\/wp-content\/uploads\/2024\/06\/5.png'><img loading=\"lazy\" decoding=\"async\" width=\"150\" height=\"150\" src=\"https:\/\/sinprofaz.org.br\/2024\/wp-content\/uploads\/2024\/06\/5-150x150.png\" class=\"attachment-thumbnail size-thumbnail\" alt=\"\" \/><\/a>\n\t\t\t<\/dt><\/dl><dl class='gallery-item'>\n\t\t\t<dt class='gallery-icon landscape'>\n\t\t\t\t<a href='https:\/\/sinprofaz.org.br\/2024\/wp-content\/uploads\/2024\/06\/6.png'><img loading=\"lazy\" decoding=\"async\" width=\"150\" height=\"150\" src=\"https:\/\/sinprofaz.org.br\/2024\/wp-content\/uploads\/2024\/06\/6-150x150.png\" class=\"attachment-thumbnail size-thumbnail\" alt=\"\" \/><\/a>\n\t\t\t<\/dt><\/dl><dl class='gallery-item'>\n\t\t\t<dt class='gallery-icon landscape'>\n\t\t\t\t<a href='https:\/\/sinprofaz.org.br\/2024\/wp-content\/uploads\/2024\/06\/7.png'><img loading=\"lazy\" decoding=\"async\" width=\"150\" height=\"150\" src=\"https:\/\/sinprofaz.org.br\/2024\/wp-content\/uploads\/2024\/06\/7-150x150.png\" class=\"attachment-thumbnail size-thumbnail\" alt=\"\" \/><\/a>\n\t\t\t<\/dt><\/dl><br style=\"clear: both\" \/><dl class='gallery-item'>\n\t\t\t<dt class='gallery-icon landscape'>\n\t\t\t\t<a href='https:\/\/sinprofaz.org.br\/2024\/wp-content\/uploads\/2024\/06\/8.png'><img loading=\"lazy\" decoding=\"async\" width=\"150\" height=\"150\" src=\"https:\/\/sinprofaz.org.br\/2024\/wp-content\/uploads\/2024\/06\/8-150x150.png\" class=\"attachment-thumbnail size-thumbnail\" alt=\"\" \/><\/a>\n\t\t\t<\/dt><\/dl><dl class='gallery-item'>\n\t\t\t<dt class='gallery-icon landscape'>\n\t\t\t\t<a href='https:\/\/sinprofaz.org.br\/2024\/wp-content\/uploads\/2024\/06\/9.png'><img loading=\"lazy\" decoding=\"async\" width=\"150\" height=\"150\" src=\"https:\/\/sinprofaz.org.br\/2024\/wp-content\/uploads\/2024\/06\/9-150x150.png\" class=\"attachment-thumbnail size-thumbnail\" alt=\"\" \/><\/a>\n\t\t\t<\/dt><\/dl><dl class='gallery-item'>\n\t\t\t<dt class='gallery-icon landscape'>\n\t\t\t\t<a href='https:\/\/sinprofaz.org.br\/2024\/wp-content\/uploads\/2024\/06\/10.png'><img loading=\"lazy\" decoding=\"async\" width=\"150\" height=\"150\" src=\"https:\/\/sinprofaz.org.br\/2024\/wp-content\/uploads\/2024\/06\/10-150x150.png\" class=\"attachment-thumbnail size-thumbnail\" alt=\"\" \/><\/a>\n\t\t\t<\/dt><\/dl><br style=\"clear: both\" \/>\n\t\t<\/div>\n\n<p><!-- notionvc: b50b62b1-59a1-4bb2-93ad-068fe88e862e --><\/p>\n","protected":false},"excerpt":{"rendered":"<p>O SINPROFAZ, representado pela presidente Iolanda Guindani e por Colegas filiados, esteve durante toda a quarta-feira (5) no Congresso Nacional. A mobiliza\u00e7\u00e3o come\u00e7ou logo cedo, em virtude da aprova\u00e7\u00e3o do requerimento de urg\u00eancia para a vota\u00e7\u00e3o, em plen\u00e1rio, do projeto de lei 6381\/2019.<\/p>\n","protected":false},"author":2,"featured_media":18344,"comment_status":"open","ping_status":"open","sticky":false,"template":"","format":"standard","meta":{"footnotes":""},"categories":[8],"tags":[48,23,25],"featured_image_url":"https:\/\/sinprofaz.org.br\/2024\/wp-content\/uploads\/2024\/06\/1-1.png","character_count":1275,"formatted_date":"06\/06\/2024 - 11:49","contentNovo":"O SINPROFAZ, representado pela presidente Iolanda Guindani e por Colegas filiados, esteve durante toda a quarta-feira (5) no Congresso Nacional. A mobiliza\u00e7\u00e3o de Sindicato e demais entidades come\u00e7ou logo cedo, em virtude da aprova\u00e7\u00e3o do requerimento de urg\u00eancia para a vota\u00e7\u00e3o, em plen\u00e1rio, do projeto de lei 6381\/2019. A atua\u00e7\u00e3o parlamentar na C\u00e2mara dos Deputados e o empenho pessoal de Colegas da Administra\u00e7\u00e3o resultaram, felizmente, na retirada do requerimento de urg\u00eancia ainda pela manh\u00e3.\r\n\r\n\"Foi com grande al\u00edvio que recebemos a not\u00edcia de que o pedido de urg\u00eancia para a vota\u00e7\u00e3o do projeto de lei havia sido retirado. A medida \u00e9 paliativa, porque o projeto segue pronto para pauta na Comiss\u00e3o de Constitui\u00e7\u00e3o e Justi\u00e7a e de Cidadania (CCJC) da C\u00e2mara. Por isso, seguiremos - entidades e Administra\u00e7\u00e3o\u00a0- trabalhando em conjunto diuturnamente. Neste momento, no entanto, podemos comemorar essa importante vit\u00f3ria da Carreira\", declarou a presidente do SINPROFAZ, Iolanda Guindani.\r\n\r\nPara a vit\u00f3ria, a Advocacia P\u00fablica contou com a interven\u00e7\u00e3o de Tadeu Alencar. Filiado ao SINPROFAZ, o PFN foi deputado federal (PSB\/PE) por dois mandatos (2015-2022), tendo exercido a lideran\u00e7a do PSB (2018-2019) e a vice-lideran\u00e7a da oposi\u00e7\u00e3o ao governo (2021-2022). \"Com grande prazer, colaboramos hoje nessa articula\u00e7\u00e3o dentro do Congresso Nacional. S\u00e3o inaceit\u00e1veis quaisquer ataques \u00e0 Advocacia P\u00fablica, que, ao longo do tempo, vem prestando inestim\u00e1veis servi\u00e7os ao Estado\", destacou.\r\n\r\n<strong>Apoios fundamentais\r\n<\/strong>Ao longo da quarta-feira, o SINPROFAZ obteve o apoio de diversos parlamentares, que compreendem a import\u00e2ncia e a justi\u00e7a da prerrogativa remunerat\u00f3ria da Advocacia P\u00fablica. Entre os apoiadores, o Sindicato agradece os deputados Lafayette de Andrada (Republicanos\/MG), Gerv\u00e1sio Maia (PSB\/PB), Andr\u00e9 Figueiredo (PDT\/CE),\u00a0Luiz Fernando Faria (PSD\/MG), Duarte Jr. (PSB\/PE) e\u00a0Pedro Aihara (PRD\/MG), o qual, na qualidade de relator do PL 6381\/2019 na CCJC, j\u00e1 apresentou parecer pela rejei\u00e7\u00e3o da mat\u00e9ria.\r\n\r\n[gallery link=\"file\" ids=\"18345,18346,18347,18348,18349,18350,18351,18352,18353\"]\r\n\r\n","_links":{"self":[{"href":"https:\/\/sinprofaz.org.br\/2024\/wp-json\/wp\/v2\/posts\/18343"}],"collection":[{"href":"https:\/\/sinprofaz.org.br\/2024\/wp-json\/wp\/v2\/posts"}],"about":[{"href":"https:\/\/sinprofaz.org.br\/2024\/wp-json\/wp\/v2\/types\/post"}],"author":[{"embeddable":true,"href":"https:\/\/sinprofaz.org.br\/2024\/wp-json\/wp\/v2\/users\/2"}],"replies":[{"embeddable":true,"href":"https:\/\/sinprofaz.org.br\/2024\/wp-json\/wp\/v2\/comments?post=18343"}],"version-history":[{"count":2,"href":"https:\/\/sinprofaz.org.br\/2024\/wp-json\/wp\/v2\/posts\/18343\/revisions"}],"predecessor-version":[{"id":18355,"href":"https:\/\/sinprofaz.org.br\/2024\/wp-json\/wp\/v2\/posts\/18343\/revisions\/18355"}],"wp:featuredmedia":[{"embeddable":true,"href":"https:\/\/sinprofaz.org.br\/2024\/wp-json\/wp\/v2\/media\/18344"}],"wp:attachment":[{"href":"https:\/\/sinprofaz.org.br\/2024\/wp-json\/wp\/v2\/media?parent=18343"}],"wp:term":[{"taxonomy":"category","embeddable":true,"href":"https:\/\/sinprofaz.org.br\/2024\/wp-json\/wp\/v2\/categories?post=18343"},{"taxonomy":"post_tag","embeddable":true,"href":"https:\/\/sinprofaz.org.br\/2024\/wp-json\/wp\/v2\/tags?post=18343"}],"curies":[{"name":"wp","href":"https:\/\/api.w.org\/{rel}","templated":true}]}}