{"id":1834,"date":"2014-07-09T21:50:48","date_gmt":"2014-07-09T21:50:48","guid":{"rendered":""},"modified":"-0001-11-30T00:00:00","modified_gmt":"-0001-11-30T03:00:00","slug":"votacao-do-relatorio-sobre-honorarios-foi-transferida-para-a-proxima-semana","status":"publish","type":"post","link":"https:\/\/sinprofaz.org.br\/2024\/noticias\/votacao-do-relatorio-sobre-honorarios-foi-transferida-para-a-proxima-semana\/","title":{"rendered":"Vota\u00e7\u00e3o do relat\u00f3rio sobre honor\u00e1rios foi transferida para a pr\u00f3xima semana"},"content":{"rendered":"<p><span style=\"background-color: #ffff00;\"><\/span>O parecer do relator, senador Vital do Rego (PMDB-PB), \u00e0s modifica\u00e7\u00f5es que a C\u00e2mara aprovou no projeto do novo C\u00f3digo de Processo Civil j\u00e1 est\u00e1 pronto para delibera\u00e7\u00e3o na comiss\u00e3o tempor\u00e1ria do Senado. Isto porque o senador cumpriu o prazo anunciado para apresenta\u00e7\u00e3o do relat\u00f3rio, dia 9 de julho, quando o colegiado foi instalado no in\u00edcio de junho.<\/p>\n<p>Entre as modifica\u00e7\u00f5es realizadas pela C\u00e2mara, que o Senado precisa agora ratificar, est\u00e1 o pagamento dos honor\u00e1rios aos advogados p\u00fablicos.<\/p>\n<p>Tendo em vista todo o trabalho j\u00e1 realizado pelas entidades que comp\u00f5em o Movimento Pr\u00f3-Honor\u00e1rios, o SINPROFAZ est\u00e1 otimista e acredita na aprova\u00e7\u00e3o da mat\u00e9ria.<\/p>\n<p>A Diretoria do SINPROFAZ vai intensificar o acompanhamento das atividades parlamentares na pr\u00f3xima semana, que ser\u00e1 decisiva para a Advocacia P\u00fablica.<\/p>\n","protected":false},"excerpt":{"rendered":"<p>A expectativa do relator do novo CPC \u00e9 que o parecer seja votado na comiss\u00e3o tempor\u00e1ria e no plen\u00e1rio do Senado antes do recesso parlamentar.<\/p>\n","protected":false},"author":1,"featured_media":0,"comment_status":"closed","ping_status":"open","sticky":false,"template":"","format":"standard","meta":{"footnotes":""},"categories":[8],"tags":[],"featured_image_url":"https:\/\/dummyimage.com\/720x400","character_count":418,"formatted_date":"09\/07\/2014 - 21:50","contentNovo":"\r\n<p>O parecer do relator, senador Vital do Rego (PMDB-PB), \u00e0s modifica\u00e7\u00f5es que a C\u00e2mara aprovou no projeto do novo C\u00f3digo de Processo Civil j\u00e1 est\u00e1 pronto para delibera\u00e7\u00e3o na comiss\u00e3o tempor\u00e1ria do Senado. Isto porque o senador cumpriu o prazo anunciado para apresenta\u00e7\u00e3o do relat\u00f3rio, dia 9 de julho, quando o colegiado foi instalado no in\u00edcio de junho.<\/p>\r\n<p>Entre as modifica\u00e7\u00f5es realizadas pela C\u00e2mara, que o Senado precisa agora ratificar, est\u00e1 o pagamento dos honor\u00e1rios aos advogados p\u00fablicos.<\/p>\r\n<p>Tendo em vista todo o trabalho j\u00e1 realizado pelas entidades que comp\u00f5em o Movimento Pr\u00f3-Honor\u00e1rios, o SINPROFAZ est\u00e1 otimista e acredita na aprova\u00e7\u00e3o da mat\u00e9ria.<\/p>\r\n<p>A Diretoria do SINPROFAZ vai intensificar o acompanhamento das atividades parlamentares na pr\u00f3xima semana, que ser\u00e1 decisiva para a Advocacia P\u00fablica.<\/p>","_links":{"self":[{"href":"https:\/\/sinprofaz.org.br\/2024\/wp-json\/wp\/v2\/posts\/1834"}],"collection":[{"href":"https:\/\/sinprofaz.org.br\/2024\/wp-json\/wp\/v2\/posts"}],"about":[{"href":"https:\/\/sinprofaz.org.br\/2024\/wp-json\/wp\/v2\/types\/post"}],"author":[{"embeddable":true,"href":"https:\/\/sinprofaz.org.br\/2024\/wp-json\/wp\/v2\/users\/1"}],"replies":[{"embeddable":true,"href":"https:\/\/sinprofaz.org.br\/2024\/wp-json\/wp\/v2\/comments?post=1834"}],"version-history":[{"count":0,"href":"https:\/\/sinprofaz.org.br\/2024\/wp-json\/wp\/v2\/posts\/1834\/revisions"}],"wp:attachment":[{"href":"https:\/\/sinprofaz.org.br\/2024\/wp-json\/wp\/v2\/media?parent=1834"}],"wp:term":[{"taxonomy":"category","embeddable":true,"href":"https:\/\/sinprofaz.org.br\/2024\/wp-json\/wp\/v2\/categories?post=1834"},{"taxonomy":"post_tag","embeddable":true,"href":"https:\/\/sinprofaz.org.br\/2024\/wp-json\/wp\/v2\/tags?post=1834"}],"curies":[{"name":"wp","href":"https:\/\/api.w.org\/{rel}","templated":true}]}}