{"id":18338,"date":"2024-06-06T10:21:08","date_gmt":"2024-06-06T13:21:08","guid":{"rendered":"https:\/\/sinprofaz.org.br\/2024\/?p=18338"},"modified":"2024-06-06T11:56:48","modified_gmt":"2024-06-06T14:56:48","slug":"sinprofaz-acompanha-tramitacao-de-projeto-que-dispoe-sobre-competencia-da-carreira","status":"publish","type":"post","link":"https:\/\/sinprofaz.org.br\/2024\/noticias\/sinprofaz-acompanha-tramitacao-de-projeto-que-dispoe-sobre-competencia-da-carreira\/","title":{"rendered":"SINPROFAZ ACOMPANHA TRAMITA\u00c7\u00c3O DE PROJETO QUE DISP\u00d5E SOBRE COMPET\u00caNCIA DA CARREIRA"},"content":{"rendered":"<p>A presidente do SINPROFAZ, Iolanda Guindani, esteve ontem (5) no Senado Federal, onde acompanhou a\u00a0reuni\u00e3o deliberativa da Comiss\u00e3o Tempor\u00e1ria que examina os projetos de reforma dos Processos Administrativo e Tribut\u00e1rio Nacional. Na ocasi\u00e3o, como resultado do trabalho parlamentar conjunto realizado por Sindicato, PGFN e entidades, o relator do PL 2483\/22, Efraim Filho (Uni\u00e3o\/PB), votou pela rejei\u00e7\u00e3o da emenda n\u00ba 13, de autoria do senador Weverton (PDT\/MA), a qual amea\u00e7ava compet\u00eancia da Carreira.<\/p>\n<p>Como justificativa para a rejei\u00e7\u00e3o, o relator argumentou que a referida emenda afrontava o C\u00f3digo Tribut\u00e1rio Nacional, em seu art. 171, que disp\u00f5e que o instituto da transa\u00e7\u00e3o pressup\u00f5e que o cr\u00e9dito tribut\u00e1rio esteja no contencioso fiscal. O SINPROFAZ &#8211; ao lado da Procuradoria-Geral da Fazenda Nacional e das demais entidades representativas da Advocacia P\u00fablica Federal\u00a0&#8211; segue atento \u00e0 tramita\u00e7\u00e3o do projeto de lei, cuja vota\u00e7\u00e3o foi adiada pelo senador Izalci Lucas (PL\/DF), presidente da Comiss\u00e3o Tempor\u00e1ria.<\/p>\n\n\t\t<style type=\"text\/css\">\n\t\t\t#gallery-1 {\n\t\t\t\tmargin: auto;\n\t\t\t}\n\t\t\t#gallery-1 .gallery-item {\n\t\t\t\tfloat: left;\n\t\t\t\tmargin-top: 10px;\n\t\t\t\ttext-align: center;\n\t\t\t\twidth: 33%;\n\t\t\t}\n\t\t\t#gallery-1 img {\n\t\t\t\tborder: 2px solid #cfcfcf;\n\t\t\t}\n\t\t\t#gallery-1 .gallery-caption {\n\t\t\t\tmargin-left: 0;\n\t\t\t}\n\t\t\t\/* see gallery_shortcode() in wp-includes\/media.php *\/\n\t\t<\/style>\n\t\t<div id='gallery-1' class='gallery galleryid-18338 gallery-columns-3 gallery-size-thumbnail'><dl class='gallery-item'>\n\t\t\t<dt class='gallery-icon landscape'>\n\t\t\t\t<a href='https:\/\/sinprofaz.org.br\/2024\/wp-content\/uploads\/2024\/06\/senado-2.png'><img loading=\"lazy\" decoding=\"async\" width=\"150\" height=\"150\" src=\"https:\/\/sinprofaz.org.br\/2024\/wp-content\/uploads\/2024\/06\/senado-2-150x150.png\" class=\"attachment-thumbnail size-thumbnail\" alt=\"\" \/><\/a>\n\t\t\t<\/dt><\/dl>\n\t\t\t<br style='clear: both' \/>\n\t\t<\/div>\n\n","protected":false},"excerpt":{"rendered":"<p>Na ocasi\u00e3o, como resultado do trabalho parlamentar conjunto realizado por Sindicato, PGFN e entidades, o relator do PL 2483\/22, Efraim Filho (Uni\u00e3o\/PB), votou pela rejei\u00e7\u00e3o da emenda n\u00ba 13, de autoria do senador Weverton (PDT\/MA).<\/p>\n","protected":false},"author":2,"featured_media":18339,"comment_status":"open","ping_status":"open","sticky":false,"template":"","format":"standard","meta":{"footnotes":""},"categories":[8],"tags":[53,25,226],"featured_image_url":"https:\/\/sinprofaz.org.br\/2024\/wp-content\/uploads\/2024\/06\/senado-1.png","character_count":708,"formatted_date":"06\/06\/2024 - 10:21","contentNovo":"A presidente do SINPROFAZ, Iolanda Guindani, esteve ontem (5) no Senado Federal, onde acompanhou a\u00a0reuni\u00e3o deliberativa da Comiss\u00e3o Tempor\u00e1ria que examina os projetos de reforma dos Processos Administrativo e Tribut\u00e1rio Nacional. Na ocasi\u00e3o, como resultado do trabalho parlamentar conjunto realizado por Sindicato, PGFN e entidades, o relator do PL 2483\/22, Efraim Filho (Uni\u00e3o\/PB), votou pela rejei\u00e7\u00e3o da emenda n\u00ba 13, de autoria do senador Weverton (PDT\/MA), a qual amea\u00e7ava compet\u00eancia da Carreira.\r\n\r\nComo justificativa para a rejei\u00e7\u00e3o, o relator argumentou que a referida emenda afrontava o C\u00f3digo Tribut\u00e1rio Nacional, em seu art. 171, que disp\u00f5e que o instituto da transa\u00e7\u00e3o pressup\u00f5e que o cr\u00e9dito tribut\u00e1rio esteja no contencioso fiscal. O SINPROFAZ - ao lado da Procuradoria-Geral da Fazenda Nacional e das demais entidades representativas da Advocacia P\u00fablica Federal\u00a0- segue atento \u00e0 tramita\u00e7\u00e3o do projeto de lei, cuja vota\u00e7\u00e3o foi adiada pelo senador Izalci Lucas (PL\/DF), presidente da Comiss\u00e3o Tempor\u00e1ria.\r\n\r\n[gallery link=\"file\" ids=\"18340\"]","_links":{"self":[{"href":"https:\/\/sinprofaz.org.br\/2024\/wp-json\/wp\/v2\/posts\/18338"}],"collection":[{"href":"https:\/\/sinprofaz.org.br\/2024\/wp-json\/wp\/v2\/posts"}],"about":[{"href":"https:\/\/sinprofaz.org.br\/2024\/wp-json\/wp\/v2\/types\/post"}],"author":[{"embeddable":true,"href":"https:\/\/sinprofaz.org.br\/2024\/wp-json\/wp\/v2\/users\/2"}],"replies":[{"embeddable":true,"href":"https:\/\/sinprofaz.org.br\/2024\/wp-json\/wp\/v2\/comments?post=18338"}],"version-history":[{"count":2,"href":"https:\/\/sinprofaz.org.br\/2024\/wp-json\/wp\/v2\/posts\/18338\/revisions"}],"predecessor-version":[{"id":18356,"href":"https:\/\/sinprofaz.org.br\/2024\/wp-json\/wp\/v2\/posts\/18338\/revisions\/18356"}],"wp:featuredmedia":[{"embeddable":true,"href":"https:\/\/sinprofaz.org.br\/2024\/wp-json\/wp\/v2\/media\/18339"}],"wp:attachment":[{"href":"https:\/\/sinprofaz.org.br\/2024\/wp-json\/wp\/v2\/media?parent=18338"}],"wp:term":[{"taxonomy":"category","embeddable":true,"href":"https:\/\/sinprofaz.org.br\/2024\/wp-json\/wp\/v2\/categories?post=18338"},{"taxonomy":"post_tag","embeddable":true,"href":"https:\/\/sinprofaz.org.br\/2024\/wp-json\/wp\/v2\/tags?post=18338"}],"curies":[{"name":"wp","href":"https:\/\/api.w.org\/{rel}","templated":true}]}}