{"id":18311,"date":"2024-05-29T11:59:40","date_gmt":"2024-05-29T14:59:40","guid":{"rendered":"https:\/\/sinprofaz.org.br\/2024\/?p=18311"},"modified":"2024-06-04T11:13:09","modified_gmt":"2024-06-04T14:13:09","slug":"sinprofaz-apoia-peticao-publica-pela-recomposicao-salarial-e-valorizacao-das-carreiras","status":"publish","type":"post","link":"https:\/\/sinprofaz.org.br\/2024\/noticias\/sinprofaz-apoia-peticao-publica-pela-recomposicao-salarial-e-valorizacao-das-carreiras\/","title":{"rendered":"SINPROFAZ APOIA PETI\u00c7\u00c3O P\u00daBLICA PELA RECOMPOSI\u00c7\u00c3O SALARIAL E VALORIZA\u00c7\u00c3O DAS CARREIRAS"},"content":{"rendered":"<p>O SINPROFAZ convoca filiadas e filiados para assinarem a\u00a0peti\u00e7\u00e3o p\u00fablica que exige a recomposi\u00e7\u00e3o salarial dos\u00a0Membros e a valoriza\u00e7\u00e3o das carreiras da Advocacia-Geral da Uni\u00e3o. A peti\u00e7\u00e3o, dirigida ao Advogado-Geral da Uni\u00e3o, solicita uma atua\u00e7\u00e3o ativa na negocia\u00e7\u00e3o junto ao Minist\u00e9rio da Gest\u00e3o e da Inova\u00e7\u00e3o em Servi\u00e7os P\u00fablicos (MGI).<\/p>\n<p>SINPROFAZ e entidades exigem que o Advogado-Geral da Uni\u00e3o, Jorge Messias, e os demais dirigentes da AGU se envolvam publicamente na defesa da recomposi\u00e7\u00e3o das perdas salariais e na luta das carreiras, que est\u00e3o em desequil\u00edbrio com rela\u00e7\u00e3o a outras Fun\u00e7\u00f5es equivalentes e de mesma import\u00e2ncia para a Justi\u00e7a.<\/p>\n<p><strong>Instru\u00e7\u00f5es<br \/>\n<\/strong>A peti\u00e7\u00e3o p\u00fablica est\u00e1 dispon\u00edvel no link:\u00a0<a href=\"https:\/\/bit.ly\/Peti%C3%A7%C3%A3oP%C3%BAblicaAGU\" target=\"_blank\" rel=\"noopener\">https:\/\/bit.ly\/Peti\u00e7\u00e3oP\u00fablicaAGU<\/a>. Ao clicar em &#8220;ASSINAR Abaixo-Assinado&#8221;, o PFN \u00e9 direcionado para a p\u00e1gina de preenchimento do formul\u00e1rio, no qual deve incluir o nome completo, o e-mail e, no campo &#8220;Coment\u00e1rio&#8221;, a matr\u00edcula SIAPE. Ap\u00f3s a assinatura, ser\u00e1 necess\u00e1ria, por fim, a confirma\u00e7\u00e3o no endere\u00e7o de e-mail fornecido.<\/p>\n<p><strong>Assine a peti\u00e7\u00e3o p\u00fablica e fortale\u00e7a a luta conjunta em defesa da Advocacia P\u00fablica Federal!<\/strong><\/p>\n<p><!-- notionvc: 5733536f-d41b-4bea-949e-02bb3dbdcf0f --><\/p>\n","protected":false},"excerpt":{"rendered":"<p>O SINPROFAZ convoca filiadas e filiados para assinarem a peti\u00e7\u00e3o p\u00fablica que exige a recomposi\u00e7\u00e3o salarial dos Membros e a valoriza\u00e7\u00e3o das carreiras da AGU. A peti\u00e7\u00e3o, dirigida ao Advogado-Geral, solicita uma atua\u00e7\u00e3o ativa na negocia\u00e7\u00e3o junto ao MGI.<\/p>\n","protected":false},"author":2,"featured_media":17269,"comment_status":"open","ping_status":"open","sticky":false,"template":"","format":"standard","meta":{"footnotes":""},"categories":[8],"tags":[66,43,23,146],"featured_image_url":"https:\/\/sinprofaz.org.br\/2024\/wp-content\/uploads\/2023\/12\/1-1-1.png","character_count":603,"formatted_date":"29\/05\/2024 - 11:59","contentNovo":"O SINPROFAZ convoca filiadas e filiados para assinarem a\u00a0peti\u00e7\u00e3o p\u00fablica que exige a recomposi\u00e7\u00e3o salarial dos\u00a0Membros e a valoriza\u00e7\u00e3o das carreiras da Advocacia-Geral da Uni\u00e3o. A peti\u00e7\u00e3o, dirigida ao Advogado-Geral da Uni\u00e3o, solicita uma atua\u00e7\u00e3o ativa na negocia\u00e7\u00e3o junto ao Minist\u00e9rio da Gest\u00e3o e da Inova\u00e7\u00e3o em Servi\u00e7os P\u00fablicos (MGI).\r\n\r\nSINPROFAZ e entidades exigem que o Advogado-Geral da Uni\u00e3o, Jorge Messias, e os demais dirigentes da AGU se envolvam publicamente na defesa da recomposi\u00e7\u00e3o das perdas salariais e na luta das carreiras, que est\u00e3o em desequil\u00edbrio com rela\u00e7\u00e3o a outras Fun\u00e7\u00f5es equivalentes e de mesma import\u00e2ncia para a Justi\u00e7a.\r\n\r\n<strong>Instru\u00e7\u00f5es\r\n<\/strong>A peti\u00e7\u00e3o p\u00fablica est\u00e1 dispon\u00edvel no link:\u00a0<a href=\"https:\/\/bit.ly\/Peti%C3%A7%C3%A3oP%C3%BAblicaAGU\" target=\"_blank\" rel=\"noopener\">https:\/\/bit.ly\/Peti\u00e7\u00e3oP\u00fablicaAGU<\/a>. Ao clicar em \"ASSINAR Abaixo-Assinado\", o PFN \u00e9 direcionado para a p\u00e1gina de preenchimento do formul\u00e1rio, no qual deve incluir o nome completo, o e-mail e, no campo \"Coment\u00e1rio\", a matr\u00edcula SIAPE. Ap\u00f3s a assinatura, ser\u00e1 necess\u00e1ria, por fim, a confirma\u00e7\u00e3o no endere\u00e7o de e-mail fornecido.\r\n\r\n<strong>Assine a peti\u00e7\u00e3o p\u00fablica e fortale\u00e7a a luta conjunta em defesa da Advocacia P\u00fablica Federal!<\/strong>\r\n\r\n","_links":{"self":[{"href":"https:\/\/sinprofaz.org.br\/2024\/wp-json\/wp\/v2\/posts\/18311"}],"collection":[{"href":"https:\/\/sinprofaz.org.br\/2024\/wp-json\/wp\/v2\/posts"}],"about":[{"href":"https:\/\/sinprofaz.org.br\/2024\/wp-json\/wp\/v2\/types\/post"}],"author":[{"embeddable":true,"href":"https:\/\/sinprofaz.org.br\/2024\/wp-json\/wp\/v2\/users\/2"}],"replies":[{"embeddable":true,"href":"https:\/\/sinprofaz.org.br\/2024\/wp-json\/wp\/v2\/comments?post=18311"}],"version-history":[{"count":2,"href":"https:\/\/sinprofaz.org.br\/2024\/wp-json\/wp\/v2\/posts\/18311\/revisions"}],"predecessor-version":[{"id":18333,"href":"https:\/\/sinprofaz.org.br\/2024\/wp-json\/wp\/v2\/posts\/18311\/revisions\/18333"}],"wp:featuredmedia":[{"embeddable":true,"href":"https:\/\/sinprofaz.org.br\/2024\/wp-json\/wp\/v2\/media\/17269"}],"wp:attachment":[{"href":"https:\/\/sinprofaz.org.br\/2024\/wp-json\/wp\/v2\/media?parent=18311"}],"wp:term":[{"taxonomy":"category","embeddable":true,"href":"https:\/\/sinprofaz.org.br\/2024\/wp-json\/wp\/v2\/categories?post=18311"},{"taxonomy":"post_tag","embeddable":true,"href":"https:\/\/sinprofaz.org.br\/2024\/wp-json\/wp\/v2\/tags?post=18311"}],"curies":[{"name":"wp","href":"https:\/\/api.w.org\/{rel}","templated":true}]}}