{"id":18306,"date":"2024-05-28T11:16:49","date_gmt":"2024-05-28T14:16:49","guid":{"rendered":"https:\/\/sinprofaz.org.br\/2024\/?p=18306"},"modified":"2024-05-29T13:42:00","modified_gmt":"2024-05-29T16:42:00","slug":"sinprofaz-recebe-a-visita-de-colega-do-concurso-de-1970","status":"publish","type":"post","link":"https:\/\/sinprofaz.org.br\/2024\/noticias\/sinprofaz-recebe-a-visita-de-colega-do-concurso-de-1970\/","title":{"rendered":"SINPROFAZ RECEBE A VISITA DE COLEGA DO CONCURSO DE 1970"},"content":{"rendered":"<p>O SINPROFAZ, representado pelo vice-presidente, Ricardo Queiroz, e pelo diretor Roberto Rodrigues, recebeu na sede em Bras\u00edlia\/DF a visita do filiado Altair Pedro Pires da Motta. Decano da PGFN, o Colega \u00e9 oriundo do primeiro concurso para a Carreira, realizado em 1970. Na visita, o filiado esteve acompanhado da esposa, a ex-presidente da ANAJUR e atuante l\u00edder associativa Nic\u00f3la Barbosa de Azevedo da Motta.<\/p>\n<p>Ao longo da reuni\u00e3o, os presentes discutiram assuntos pertinentes \u00e0 valoriza\u00e7\u00e3o dos Membros da Carreira. Temas jur\u00eddicos, como as a\u00e7\u00f5es que beneficiam os mais antigos, tamb\u00e9m foram abordados. Em tempo, Altair Pedro Pires da Motta foi convidado pela Diretoria do SINPROFAZ para conceder uma entrevista \u00e0 Revista Justi\u00e7a Fiscal, oportunidade em que poder\u00e1 compartilhar experi\u00eancias dos cinquenta anos de Procuradoria da Fazenda Nacional.<\/p>\n\n\t\t<style type=\"text\/css\">\n\t\t\t#gallery-1 {\n\t\t\t\tmargin: auto;\n\t\t\t}\n\t\t\t#gallery-1 .gallery-item {\n\t\t\t\tfloat: left;\n\t\t\t\tmargin-top: 10px;\n\t\t\t\ttext-align: center;\n\t\t\t\twidth: 33%;\n\t\t\t}\n\t\t\t#gallery-1 img {\n\t\t\t\tborder: 2px solid #cfcfcf;\n\t\t\t}\n\t\t\t#gallery-1 .gallery-caption {\n\t\t\t\tmargin-left: 0;\n\t\t\t}\n\t\t\t\/* see gallery_shortcode() in wp-includes\/media.php *\/\n\t\t<\/style>\n\t\t<div id='gallery-1' class='gallery galleryid-18306 gallery-columns-3 gallery-size-thumbnail'><dl class='gallery-item'>\n\t\t\t<dt class='gallery-icon landscape'>\n\t\t\t\t<a href='https:\/\/sinprofaz.org.br\/2024\/wp-content\/uploads\/2024\/05\/Dr.-Altair-2.png'><img loading=\"lazy\" decoding=\"async\" width=\"150\" height=\"150\" src=\"https:\/\/sinprofaz.org.br\/2024\/wp-content\/uploads\/2024\/05\/Dr.-Altair-2-150x150.png\" class=\"attachment-thumbnail size-thumbnail\" alt=\"\" \/><\/a>\n\t\t\t<\/dt><\/dl>\n\t\t\t<br style='clear: both' \/>\n\t\t<\/div>\n\n","protected":false},"excerpt":{"rendered":"<p>O SINPROFAZ, representado pelo vice-presidente, Ricardo Queiroz, e pelo diretor Roberto Rodrigues, recebeu na sede em Bras\u00edlia\/DF a visita do filiado Altair Pedro Pires da Motta. Decano da PGFN, o Colega \u00e9 oriundo do primeiro concurso para a Carreira, realizado em 1970. Na visita, o filiado esteve acompanhado da esposa, Nic\u00f3la Motta.<\/p>\n","protected":false},"author":2,"featured_media":18307,"comment_status":"open","ping_status":"open","sticky":false,"template":"","format":"standard","meta":{"footnotes":""},"categories":[8],"tags":[32,221,25],"featured_image_url":"https:\/\/sinprofaz.org.br\/2024\/wp-content\/uploads\/2024\/05\/Dr.-Altair-1.png","character_count":610,"formatted_date":"28\/05\/2024 - 11:16","contentNovo":"O SINPROFAZ, representado pelo vice-presidente, Ricardo Queiroz, e pelo diretor Roberto Rodrigues, recebeu na sede em Bras\u00edlia\/DF a visita do filiado Altair Pedro Pires da Motta. Decano da PGFN, o Colega \u00e9 oriundo do primeiro concurso para a Carreira, realizado em 1970. Na visita, o filiado esteve acompanhado da esposa, a ex-presidente da ANAJUR e atuante l\u00edder associativa Nic\u00f3la Barbosa de Azevedo da Motta.\r\n\r\nAo longo da reuni\u00e3o, os presentes discutiram assuntos pertinentes \u00e0 valoriza\u00e7\u00e3o dos Membros da Carreira. Temas jur\u00eddicos, como as a\u00e7\u00f5es que beneficiam os mais antigos, tamb\u00e9m foram abordados. Em tempo, Altair Pedro Pires da Motta foi convidado pela Diretoria do SINPROFAZ para conceder uma entrevista \u00e0 Revista Justi\u00e7a Fiscal, oportunidade em que poder\u00e1 compartilhar experi\u00eancias dos cinquenta anos de Procuradoria da Fazenda Nacional.\r\n\r\n[gallery link=\"file\" ids=\"18308\"]","_links":{"self":[{"href":"https:\/\/sinprofaz.org.br\/2024\/wp-json\/wp\/v2\/posts\/18306"}],"collection":[{"href":"https:\/\/sinprofaz.org.br\/2024\/wp-json\/wp\/v2\/posts"}],"about":[{"href":"https:\/\/sinprofaz.org.br\/2024\/wp-json\/wp\/v2\/types\/post"}],"author":[{"embeddable":true,"href":"https:\/\/sinprofaz.org.br\/2024\/wp-json\/wp\/v2\/users\/2"}],"replies":[{"embeddable":true,"href":"https:\/\/sinprofaz.org.br\/2024\/wp-json\/wp\/v2\/comments?post=18306"}],"version-history":[{"count":2,"href":"https:\/\/sinprofaz.org.br\/2024\/wp-json\/wp\/v2\/posts\/18306\/revisions"}],"predecessor-version":[{"id":18313,"href":"https:\/\/sinprofaz.org.br\/2024\/wp-json\/wp\/v2\/posts\/18306\/revisions\/18313"}],"wp:featuredmedia":[{"embeddable":true,"href":"https:\/\/sinprofaz.org.br\/2024\/wp-json\/wp\/v2\/media\/18307"}],"wp:attachment":[{"href":"https:\/\/sinprofaz.org.br\/2024\/wp-json\/wp\/v2\/media?parent=18306"}],"wp:term":[{"taxonomy":"category","embeddable":true,"href":"https:\/\/sinprofaz.org.br\/2024\/wp-json\/wp\/v2\/categories?post=18306"},{"taxonomy":"post_tag","embeddable":true,"href":"https:\/\/sinprofaz.org.br\/2024\/wp-json\/wp\/v2\/tags?post=18306"}],"curies":[{"name":"wp","href":"https:\/\/api.w.org\/{rel}","templated":true}]}}