{"id":18297,"date":"2024-05-24T14:19:29","date_gmt":"2024-05-24T17:19:29","guid":{"rendered":"https:\/\/sinprofaz.org.br\/2024\/?p=18297"},"modified":"2024-05-27T13:30:43","modified_gmt":"2024-05-27T16:30:43","slug":"sinprofaz-segue-com-atuacao-contra-a-securitizacao-de-creditos-publicos","status":"publish","type":"post","link":"https:\/\/sinprofaz.org.br\/2024\/noticias\/sinprofaz-segue-com-atuacao-contra-a-securitizacao-de-creditos-publicos\/","title":{"rendered":"SINPROFAZ SEGUE COM ATUA\u00c7\u00c3O CONTRA A SECURITIZA\u00c7\u00c3O DE CR\u00c9DITOS P\u00daBLICOS"},"content":{"rendered":"<p>O SINPROFAZ esteve, ao longo da semana, em contato permanente com lideran\u00e7as do Congresso Nacional. O trabalho foi concentrado na luta contra o PLP 459\/2017, que prev\u00ea a securitiza\u00e7\u00e3o de cr\u00e9ditos p\u00fablicos. Apesar de o projeto ter constado na pauta do Plen\u00e1rio, a mat\u00e9ria n\u00e3o foi apreciada. A atua\u00e7\u00e3o do Sindicato ocorre em sintonia com a da Auditoria Cidad\u00e3 da D\u00edvida, entidade parceira presidida pela\u00a0estimada Maria L\u00facia Fattorelli.<\/p>\n<p>Na luta contra o PLP,\u00a0outro parceiro fundamental \u00e9 o presidente da Frente Parlamentar Mista em Defesa da Advocacia P\u00fablica, Lafayette de Andrada (Republicanos\/MG). Ciente dos problemas do projeto, o deputado apresentou emendas de Plen\u00e1rio, cujos dispositivos preveem a redu\u00e7\u00e3o dos riscos e a prote\u00e7\u00e3o do interesse\u00a0p\u00fablico. Ao parlamentar, o SINPROFAZ agradece a pronta disponibilidade e a aten\u00e7\u00e3o sempre dispensada aos Membros da AGU.<\/p>\n\n\t\t<style type=\"text\/css\">\n\t\t\t#gallery-1 {\n\t\t\t\tmargin: auto;\n\t\t\t}\n\t\t\t#gallery-1 .gallery-item {\n\t\t\t\tfloat: left;\n\t\t\t\tmargin-top: 10px;\n\t\t\t\ttext-align: center;\n\t\t\t\twidth: 33%;\n\t\t\t}\n\t\t\t#gallery-1 img {\n\t\t\t\tborder: 2px solid #cfcfcf;\n\t\t\t}\n\t\t\t#gallery-1 .gallery-caption {\n\t\t\t\tmargin-left: 0;\n\t\t\t}\n\t\t\t\/* see gallery_shortcode() in wp-includes\/media.php *\/\n\t\t<\/style>\n\t\t<div id='gallery-1' class='gallery galleryid-18297 gallery-columns-3 gallery-size-thumbnail'><dl class='gallery-item'>\n\t\t\t<dt class='gallery-icon landscape'>\n\t\t\t\t<a href='https:\/\/sinprofaz.org.br\/2024\/wp-content\/uploads\/2024\/05\/PLP-2.png'><img loading=\"lazy\" decoding=\"async\" width=\"150\" height=\"150\" src=\"https:\/\/sinprofaz.org.br\/2024\/wp-content\/uploads\/2024\/05\/PLP-2-150x150.png\" class=\"attachment-thumbnail size-thumbnail\" alt=\"\" \/><\/a>\n\t\t\t<\/dt><\/dl>\n\t\t\t<br style='clear: both' \/>\n\t\t<\/div>\n\n","protected":false},"excerpt":{"rendered":"<p>O SINPROFAZ esteve, ao longo da semana, em contato com lideran\u00e7as do Congresso Nacional. O trabalho foi concentrado na luta contra o PLP 459\/2017, que prev\u00ea a securitiza\u00e7\u00e3o de cr\u00e9ditos p\u00fablicos. Apesar de o projeto ter constado na pauta do Plen\u00e1rio, a mat\u00e9ria n\u00e3o foi apreciada. Saiba mais!<\/p>\n","protected":false},"author":2,"featured_media":18298,"comment_status":"open","ping_status":"open","sticky":false,"template":"","format":"standard","meta":{"footnotes":""},"categories":[8],"tags":[48,206,25],"featured_image_url":"https:\/\/sinprofaz.org.br\/2024\/wp-content\/uploads\/2024\/05\/PLP-1.png","character_count":627,"formatted_date":"24\/05\/2024 - 14:19","contentNovo":"O SINPROFAZ esteve, ao longo da semana, em contato permanente com lideran\u00e7as do Congresso Nacional. O trabalho foi concentrado na luta contra o PLP 459\/2017, que prev\u00ea a securitiza\u00e7\u00e3o de cr\u00e9ditos p\u00fablicos. Apesar de o projeto ter constado na pauta do Plen\u00e1rio, a mat\u00e9ria n\u00e3o foi apreciada. A atua\u00e7\u00e3o do Sindicato ocorre em sintonia com a da Auditoria Cidad\u00e3 da D\u00edvida, entidade parceira presidida pela\u00a0estimada Maria L\u00facia Fattorelli.\r\n\r\nNa luta contra o PLP,\u00a0outro parceiro fundamental \u00e9 o presidente da Frente Parlamentar Mista em Defesa da Advocacia P\u00fablica, Lafayette de Andrada (Republicanos\/MG). Ciente dos problemas do projeto, o deputado apresentou emendas de Plen\u00e1rio, cujos dispositivos preveem a redu\u00e7\u00e3o dos riscos e a prote\u00e7\u00e3o do interesse\u00a0p\u00fablico. Ao parlamentar, o SINPROFAZ agradece a pronta disponibilidade e a aten\u00e7\u00e3o sempre dispensada aos Membros da AGU.\r\n\r\n[gallery link=\"file\" ids=\"18299\"]","_links":{"self":[{"href":"https:\/\/sinprofaz.org.br\/2024\/wp-json\/wp\/v2\/posts\/18297"}],"collection":[{"href":"https:\/\/sinprofaz.org.br\/2024\/wp-json\/wp\/v2\/posts"}],"about":[{"href":"https:\/\/sinprofaz.org.br\/2024\/wp-json\/wp\/v2\/types\/post"}],"author":[{"embeddable":true,"href":"https:\/\/sinprofaz.org.br\/2024\/wp-json\/wp\/v2\/users\/2"}],"replies":[{"embeddable":true,"href":"https:\/\/sinprofaz.org.br\/2024\/wp-json\/wp\/v2\/comments?post=18297"}],"version-history":[{"count":2,"href":"https:\/\/sinprofaz.org.br\/2024\/wp-json\/wp\/v2\/posts\/18297\/revisions"}],"predecessor-version":[{"id":18305,"href":"https:\/\/sinprofaz.org.br\/2024\/wp-json\/wp\/v2\/posts\/18297\/revisions\/18305"}],"wp:featuredmedia":[{"embeddable":true,"href":"https:\/\/sinprofaz.org.br\/2024\/wp-json\/wp\/v2\/media\/18298"}],"wp:attachment":[{"href":"https:\/\/sinprofaz.org.br\/2024\/wp-json\/wp\/v2\/media?parent=18297"}],"wp:term":[{"taxonomy":"category","embeddable":true,"href":"https:\/\/sinprofaz.org.br\/2024\/wp-json\/wp\/v2\/categories?post=18297"},{"taxonomy":"post_tag","embeddable":true,"href":"https:\/\/sinprofaz.org.br\/2024\/wp-json\/wp\/v2\/tags?post=18297"}],"curies":[{"name":"wp","href":"https:\/\/api.w.org\/{rel}","templated":true}]}}