{"id":18288,"date":"2024-05-23T16:22:16","date_gmt":"2024-05-23T19:22:16","guid":{"rendered":"https:\/\/sinprofaz.org.br\/2024\/?p=18288"},"modified":"2024-05-24T14:50:17","modified_gmt":"2024-05-24T17:50:17","slug":"pec-6-2024-sinprofaz-debate-a-contribuicao-previdenciaria-de-aposentados-e-pensionistas","status":"publish","type":"post","link":"https:\/\/sinprofaz.org.br\/2024\/noticias\/pec-6-2024-sinprofaz-debate-a-contribuicao-previdenciaria-de-aposentados-e-pensionistas\/","title":{"rendered":"PEC 6: SINPROFAZ DEBATE A CONTRIBUI\u00c7\u00c3O PREVIDENCI\u00c1RIA DE APOSENTADOS E PENSIONISTAS"},"content":{"rendered":"<p>O SINPROFAZ, representado pela filiada Jacqueline Carneiro, compareceu na quarta-feira (22) \u00e0 reuni\u00e3o da Frente Parlamentar Mista em Defesa dos Aposentados, Pensionistas e Idosos. O evento, realizado no Sal\u00e3o Nobre da C\u00e2mara dos Deputados, foi prestigiado por uma s\u00e9rie de parlamentares, que, ao fazerem uso da palavra, se posicionaram a favor da PEC 6\/2024. A referida proposta de emenda prev\u00ea a gradativa redu\u00e7\u00e3o das contribui\u00e7\u00f5es previdenci\u00e1rias de servidores aposentados e pensionistas e, em raz\u00e3o de sua relev\u00e2ncia, vem sendo chamada de &#8220;PEC Social&#8221;.<\/p>\n<p>Cleber Verde (MDB\/MA) foi o anfitri\u00e3o do evento. Autor da PEC, o deputado lembrou a reuni\u00e3o realizada\u00a0com o presidente da C\u00e2mara, Arthur Lira (PP\/AL), e os esfor\u00e7os dos parlamentares e das entidades para dar celeridade \u00e0 tramita\u00e7\u00e3o da proposta. &#8220;Nosso objetivo \u00e9 antecipar o di\u00e1logo e, se poss\u00edvel, avan\u00e7ar com a PEC ainda neste semestre. Estamos trabalhando para que ela seja apensada \u00e0 PEC 555\/2006. A partir disso, a aprecia\u00e7\u00e3o da mat\u00e9ria depender\u00e1 de\u00a0nossos esfor\u00e7os coletivos, principalmente do apoio do maior n\u00famero poss\u00edvel de parlamentares&#8221;, ressaltou o deputado.<\/p>\n<p>Mauro Benevides Filho (PDT\/CE), Meire Serafim (Uni\u00e3o\/AC), Z\u00e9 Silva (Solidariedade\/MG),\u00a0Carol Dartora (PT\/PR) e Silas C\u00e2mara (Republicanos\/AM)\u00a0 foram alguns dos deputados que prestigiaram a reuni\u00e3o da Frente Parlamentar. Segundo Edison Haubert, presidente do Movimento Nacional dos Servidores P\u00fablicos Aposentados e Pensionistas no Brasil &#8211; Instituto Mosap, o momento \u00e9 de di\u00e1logo e colabora\u00e7\u00e3o entre os diferentes setores que influenciam o Legislativo. &#8220;Nossa luta conjunta ser\u00e1 capaz de garantir a conquista de direitos por parte dos servidores aposentados e pensionistas no Brasil!&#8221;<\/p>\n<p><strong>Fonacate<br \/>\n<\/strong>A PEC 6\/2024 tamb\u00e9m foi tema de debate entre os integrantes do F\u00f3rum Nacional Permanente de Carreiras T\u00edpicas de Estado. Em assembleia geral realizada na ter\u00e7a-feira (21), o SINPROFAZ e as demais entidades associativas discutiram estrat\u00e9gias relacionadas \u00e0 tramita\u00e7\u00e3o da proposta na C\u00e2mara dos Deputados. Visando ao aprofundamento dos debates, o Fonacate agendar\u00e1 audi\u00eancias com l\u00edderes dos partidos na Casa, onde a PEC 6 est\u00e1 parada h\u00e1 tr\u00eas meses, desde a apresenta\u00e7\u00e3o pelo autor. A atua\u00e7\u00e3o do Fonacate ocorre de forma alinhada \u00e0 do Instituto Mosap e \u00e0 do SINPROFAZ.<\/p>\n\n\t\t<style type=\"text\/css\">\n\t\t\t#gallery-1 {\n\t\t\t\tmargin: auto;\n\t\t\t}\n\t\t\t#gallery-1 .gallery-item {\n\t\t\t\tfloat: left;\n\t\t\t\tmargin-top: 10px;\n\t\t\t\ttext-align: center;\n\t\t\t\twidth: 33%;\n\t\t\t}\n\t\t\t#gallery-1 img {\n\t\t\t\tborder: 2px solid #cfcfcf;\n\t\t\t}\n\t\t\t#gallery-1 .gallery-caption {\n\t\t\t\tmargin-left: 0;\n\t\t\t}\n\t\t\t\/* see gallery_shortcode() in wp-includes\/media.php *\/\n\t\t<\/style>\n\t\t<div id='gallery-1' class='gallery galleryid-18288 gallery-columns-3 gallery-size-thumbnail'><dl class='gallery-item'>\n\t\t\t<dt class='gallery-icon landscape'>\n\t\t\t\t<a href='https:\/\/sinprofaz.org.br\/2024\/wp-content\/uploads\/2024\/05\/2-7.png'><img loading=\"lazy\" decoding=\"async\" width=\"150\" height=\"150\" src=\"https:\/\/sinprofaz.org.br\/2024\/wp-content\/uploads\/2024\/05\/2-7-150x150.png\" class=\"attachment-thumbnail size-thumbnail\" alt=\"\" aria-describedby=\"gallery-1-18290\" \/><\/a>\n\t\t\t<\/dt>\n\t\t\t\t<dd class='wp-caption-text gallery-caption' id='gallery-1-18290'>\n\t\t\t\tMauro Benevides Filho (PDT\/CE)\n\t\t\t\t<\/dd><\/dl><dl class='gallery-item'>\n\t\t\t<dt class='gallery-icon landscape'>\n\t\t\t\t<a href='https:\/\/sinprofaz.org.br\/2024\/wp-content\/uploads\/2024\/05\/3-7.png'><img loading=\"lazy\" decoding=\"async\" width=\"150\" height=\"150\" src=\"https:\/\/sinprofaz.org.br\/2024\/wp-content\/uploads\/2024\/05\/3-7-150x150.png\" class=\"attachment-thumbnail size-thumbnail\" alt=\"\" aria-describedby=\"gallery-1-18291\" \/><\/a>\n\t\t\t<\/dt>\n\t\t\t\t<dd class='wp-caption-text gallery-caption' id='gallery-1-18291'>\n\t\t\t\tMembros do Instituto Mosap\n\t\t\t\t<\/dd><\/dl><dl class='gallery-item'>\n\t\t\t<dt class='gallery-icon landscape'>\n\t\t\t\t<a href='https:\/\/sinprofaz.org.br\/2024\/wp-content\/uploads\/2024\/05\/4-7.png'><img loading=\"lazy\" decoding=\"async\" width=\"150\" height=\"150\" src=\"https:\/\/sinprofaz.org.br\/2024\/wp-content\/uploads\/2024\/05\/4-7-150x150.png\" class=\"attachment-thumbnail size-thumbnail\" alt=\"\" aria-describedby=\"gallery-1-18292\" \/><\/a>\n\t\t\t<\/dt>\n\t\t\t\t<dd class='wp-caption-text gallery-caption' id='gallery-1-18292'>\n\t\t\t\tFiliada Jacqueline Carneiro\n\t\t\t\t<\/dd><\/dl><br style=\"clear: both\" \/><dl class='gallery-item'>\n\t\t\t<dt class='gallery-icon landscape'>\n\t\t\t\t<a href='https:\/\/sinprofaz.org.br\/2024\/wp-content\/uploads\/2024\/05\/5-5.png'><img loading=\"lazy\" decoding=\"async\" width=\"150\" height=\"150\" src=\"https:\/\/sinprofaz.org.br\/2024\/wp-content\/uploads\/2024\/05\/5-5-150x150.png\" class=\"attachment-thumbnail size-thumbnail\" alt=\"\" aria-describedby=\"gallery-1-18293\" \/><\/a>\n\t\t\t<\/dt>\n\t\t\t\t<dd class='wp-caption-text gallery-caption' id='gallery-1-18293'>\n\t\t\t\tAssembleia do Fonacate\n\t\t\t\t<\/dd><\/dl>\n\t\t\t<br style='clear: both' \/>\n\t\t<\/div>\n\n<p><!-- notionvc: 7e43641e-6464-4992-9e95-42146fc483bf --><\/p>\n","protected":false},"excerpt":{"rendered":"<p>O evento, realizado no Sal\u00e3o Nobre da C\u00e2mara dos Deputados, foi prestigiado por uma s\u00e9rie de parlamentares, que, ao fazerem uso da palavra, se posicionaram a favor da proposta de emenda \u00e0 Constitui\u00e7\u00e3o. A PEC 6\/2024 vem sendo chamada de &#8220;PEC Social&#8221;.<\/p>\n","protected":false},"author":2,"featured_media":18289,"comment_status":"open","ping_status":"open","sticky":false,"template":"","format":"standard","meta":{"footnotes":""},"categories":[8],"tags":[48,122,219],"featured_image_url":"https:\/\/sinprofaz.org.br\/2024\/wp-content\/uploads\/2024\/05\/1-10.png","character_count":1480,"formatted_date":"23\/05\/2024 - 16:22","contentNovo":"O SINPROFAZ, representado pela filiada Jacqueline Carneiro, compareceu na quarta-feira (22) \u00e0 reuni\u00e3o da Frente Parlamentar Mista em Defesa dos Aposentados, Pensionistas e Idosos. O evento, realizado no Sal\u00e3o Nobre da C\u00e2mara dos Deputados, foi prestigiado por uma s\u00e9rie de parlamentares, que, ao fazerem uso da palavra, se posicionaram a favor da PEC 6\/2024. A referida proposta de emenda prev\u00ea a gradativa redu\u00e7\u00e3o das contribui\u00e7\u00f5es previdenci\u00e1rias de servidores aposentados e pensionistas e, em raz\u00e3o de sua relev\u00e2ncia, vem sendo chamada de \"PEC Social\".\r\n\r\nCleber Verde (MDB\/MA) foi o anfitri\u00e3o do evento. Autor da PEC, o deputado lembrou a reuni\u00e3o realizada\u00a0com o presidente da C\u00e2mara, Arthur Lira (PP\/AL), e os esfor\u00e7os dos parlamentares e das entidades para dar celeridade \u00e0 tramita\u00e7\u00e3o da proposta. \"Nosso objetivo \u00e9 antecipar o di\u00e1logo e, se poss\u00edvel, avan\u00e7ar com a PEC ainda neste semestre. Estamos trabalhando para que ela seja apensada \u00e0 PEC 555\/2006. A partir disso, a aprecia\u00e7\u00e3o da mat\u00e9ria depender\u00e1 de\u00a0nossos esfor\u00e7os coletivos, principalmente do apoio do maior n\u00famero poss\u00edvel de parlamentares\", ressaltou o deputado.\r\n\r\nMauro Benevides Filho (PDT\/CE), Meire Serafim (Uni\u00e3o\/AC), Z\u00e9 Silva (Solidariedade\/MG),\u00a0Carol Dartora (PT\/PR) e Silas C\u00e2mara (Republicanos\/AM)\u00a0 foram alguns dos deputados que prestigiaram a reuni\u00e3o da Frente Parlamentar. Segundo Edison Haubert, presidente do Movimento Nacional dos Servidores P\u00fablicos Aposentados e Pensionistas no Brasil - Instituto Mosap, o momento \u00e9 de di\u00e1logo e colabora\u00e7\u00e3o entre os diferentes setores que influenciam o Legislativo. \"Nossa luta conjunta ser\u00e1 capaz de garantir a conquista de direitos por parte dos servidores aposentados e pensionistas no Brasil!\"\r\n\r\n<strong>Fonacate\r\n<\/strong>A PEC 6\/2024 tamb\u00e9m foi tema de debate entre os integrantes do F\u00f3rum Nacional Permanente de Carreiras T\u00edpicas de Estado. Em assembleia geral realizada na ter\u00e7a-feira (21), o SINPROFAZ e as demais entidades associativas discutiram estrat\u00e9gias relacionadas \u00e0 tramita\u00e7\u00e3o da proposta na C\u00e2mara dos Deputados. Visando ao aprofundamento dos debates, o Fonacate agendar\u00e1 audi\u00eancias com l\u00edderes dos partidos na Casa, onde a PEC 6 est\u00e1 parada h\u00e1 tr\u00eas meses, desde a apresenta\u00e7\u00e3o pelo autor. A atua\u00e7\u00e3o do Fonacate ocorre de forma alinhada \u00e0 do Instituto Mosap e \u00e0 do SINPROFAZ.\r\n\r\n[gallery link=\"file\" ids=\"18290,18291,18292,18293\"]\r\n\r\n","_links":{"self":[{"href":"https:\/\/sinprofaz.org.br\/2024\/wp-json\/wp\/v2\/posts\/18288"}],"collection":[{"href":"https:\/\/sinprofaz.org.br\/2024\/wp-json\/wp\/v2\/posts"}],"about":[{"href":"https:\/\/sinprofaz.org.br\/2024\/wp-json\/wp\/v2\/types\/post"}],"author":[{"embeddable":true,"href":"https:\/\/sinprofaz.org.br\/2024\/wp-json\/wp\/v2\/users\/2"}],"replies":[{"embeddable":true,"href":"https:\/\/sinprofaz.org.br\/2024\/wp-json\/wp\/v2\/comments?post=18288"}],"version-history":[{"count":3,"href":"https:\/\/sinprofaz.org.br\/2024\/wp-json\/wp\/v2\/posts\/18288\/revisions"}],"predecessor-version":[{"id":18301,"href":"https:\/\/sinprofaz.org.br\/2024\/wp-json\/wp\/v2\/posts\/18288\/revisions\/18301"}],"wp:featuredmedia":[{"embeddable":true,"href":"https:\/\/sinprofaz.org.br\/2024\/wp-json\/wp\/v2\/media\/18289"}],"wp:attachment":[{"href":"https:\/\/sinprofaz.org.br\/2024\/wp-json\/wp\/v2\/media?parent=18288"}],"wp:term":[{"taxonomy":"category","embeddable":true,"href":"https:\/\/sinprofaz.org.br\/2024\/wp-json\/wp\/v2\/categories?post=18288"},{"taxonomy":"post_tag","embeddable":true,"href":"https:\/\/sinprofaz.org.br\/2024\/wp-json\/wp\/v2\/tags?post=18288"}],"curies":[{"name":"wp","href":"https:\/\/api.w.org\/{rel}","templated":true}]}}