{"id":18282,"date":"2024-05-22T13:36:41","date_gmt":"2024-05-22T16:36:41","guid":{"rendered":"https:\/\/sinprofaz.org.br\/2024\/?p=18282"},"modified":"2024-06-07T13:39:07","modified_gmt":"2024-06-07T16:39:07","slug":"entidades-convocam-para-marcha-pela-valorizacao-da-advocacia-publica-federal","status":"publish","type":"post","link":"https:\/\/sinprofaz.org.br\/2024\/noticias\/entidades-convocam-para-marcha-pela-valorizacao-da-advocacia-publica-federal\/","title":{"rendered":"ENTIDADES CONVOCAM PARA MARCHA PELA VALORIZA\u00c7\u00c3O DA ADVOCACIA P\u00daBLICA FEDERAL"},"content":{"rendered":"<p>Os Membros da AGU, incluindo aqueles que tomar\u00e3o posse nos pr\u00f3ximos dias, t\u00eam um compromisso no dia 6 de junho: a\u00a0<strong>Marcha pela Valoriza\u00e7\u00e3o da Advocacia P\u00fablica Federal<\/strong>. A mobiliza\u00e7\u00e3o, organizada por SINPROFAZ, ANAJUR, ANAUNI e ANPPREV (integrantes do FORVM) e pela ANAFE, visa \u00e0 sensibiliza\u00e7\u00e3o da Advocacia-Geral da Uni\u00e3o e do Minist\u00e9rio da Gest\u00e3o com rela\u00e7\u00e3o a temas urgentes, entre os quais a corre\u00e7\u00e3o do subs\u00eddio das carreiras.<\/p>\n<p><strong>Programa\u00e7\u00e3o<br \/>\n<\/strong>A concentra\u00e7\u00e3o dos Membros ocorrer\u00e1\u00a0\u00e0s 14h diante da sede 1 da AGU, localizada no SAUS, quadra 3, Bras\u00edlia\/DF. De l\u00e1, os advogados p\u00fablicos partir\u00e3o em marcha rumo ao Minist\u00e9rio da Gest\u00e3o e da Inova\u00e7\u00e3o em Servi\u00e7os P\u00fablicos, localizado no bloco K da Esplanada dos Minist\u00e9rios. Para a marcha, as entidades pretendem providenciar carro de som e faixas, de modo a chamar a aten\u00e7\u00e3o dos gestores da AGU e do MGI para as pautas priorit\u00e1rias dos advogados p\u00fablicos federais.<\/p>\n<p>Colegas, compare\u00e7am \u00e0\u00a0<strong>Marcha pela Valoriza\u00e7\u00e3o da Advocacia P\u00fablica Federal<\/strong>! Apenas a uni\u00e3o de esfor\u00e7os em prol dos objetivos comuns ser\u00e1 capaz de promover as mudan\u00e7as e os avan\u00e7os pleiteados pelos Membros da AGU.<\/p>\n<p><!-- notionvc: 7f46434e-0927-49ae-8270-e9e5e9981e40 --><\/p>\n","protected":false},"excerpt":{"rendered":"<p>A concentra\u00e7\u00e3o dos Membros ocorrer\u00e1 \u00e0s 14h diante da sede 1 da AGU, localizada no SAUS, quadra 3, Bras\u00edlia\/DF. De l\u00e1, os advogados p\u00fablicos federais partir\u00e3o em marcha rumo ao Minist\u00e9rio da Gest\u00e3o e da Inova\u00e7\u00e3o em Servi\u00e7os P\u00fablicos, na Esplanada dos Minist\u00e9rios.<\/p>\n","protected":false},"author":2,"featured_media":18373,"comment_status":"open","ping_status":"open","sticky":false,"template":"","format":"standard","meta":{"footnotes":""},"categories":[8],"tags":[34,43,220],"featured_image_url":"https:\/\/sinprofaz.org.br\/2024\/wp-content\/uploads\/2024\/05\/SINPROFAZ-Marcha-06-de-junho-CARD1.png","character_count":588,"formatted_date":"22\/05\/2024 - 13:36","contentNovo":"Os Membros da AGU, incluindo aqueles que tomar\u00e3o posse nos pr\u00f3ximos dias, t\u00eam um compromisso no dia 6 de junho: a\u00a0<strong>Marcha pela Valoriza\u00e7\u00e3o da Advocacia P\u00fablica Federal<\/strong>. A mobiliza\u00e7\u00e3o, organizada por SINPROFAZ, ANAJUR, ANAUNI e ANPPREV (integrantes do FORVM) e pela ANAFE, visa \u00e0 sensibiliza\u00e7\u00e3o da Advocacia-Geral da Uni\u00e3o e do Minist\u00e9rio da Gest\u00e3o com rela\u00e7\u00e3o a temas urgentes, entre os quais a corre\u00e7\u00e3o do subs\u00eddio das carreiras.\r\n\r\n<strong>Programa\u00e7\u00e3o\r\n<\/strong>A concentra\u00e7\u00e3o dos Membros ocorrer\u00e1\u00a0\u00e0s 14h diante da sede 1 da AGU, localizada no SAUS, quadra 3, Bras\u00edlia\/DF. De l\u00e1, os advogados p\u00fablicos partir\u00e3o em marcha rumo ao Minist\u00e9rio da Gest\u00e3o e da Inova\u00e7\u00e3o em Servi\u00e7os P\u00fablicos, localizado no bloco K da Esplanada dos Minist\u00e9rios. Para a marcha, as entidades pretendem providenciar carro de som e faixas, de modo a chamar a aten\u00e7\u00e3o dos gestores da AGU e do MGI para as pautas priorit\u00e1rias dos advogados p\u00fablicos federais.\r\n\r\nColegas, compare\u00e7am \u00e0\u00a0<strong>Marcha pela Valoriza\u00e7\u00e3o da Advocacia P\u00fablica Federal<\/strong>! Apenas a uni\u00e3o de esfor\u00e7os em prol dos objetivos comuns ser\u00e1 capaz de promover as mudan\u00e7as e os avan\u00e7os pleiteados pelos Membros da AGU.\r\n\r\n","_links":{"self":[{"href":"https:\/\/sinprofaz.org.br\/2024\/wp-json\/wp\/v2\/posts\/18282"}],"collection":[{"href":"https:\/\/sinprofaz.org.br\/2024\/wp-json\/wp\/v2\/posts"}],"about":[{"href":"https:\/\/sinprofaz.org.br\/2024\/wp-json\/wp\/v2\/types\/post"}],"author":[{"embeddable":true,"href":"https:\/\/sinprofaz.org.br\/2024\/wp-json\/wp\/v2\/users\/2"}],"replies":[{"embeddable":true,"href":"https:\/\/sinprofaz.org.br\/2024\/wp-json\/wp\/v2\/comments?post=18282"}],"version-history":[{"count":2,"href":"https:\/\/sinprofaz.org.br\/2024\/wp-json\/wp\/v2\/posts\/18282\/revisions"}],"predecessor-version":[{"id":18287,"href":"https:\/\/sinprofaz.org.br\/2024\/wp-json\/wp\/v2\/posts\/18282\/revisions\/18287"}],"wp:featuredmedia":[{"embeddable":true,"href":"https:\/\/sinprofaz.org.br\/2024\/wp-json\/wp\/v2\/media\/18373"}],"wp:attachment":[{"href":"https:\/\/sinprofaz.org.br\/2024\/wp-json\/wp\/v2\/media?parent=18282"}],"wp:term":[{"taxonomy":"category","embeddable":true,"href":"https:\/\/sinprofaz.org.br\/2024\/wp-json\/wp\/v2\/categories?post=18282"},{"taxonomy":"post_tag","embeddable":true,"href":"https:\/\/sinprofaz.org.br\/2024\/wp-json\/wp\/v2\/tags?post=18282"}],"curies":[{"name":"wp","href":"https:\/\/api.w.org\/{rel}","templated":true}]}}