{"id":18278,"date":"2024-05-21T09:34:39","date_gmt":"2024-05-21T12:34:39","guid":{"rendered":"https:\/\/sinprofaz.org.br\/2024\/?p=18278"},"modified":"2024-05-21T09:34:39","modified_gmt":"2024-05-21T12:34:39","slug":"sinprofaz-e-entidades-oficiam-o-mgi-e-requerem-a-imediata-abertura-da-mesa-setorial","status":"publish","type":"post","link":"https:\/\/sinprofaz.org.br\/2024\/noticias\/sinprofaz-e-entidades-oficiam-o-mgi-e-requerem-a-imediata-abertura-da-mesa-setorial\/","title":{"rendered":"SINPROFAZ E ENTIDADES OFICIAM O MGI E REQUEREM A IMEDIATA ABERTURA DA MESA SETORIAL"},"content":{"rendered":"<p>O F\u00f3rum Nacional da Advocacia P\u00fablica Federal &#8211; formado por SINPROFAZ, ANAJUR, ANAUNI e ANPPREV -, juntamente com a ANAFE, oficiou a ministra da Gest\u00e3o e da Inova\u00e7\u00e3o em Servi\u00e7os P\u00fablicos, Esther Dweck.\u00a0<a class=\"notion-link-token notion-focusable-token notion-enable-hover\" tabindex=\"0\" href=\"https:\/\/drive.google.com\/file\/d\/1ug-ivl6qvtg9_P0C2q_Z4K7BbsiBkNas\/view?usp=sharing\" target=\"_blank\" rel=\"noopener noreferrer\" data-token-index=\"1\"><span class=\"link-annotation-unknown-block-id--918998187\">Na comunica\u00e7\u00e3o<\/span><\/a>, as entidades requereram a imediata instala\u00e7\u00e3o da Mesa Setorial de Negocia\u00e7\u00e3o das carreiras da AGU. Embora as entidades tenham solicitado a abertura da Mesa em of\u00edcios encaminhados \u00e0 Pasta em 5 de mar\u00e7o e em 19 de abril (Of\u00edcio FORVM 001\/2024 e Of\u00edcio ANAFE 038\/2024), a instala\u00e7\u00e3o at\u00e9 hoje n\u00e3o ocorreu.<!-- notionvc: 18537926-470c-40da-850e-abade25e1ce0 --><\/p>\n<p>A abertura da Mesa Setorial representa uma promessa feita pelo Governo Federal na ocasi\u00e3o da instala\u00e7\u00e3o da Mesa Nacional de Negocia\u00e7\u00e3o. A abertura da Mesa espec\u00edfica, ademais, comp\u00f4s o acordo firmado entre o MGI e v\u00e1rias categorias do funcionalismo federal, entre as quais as carreiras da AGU. De acordo com o of\u00edcio, &#8220;em aceno de confian\u00e7a para com a Pasta, as entidades representativas assinaram o acordo proposto, mas, at\u00e9 o momento, n\u00e3o testemunharam o cumprimento da promessa feita pelas lideran\u00e7as do Minist\u00e9rio da Gest\u00e3o&#8221;.<\/p>\n<p>Visando \u00e0 interven\u00e7\u00e3o em favor das carreiras e ao fim da morosidade do MGI, o SINPROFAZ deu conhecimento do of\u00edcio\u00a0<a href=\"https:\/\/drive.google.com\/file\/d\/1vsXbgnJUZzD8xhlcrtVM9lGRHrBdm3xF\/view?usp=sharing\" target=\"_blank\" rel=\"noopener\">ao ministro da Fazenda, Fernando Haddad<\/a>;\u00a0<a href=\"https:\/\/drive.google.com\/file\/d\/1dSe4ROYH3S1hEH5IxPqQFXewwLXGCLrP\/view?usp=sharing\" target=\"_blank\" rel=\"noopener\">ao advogado-geral da Uni\u00e3o, Jorge Messias<\/a>; e\u00a0<a href=\"https:\/\/drive.google.com\/file\/d\/13uJa6XrzEOBWsvLSS0Y8p4KYbq5ZC10z\/view?usp=sharing\" target=\"_blank\" rel=\"noopener\">\u00e0 procuradora-geral da Fazenda Nacional, Anelize Ruas<\/a>. Visando, ainda, \u00e0 urgente corre\u00e7\u00e3o do subs\u00eddio &#8211; que representa a principal pauta a ser discutida\u00a0na Mesa\u00a0-, as entidades da Advocacia P\u00fablica Federal v\u00eam planejando uma mobiliza\u00e7\u00e3o para o dia 11 de junho. Mais detalhes ser\u00e3o divulgados em breve.<\/p>\n<p><!-- notionvc: 4f957489-9527-41b0-8ffe-a87a06fb8c82 --><\/p>\n","protected":false},"excerpt":{"rendered":"<p>Na comunica\u00e7\u00e3o, as entidades requereram a imediata instala\u00e7\u00e3o da Mesa Setorial de Negocia\u00e7\u00e3o das carreiras da AGU. Embora as entidades tenham solicitado a abertura da Mesa em of\u00edcios encaminhados \u00e0 Pasta em 5 de mar\u00e7o e em 19 de abril, a instala\u00e7\u00e3o at\u00e9 hoje n\u00e3o ocorreu.<\/p>\n","protected":false},"author":2,"featured_media":17269,"comment_status":"open","ping_status":"open","sticky":false,"template":"","format":"standard","meta":{"footnotes":""},"categories":[8],"tags":[34,146,220,25],"featured_image_url":"https:\/\/sinprofaz.org.br\/2024\/wp-content\/uploads\/2023\/12\/1-1-1.png","character_count":819,"formatted_date":"21\/05\/2024 - 09:34","contentNovo":"O F\u00f3rum Nacional da Advocacia P\u00fablica Federal - formado por SINPROFAZ, ANAJUR, ANAUNI e ANPPREV -, juntamente com a ANAFE, oficiou a ministra da Gest\u00e3o e da Inova\u00e7\u00e3o em Servi\u00e7os P\u00fablicos, Esther Dweck.\u00a0<a class=\"notion-link-token notion-focusable-token notion-enable-hover\" tabindex=\"0\" href=\"https:\/\/drive.google.com\/file\/d\/1ug-ivl6qvtg9_P0C2q_Z4K7BbsiBkNas\/view?usp=sharing\" target=\"_blank\" rel=\"noopener noreferrer\" data-token-index=\"1\">Na comunica\u00e7\u00e3o<\/a>, as entidades requereram a imediata instala\u00e7\u00e3o da Mesa Setorial de Negocia\u00e7\u00e3o das carreiras da AGU. Embora as entidades tenham solicitado a abertura da Mesa em of\u00edcios encaminhados \u00e0 Pasta em 5 de mar\u00e7o e em 19 de abril (Of\u00edcio FORVM 001\/2024 e Of\u00edcio ANAFE 038\/2024), a instala\u00e7\u00e3o at\u00e9 hoje n\u00e3o ocorreu.\r\n\r\nA abertura da Mesa Setorial representa uma promessa feita pelo Governo Federal na ocasi\u00e3o da instala\u00e7\u00e3o da Mesa Nacional de Negocia\u00e7\u00e3o. A abertura da Mesa espec\u00edfica, ademais, comp\u00f4s o acordo firmado entre o MGI e v\u00e1rias categorias do funcionalismo federal, entre as quais as carreiras da AGU. De acordo com o of\u00edcio, \"em aceno de confian\u00e7a para com a Pasta, as entidades representativas assinaram o acordo proposto, mas, at\u00e9 o momento, n\u00e3o testemunharam o cumprimento da promessa feita pelas lideran\u00e7as do Minist\u00e9rio da Gest\u00e3o\".\r\n\r\nVisando \u00e0 interven\u00e7\u00e3o em favor das carreiras e ao fim da morosidade do MGI, o SINPROFAZ deu conhecimento do of\u00edcio\u00a0<a href=\"https:\/\/drive.google.com\/file\/d\/1vsXbgnJUZzD8xhlcrtVM9lGRHrBdm3xF\/view?usp=sharing\" target=\"_blank\" rel=\"noopener\">ao ministro da Fazenda, Fernando Haddad<\/a>;\u00a0<a href=\"https:\/\/drive.google.com\/file\/d\/1dSe4ROYH3S1hEH5IxPqQFXewwLXGCLrP\/view?usp=sharing\" target=\"_blank\" rel=\"noopener\">ao advogado-geral da Uni\u00e3o, Jorge Messias<\/a>; e\u00a0<a href=\"https:\/\/drive.google.com\/file\/d\/13uJa6XrzEOBWsvLSS0Y8p4KYbq5ZC10z\/view?usp=sharing\" target=\"_blank\" rel=\"noopener\">\u00e0 procuradora-geral da Fazenda Nacional, Anelize Ruas<\/a>. Visando, ainda, \u00e0 urgente corre\u00e7\u00e3o do subs\u00eddio - que representa a principal pauta a ser discutida\u00a0na Mesa\u00a0-, as entidades da Advocacia P\u00fablica Federal v\u00eam planejando uma mobiliza\u00e7\u00e3o para o dia 11 de junho. Mais detalhes ser\u00e3o divulgados em breve.\r\n\r\n","_links":{"self":[{"href":"https:\/\/sinprofaz.org.br\/2024\/wp-json\/wp\/v2\/posts\/18278"}],"collection":[{"href":"https:\/\/sinprofaz.org.br\/2024\/wp-json\/wp\/v2\/posts"}],"about":[{"href":"https:\/\/sinprofaz.org.br\/2024\/wp-json\/wp\/v2\/types\/post"}],"author":[{"embeddable":true,"href":"https:\/\/sinprofaz.org.br\/2024\/wp-json\/wp\/v2\/users\/2"}],"replies":[{"embeddable":true,"href":"https:\/\/sinprofaz.org.br\/2024\/wp-json\/wp\/v2\/comments?post=18278"}],"version-history":[{"count":1,"href":"https:\/\/sinprofaz.org.br\/2024\/wp-json\/wp\/v2\/posts\/18278\/revisions"}],"predecessor-version":[{"id":18279,"href":"https:\/\/sinprofaz.org.br\/2024\/wp-json\/wp\/v2\/posts\/18278\/revisions\/18279"}],"wp:featuredmedia":[{"embeddable":true,"href":"https:\/\/sinprofaz.org.br\/2024\/wp-json\/wp\/v2\/media\/17269"}],"wp:attachment":[{"href":"https:\/\/sinprofaz.org.br\/2024\/wp-json\/wp\/v2\/media?parent=18278"}],"wp:term":[{"taxonomy":"category","embeddable":true,"href":"https:\/\/sinprofaz.org.br\/2024\/wp-json\/wp\/v2\/categories?post=18278"},{"taxonomy":"post_tag","embeddable":true,"href":"https:\/\/sinprofaz.org.br\/2024\/wp-json\/wp\/v2\/tags?post=18278"}],"curies":[{"name":"wp","href":"https:\/\/api.w.org\/{rel}","templated":true}]}}