{"id":18270,"date":"2024-05-17T14:29:03","date_gmt":"2024-05-17T17:29:03","guid":{"rendered":"https:\/\/sinprofaz.org.br\/2024\/?p=18270"},"modified":"2024-05-17T18:07:13","modified_gmt":"2024-05-17T21:07:13","slug":"imposto-de-renda-sinprofaz-sugere-doacoes-para-fundos-do-rio-grande-do-sul","status":"publish","type":"post","link":"https:\/\/sinprofaz.org.br\/2024\/noticias\/imposto-de-renda-sinprofaz-sugere-doacoes-para-fundos-do-rio-grande-do-sul\/","title":{"rendered":"IMPOSTO DE RENDA: SINPROFAZ SUGERE DOA\u00c7\u00d5ES PARA FUNDOS DO RIO GRANDE DO SUL"},"content":{"rendered":"<p>O SINPROFAZ, em solidariedade \u00e0s v\u00edtimas das enchentes ocorridas no Rio Grande do Sul, sugere aos filiados que tenham imposto de renda a pagar no momento do ajuste, que destinem parte do imposto aos fundos estadual ou municipal dessa unidade da Federa\u00e7\u00e3o.<\/p>\n<p><strong>Como proceder<br \/>\n<\/strong>A doa\u00e7\u00e3o deve ser feita no momento do preenchimento da declara\u00e7\u00e3o, por meio da aba &#8220;doa\u00e7\u00f5es diretamente na declara\u00e7\u00e3o&#8221;, que, depois de clicada, releva as op\u00e7\u00f5es &#8220;Estatuto da Crian\u00e7a e do Adolescente &#8211; ECA&#8221; e &#8220;Pessoa Idosa&#8221;. Dentro de uma das op\u00e7\u00f5es, deve-se escolher um fundo federal, estadual ou municipal.<\/p>\n<p>A sugest\u00e3o do Sindicato \u00e9 que o filiado opte pelo fundo estadual do Rio Grande do Sul ou pelo fundo municipal de algum dos munic\u00edpios afetados. Feita a op\u00e7\u00e3o, basta gerar o DARF e recolher o valor. Para conferir a lista de munic\u00edpios afetados, acesse:\u00a0<a href=\"https:\/\/www.estado.rs.gov.br\/upload\/arquivos\/202405\/lista-municicpios-afetados-11-05-9h.pdf\" target=\"_blank\" rel=\"noopener\">https:\/\/www.estado.rs.gov.br\/upload\/arquivos\/202405\/lista-municicpios-afetados-11-05-9h.pdf<\/a><\/p>\n<p><!-- notionvc: 24117d1b-c589-46a1-a71c-613da3353494 --><\/p>\n","protected":false},"excerpt":{"rendered":"<p>O SINPROFAZ, em solidariedade \u00e0s v\u00edtimas das enchentes ocorridas no Rio Grande do Sul, sugere aos filiados que tenham imposto de renda a pagar no momento do ajuste, que destinem parte do imposto aos fundos estadual ou municipal dessa unidade da Federa\u00e7\u00e3o.  Acesse e confira como proceder!<\/p>\n","protected":false},"author":2,"featured_media":17269,"comment_status":"open","ping_status":"open","sticky":false,"template":"","format":"standard","meta":{"footnotes":""},"categories":[8],"tags":[32,146,225,25],"featured_image_url":"https:\/\/sinprofaz.org.br\/2024\/wp-content\/uploads\/2023\/12\/1-1-1.png","character_count":495,"formatted_date":"17\/05\/2024 - 14:29","contentNovo":"O SINPROFAZ, em solidariedade \u00e0s v\u00edtimas das enchentes ocorridas no Rio Grande do Sul, sugere aos filiados que tenham imposto de renda a pagar no momento do ajuste, que destinem parte do imposto aos fundos estadual ou municipal dessa unidade da Federa\u00e7\u00e3o.\r\n\r\n<strong>Como proceder\r\n<\/strong>A doa\u00e7\u00e3o deve ser feita no momento do preenchimento da declara\u00e7\u00e3o, por meio da aba \"doa\u00e7\u00f5es diretamente na declara\u00e7\u00e3o\", que, depois de clicada, releva as op\u00e7\u00f5es \"Estatuto da Crian\u00e7a e do Adolescente - ECA\" e \"Pessoa Idosa\". Dentro de uma das op\u00e7\u00f5es, deve-se escolher um fundo federal, estadual ou municipal.\r\n\r\nA sugest\u00e3o do Sindicato \u00e9 que o filiado opte pelo fundo estadual do Rio Grande do Sul ou pelo fundo municipal de algum dos munic\u00edpios afetados. Feita a op\u00e7\u00e3o, basta gerar o DARF e recolher o valor. Para conferir a lista de munic\u00edpios afetados, acesse:\u00a0<a href=\"https:\/\/www.estado.rs.gov.br\/upload\/arquivos\/202405\/lista-municicpios-afetados-11-05-9h.pdf\" target=\"_blank\" rel=\"noopener\">https:\/\/www.estado.rs.gov.br\/upload\/arquivos\/202405\/lista-municicpios-afetados-11-05-9h.pdf<\/a>\r\n\r\n","_links":{"self":[{"href":"https:\/\/sinprofaz.org.br\/2024\/wp-json\/wp\/v2\/posts\/18270"}],"collection":[{"href":"https:\/\/sinprofaz.org.br\/2024\/wp-json\/wp\/v2\/posts"}],"about":[{"href":"https:\/\/sinprofaz.org.br\/2024\/wp-json\/wp\/v2\/types\/post"}],"author":[{"embeddable":true,"href":"https:\/\/sinprofaz.org.br\/2024\/wp-json\/wp\/v2\/users\/2"}],"replies":[{"embeddable":true,"href":"https:\/\/sinprofaz.org.br\/2024\/wp-json\/wp\/v2\/comments?post=18270"}],"version-history":[{"count":2,"href":"https:\/\/sinprofaz.org.br\/2024\/wp-json\/wp\/v2\/posts\/18270\/revisions"}],"predecessor-version":[{"id":18277,"href":"https:\/\/sinprofaz.org.br\/2024\/wp-json\/wp\/v2\/posts\/18270\/revisions\/18277"}],"wp:featuredmedia":[{"embeddable":true,"href":"https:\/\/sinprofaz.org.br\/2024\/wp-json\/wp\/v2\/media\/17269"}],"wp:attachment":[{"href":"https:\/\/sinprofaz.org.br\/2024\/wp-json\/wp\/v2\/media?parent=18270"}],"wp:term":[{"taxonomy":"category","embeddable":true,"href":"https:\/\/sinprofaz.org.br\/2024\/wp-json\/wp\/v2\/categories?post=18270"},{"taxonomy":"post_tag","embeddable":true,"href":"https:\/\/sinprofaz.org.br\/2024\/wp-json\/wp\/v2\/tags?post=18270"}],"curies":[{"name":"wp","href":"https:\/\/api.w.org\/{rel}","templated":true}]}}