{"id":1826,"date":"2014-06-18T17:54:03","date_gmt":"2014-06-18T17:54:03","guid":{"rendered":""},"modified":"-0001-11-30T00:00:00","modified_gmt":"-0001-11-30T03:00:00","slug":"agenda-auditoria-da-divida-publica-em-pauta","status":"publish","type":"post","link":"https:\/\/sinprofaz.org.br\/2024\/noticias\/agenda-auditoria-da-divida-publica-em-pauta\/","title":{"rendered":"Agenda: auditoria da d\u00edvida p\u00fablica em pauta"},"content":{"rendered":"<p>A palestra ser\u00e1 ministrada pela Coordenadora Nacional da Auditoria Cidad\u00e3 da D\u00edvida, Maria L\u00facia Fatorelli, no CALET (Centro Acad\u00eamico de Letras &#8211; UnB).<\/p>\n<p>O evento ser\u00e1 realizado no pr\u00f3ximo dia 27 de junho, \u00e0s 19h.<\/p>\n","protected":false},"excerpt":{"rendered":"<p>O N\u00facleo DF da Auditoria Cidad\u00e3 da D\u00edvida promover\u00e1 evento em Bras\u00edlia com palestra e debate sobra a auditoria da d\u00edvida p\u00fablica brasileira.<\/p>\n","protected":false},"author":1,"featured_media":0,"comment_status":"closed","ping_status":"open","sticky":false,"template":"","format":"standard","meta":{"footnotes":""},"categories":[8],"tags":[],"featured_image_url":"https:\/\/dummyimage.com\/720x400","character_count":114,"formatted_date":"18\/06\/2014 - 17:54","contentNovo":"\r\n<p>A palestra ser\u00e1 ministrada pela Coordenadora Nacional da Auditoria Cidad\u00e3 da D\u00edvida, Maria L\u00facia Fatorelli, no CALET (Centro Acad\u00eamico de Letras - UnB).<\/p>\r\n<p>O evento ser\u00e1 realizado no pr\u00f3ximo dia 27 de junho, \u00e0s 19h.<\/p>","_links":{"self":[{"href":"https:\/\/sinprofaz.org.br\/2024\/wp-json\/wp\/v2\/posts\/1826"}],"collection":[{"href":"https:\/\/sinprofaz.org.br\/2024\/wp-json\/wp\/v2\/posts"}],"about":[{"href":"https:\/\/sinprofaz.org.br\/2024\/wp-json\/wp\/v2\/types\/post"}],"author":[{"embeddable":true,"href":"https:\/\/sinprofaz.org.br\/2024\/wp-json\/wp\/v2\/users\/1"}],"replies":[{"embeddable":true,"href":"https:\/\/sinprofaz.org.br\/2024\/wp-json\/wp\/v2\/comments?post=1826"}],"version-history":[{"count":0,"href":"https:\/\/sinprofaz.org.br\/2024\/wp-json\/wp\/v2\/posts\/1826\/revisions"}],"wp:attachment":[{"href":"https:\/\/sinprofaz.org.br\/2024\/wp-json\/wp\/v2\/media?parent=1826"}],"wp:term":[{"taxonomy":"category","embeddable":true,"href":"https:\/\/sinprofaz.org.br\/2024\/wp-json\/wp\/v2\/categories?post=1826"},{"taxonomy":"post_tag","embeddable":true,"href":"https:\/\/sinprofaz.org.br\/2024\/wp-json\/wp\/v2\/tags?post=1826"}],"curies":[{"name":"wp","href":"https:\/\/api.w.org\/{rel}","templated":true}]}}