{"id":18253,"date":"2024-05-17T08:26:43","date_gmt":"2024-05-17T11:26:43","guid":{"rendered":"https:\/\/sinprofaz.org.br\/2024\/?p=18253"},"modified":"2024-05-17T09:46:05","modified_gmt":"2024-05-17T12:46:05","slug":"deputados-e-senadores-receberam-a-visita-de-pfns-nos-gabinetes-em-brasilia","status":"publish","type":"post","link":"https:\/\/sinprofaz.org.br\/2024\/noticias\/deputados-e-senadores-receberam-a-visita-de-pfns-nos-gabinetes-em-brasilia\/","title":{"rendered":"DEPUTADOS E SENADORES RECEBERAM A VISITA DE PFNS NOS GABINETES EM BRAS\u00cdLIA"},"content":{"rendered":"<p>Ao longo da Jornada de Mobiliza\u00e7\u00e3o da Advocacia P\u00fablica, o SINPROFAZ visitou uma s\u00e9rie de gabinetes no Congresso Nacional. Na ocasi\u00e3o das visitas, o Sindicato, ao lado de Colegas advogados p\u00fablicos, pleiteou o apoio dos parlamentares \u00e0s mais importantes pautas da Carreira. Entre os temas debatidos com deputados e senadores na oportunidade, estiveram a conquista da autonomia, o direito \u00e0 advocacia plena, o avan\u00e7o do quinqu\u00eanio, a compet\u00eancia para a transa\u00e7\u00e3o tribut\u00e1ria e o risco relacionado \u00e0 securitiza\u00e7\u00e3o de cr\u00e9ditos. Os recordes alcan\u00e7ados pela PGFN, o efetivo combate \u00e0 sonega\u00e7\u00e3o e a justi\u00e7a representada pela PEC Social tamb\u00e9m foram pautados pelo SINPROFAZ.<\/p>\n<p>Deputados e deputadas federais como Caroline de Toni (PL\/SC), Darci de Matos (PSD\/SC), Thiago Flores (Republicanos\/RO), Ana Pimentel (PT\/MG), T\u00falio Gad\u00ealha (Rede\/PE), Hugo Leal (PSD\/RJ), Danilo Forte (Uni\u00e3o\/CE), Silas C\u00e2mara (Republicanos\/AM), Joseildo Ramos (PT\/BA) e Fl\u00e1via Morais (PDT\/GO) receberam a Carreira em seus gabinetes. O senador Efraim Filho (Uni\u00e3o\/PB) e a senadora Zenaide Maia (PSD\/RN) tamb\u00e9m foram visitados. O SINPROFAZ agradece a todos os parlamentares que manifestaram apoio aos pleitos da Advocacia P\u00fablica Nacional. A atua\u00e7\u00e3o legislativa em prol da valoriza\u00e7\u00e3o dos advogados p\u00fablicos brasileiros certamente ser\u00e1 reconhecida como um legado dos respectivos mandatos.<\/p>\n\n\t\t<style type=\"text\/css\">\n\t\t\t#gallery-1 {\n\t\t\t\tmargin: auto;\n\t\t\t}\n\t\t\t#gallery-1 .gallery-item {\n\t\t\t\tfloat: left;\n\t\t\t\tmargin-top: 10px;\n\t\t\t\ttext-align: center;\n\t\t\t\twidth: 33%;\n\t\t\t}\n\t\t\t#gallery-1 img {\n\t\t\t\tborder: 2px solid #cfcfcf;\n\t\t\t}\n\t\t\t#gallery-1 .gallery-caption {\n\t\t\t\tmargin-left: 0;\n\t\t\t}\n\t\t\t\/* see gallery_shortcode() in wp-includes\/media.php *\/\n\t\t<\/style>\n\t\t<div id='gallery-1' class='gallery galleryid-18253 gallery-columns-3 gallery-size-thumbnail'><dl class='gallery-item'>\n\t\t\t<dt class='gallery-icon landscape'>\n\t\t\t\t<a href='https:\/\/sinprofaz.org.br\/2024\/wp-content\/uploads\/2024\/05\/2-6.png'><img loading=\"lazy\" decoding=\"async\" width=\"150\" height=\"150\" src=\"https:\/\/sinprofaz.org.br\/2024\/wp-content\/uploads\/2024\/05\/2-6-150x150.png\" class=\"attachment-thumbnail size-thumbnail\" alt=\"\" aria-describedby=\"gallery-1-18255\" \/><\/a>\n\t\t\t<\/dt>\n\t\t\t\t<dd class='wp-caption-text gallery-caption' id='gallery-1-18255'>\n\t\t\t\tEfraim Filho (Uni\u00e3o\/PB)\n\t\t\t\t<\/dd><\/dl><dl class='gallery-item'>\n\t\t\t<dt class='gallery-icon landscape'>\n\t\t\t\t<a href='https:\/\/sinprofaz.org.br\/2024\/wp-content\/uploads\/2024\/05\/3-6.png'><img loading=\"lazy\" decoding=\"async\" width=\"150\" height=\"150\" src=\"https:\/\/sinprofaz.org.br\/2024\/wp-content\/uploads\/2024\/05\/3-6-150x150.png\" class=\"attachment-thumbnail size-thumbnail\" alt=\"\" aria-describedby=\"gallery-1-18256\" \/><\/a>\n\t\t\t<\/dt>\n\t\t\t\t<dd class='wp-caption-text gallery-caption' id='gallery-1-18256'>\n\t\t\t\tHugo Leal (PSD\/RJ)\n\t\t\t\t<\/dd><\/dl><dl class='gallery-item'>\n\t\t\t<dt class='gallery-icon landscape'>\n\t\t\t\t<a href='https:\/\/sinprofaz.org.br\/2024\/wp-content\/uploads\/2024\/05\/4-6.png'><img loading=\"lazy\" decoding=\"async\" width=\"150\" height=\"150\" src=\"https:\/\/sinprofaz.org.br\/2024\/wp-content\/uploads\/2024\/05\/4-6-150x150.png\" class=\"attachment-thumbnail size-thumbnail\" alt=\"\" aria-describedby=\"gallery-1-18257\" \/><\/a>\n\t\t\t<\/dt>\n\t\t\t\t<dd class='wp-caption-text gallery-caption' id='gallery-1-18257'>\n\t\t\t\tThiago Flores (Republicanos\/RO)\n\t\t\t\t<\/dd><\/dl><br style=\"clear: both\" \/><dl class='gallery-item'>\n\t\t\t<dt class='gallery-icon landscape'>\n\t\t\t\t<a href='https:\/\/sinprofaz.org.br\/2024\/wp-content\/uploads\/2024\/05\/5-4.png'><img loading=\"lazy\" decoding=\"async\" width=\"150\" height=\"150\" src=\"https:\/\/sinprofaz.org.br\/2024\/wp-content\/uploads\/2024\/05\/5-4-150x150.png\" class=\"attachment-thumbnail size-thumbnail\" alt=\"\" aria-describedby=\"gallery-1-18258\" \/><\/a>\n\t\t\t<\/dt>\n\t\t\t\t<dd class='wp-caption-text gallery-caption' id='gallery-1-18258'>\n\t\t\t\tDarci de Matos (PSD\/SC) e Caroline de Toni (PL\/SC)\n\t\t\t\t<\/dd><\/dl><dl class='gallery-item'>\n\t\t\t<dt class='gallery-icon landscape'>\n\t\t\t\t<a href='https:\/\/sinprofaz.org.br\/2024\/wp-content\/uploads\/2024\/05\/6-3.png'><img loading=\"lazy\" decoding=\"async\" width=\"150\" height=\"150\" src=\"https:\/\/sinprofaz.org.br\/2024\/wp-content\/uploads\/2024\/05\/6-3-150x150.png\" class=\"attachment-thumbnail size-thumbnail\" alt=\"\" aria-describedby=\"gallery-1-18259\" \/><\/a>\n\t\t\t<\/dt>\n\t\t\t\t<dd class='wp-caption-text gallery-caption' id='gallery-1-18259'>\n\t\t\t\tSilas C\u00e2mara (Republicanos\/AM)\n\t\t\t\t<\/dd><\/dl><dl class='gallery-item'>\n\t\t\t<dt class='gallery-icon landscape'>\n\t\t\t\t<a href='https:\/\/sinprofaz.org.br\/2024\/wp-content\/uploads\/2024\/05\/7-2.png'><img loading=\"lazy\" decoding=\"async\" width=\"150\" height=\"150\" src=\"https:\/\/sinprofaz.org.br\/2024\/wp-content\/uploads\/2024\/05\/7-2-150x150.png\" class=\"attachment-thumbnail size-thumbnail\" alt=\"\" aria-describedby=\"gallery-1-18260\" \/><\/a>\n\t\t\t<\/dt>\n\t\t\t\t<dd class='wp-caption-text gallery-caption' id='gallery-1-18260'>\n\t\t\t\tJoseildo Ramos (PT\/BA)\n\t\t\t\t<\/dd><\/dl><br style=\"clear: both\" \/><dl class='gallery-item'>\n\t\t\t<dt class='gallery-icon landscape'>\n\t\t\t\t<a href='https:\/\/sinprofaz.org.br\/2024\/wp-content\/uploads\/2024\/05\/8-2.png'><img loading=\"lazy\" decoding=\"async\" width=\"150\" height=\"150\" src=\"https:\/\/sinprofaz.org.br\/2024\/wp-content\/uploads\/2024\/05\/8-2-150x150.png\" class=\"attachment-thumbnail size-thumbnail\" alt=\"\" aria-describedby=\"gallery-1-18261\" \/><\/a>\n\t\t\t<\/dt>\n\t\t\t\t<dd class='wp-caption-text gallery-caption' id='gallery-1-18261'>\n\t\t\t\tDanilo Forte (Uni\u00e3o\/CE)\n\t\t\t\t<\/dd><\/dl><dl class='gallery-item'>\n\t\t\t<dt class='gallery-icon landscape'>\n\t\t\t\t<a href='https:\/\/sinprofaz.org.br\/2024\/wp-content\/uploads\/2024\/05\/9-2.png'><img loading=\"lazy\" decoding=\"async\" width=\"150\" height=\"150\" src=\"https:\/\/sinprofaz.org.br\/2024\/wp-content\/uploads\/2024\/05\/9-2-150x150.png\" class=\"attachment-thumbnail size-thumbnail\" alt=\"\" aria-describedby=\"gallery-1-18262\" \/><\/a>\n\t\t\t<\/dt>\n\t\t\t\t<dd class='wp-caption-text gallery-caption' id='gallery-1-18262'>\n\t\t\t\tT\u00falio Gad\u00ealha (Rede\/PE)\n\t\t\t\t<\/dd><\/dl><dl class='gallery-item'>\n\t\t\t<dt class='gallery-icon landscape'>\n\t\t\t\t<a href='https:\/\/sinprofaz.org.br\/2024\/wp-content\/uploads\/2024\/05\/10-2.png'><img loading=\"lazy\" decoding=\"async\" width=\"150\" height=\"150\" src=\"https:\/\/sinprofaz.org.br\/2024\/wp-content\/uploads\/2024\/05\/10-2-150x150.png\" class=\"attachment-thumbnail size-thumbnail\" alt=\"\" aria-describedby=\"gallery-1-18263\" \/><\/a>\n\t\t\t<\/dt>\n\t\t\t\t<dd class='wp-caption-text gallery-caption' id='gallery-1-18263'>\n\t\t\t\tAdvocacia P\u00fablica Nacional\n\t\t\t\t<\/dd><\/dl><br style=\"clear: both\" \/>\n\t\t<\/div>\n\n","protected":false},"excerpt":{"rendered":"<p>Ao longo da Jornada de Mobiliza\u00e7\u00e3o da Advocacia P\u00fablica, o SINPROFAZ visitou uma s\u00e9rie de gabinetes no Congresso Nacional. Na ocasi\u00e3o das visitas, o Sindicato, ao lado de Colegas advogados p\u00fablicos, pleiteou o apoio dos parlamentares \u00e0s mais importantes pautas da Carreira.<\/p>\n","protected":false},"author":2,"featured_media":18254,"comment_status":"open","ping_status":"open","sticky":false,"template":"","format":"standard","meta":{"footnotes":""},"categories":[8],"tags":[34,223,32],"featured_image_url":"https:\/\/sinprofaz.org.br\/2024\/wp-content\/uploads\/2024\/05\/1-8.png","character_count":1117,"formatted_date":"17\/05\/2024 - 08:26","contentNovo":"Ao longo da Jornada de Mobiliza\u00e7\u00e3o da Advocacia P\u00fablica, o SINPROFAZ visitou uma s\u00e9rie de gabinetes no Congresso Nacional. Na ocasi\u00e3o das visitas, o Sindicato, ao lado de Colegas advogados p\u00fablicos, pleiteou o apoio dos parlamentares \u00e0s mais importantes pautas da Carreira. Entre os temas debatidos com deputados e senadores na oportunidade, estiveram a conquista da autonomia, o direito \u00e0 advocacia plena, o avan\u00e7o do quinqu\u00eanio, a compet\u00eancia para a transa\u00e7\u00e3o tribut\u00e1ria e o risco relacionado \u00e0 securitiza\u00e7\u00e3o de cr\u00e9ditos. Os recordes alcan\u00e7ados pela PGFN, o efetivo combate \u00e0 sonega\u00e7\u00e3o e a justi\u00e7a representada pela PEC Social tamb\u00e9m foram pautados pelo SINPROFAZ.\r\n\r\nDeputados e deputadas federais como Caroline de Toni (PL\/SC), Darci de Matos (PSD\/SC), Thiago Flores (Republicanos\/RO), Ana Pimentel (PT\/MG), T\u00falio Gad\u00ealha (Rede\/PE), Hugo Leal (PSD\/RJ), Danilo Forte (Uni\u00e3o\/CE), Silas C\u00e2mara (Republicanos\/AM), Joseildo Ramos (PT\/BA) e Fl\u00e1via Morais (PDT\/GO) receberam a Carreira em seus gabinetes. O senador Efraim Filho (Uni\u00e3o\/PB) e a senadora Zenaide Maia (PSD\/RN) tamb\u00e9m foram visitados. O SINPROFAZ agradece a todos os parlamentares que manifestaram apoio aos pleitos da Advocacia P\u00fablica Nacional. A atua\u00e7\u00e3o legislativa em prol da valoriza\u00e7\u00e3o dos advogados p\u00fablicos brasileiros certamente ser\u00e1 reconhecida como um legado dos respectivos mandatos.\r\n\r\n[gallery link=\"file\" ids=\"18255,18256,18257,18258,18259,18260,18261,18262,18263\"]","_links":{"self":[{"href":"https:\/\/sinprofaz.org.br\/2024\/wp-json\/wp\/v2\/posts\/18253"}],"collection":[{"href":"https:\/\/sinprofaz.org.br\/2024\/wp-json\/wp\/v2\/posts"}],"about":[{"href":"https:\/\/sinprofaz.org.br\/2024\/wp-json\/wp\/v2\/types\/post"}],"author":[{"embeddable":true,"href":"https:\/\/sinprofaz.org.br\/2024\/wp-json\/wp\/v2\/users\/2"}],"replies":[{"embeddable":true,"href":"https:\/\/sinprofaz.org.br\/2024\/wp-json\/wp\/v2\/comments?post=18253"}],"version-history":[{"count":3,"href":"https:\/\/sinprofaz.org.br\/2024\/wp-json\/wp\/v2\/posts\/18253\/revisions"}],"predecessor-version":[{"id":18267,"href":"https:\/\/sinprofaz.org.br\/2024\/wp-json\/wp\/v2\/posts\/18253\/revisions\/18267"}],"wp:featuredmedia":[{"embeddable":true,"href":"https:\/\/sinprofaz.org.br\/2024\/wp-json\/wp\/v2\/media\/18254"}],"wp:attachment":[{"href":"https:\/\/sinprofaz.org.br\/2024\/wp-json\/wp\/v2\/media?parent=18253"}],"wp:term":[{"taxonomy":"category","embeddable":true,"href":"https:\/\/sinprofaz.org.br\/2024\/wp-json\/wp\/v2\/categories?post=18253"},{"taxonomy":"post_tag","embeddable":true,"href":"https:\/\/sinprofaz.org.br\/2024\/wp-json\/wp\/v2\/tags?post=18253"}],"curies":[{"name":"wp","href":"https:\/\/api.w.org\/{rel}","templated":true}]}}