{"id":18240,"date":"2024-05-16T08:24:26","date_gmt":"2024-05-16T11:24:26","guid":{"rendered":"https:\/\/sinprofaz.org.br\/2024\/?p=18240"},"modified":"2024-05-17T10:45:30","modified_gmt":"2024-05-17T13:45:30","slug":"pec-17-2024-advocacia-publica-realiza-mobilizacao-historia-no-congresso-nacional","status":"publish","type":"post","link":"https:\/\/sinprofaz.org.br\/2024\/noticias\/pec-17-2024-advocacia-publica-realiza-mobilizacao-historia-no-congresso-nacional\/","title":{"rendered":"PEC 17\/2024: ADVOCACIA P\u00daBLICA REALIZA MOBILIZA\u00c7\u00c3O HIST\u00d3RICA NO CONGRESSO NACIONAL"},"content":{"rendered":"<p>Em mais um evento da programa\u00e7\u00e3o da Jornada Nacional de Mobiliza\u00e7\u00e3o, a Advocacia P\u00fablica lotou o Sal\u00e3o Nobre da C\u00e2mara dos Deputados. Promovida na tarde da ter\u00e7a-feira (14), a concentra\u00e7\u00e3o contou com a presen\u00e7a de mais de 400 advogados p\u00fablicos federais, estaduais e municipais e marcou o in\u00edcio da luta no Legislativo pela aprova\u00e7\u00e3o da PEC 17\/2024. Para representar as procuradoras e os procuradores da Fazenda Nacional no evento, Iolanda Guindani foi chamada para falar ao p\u00fablico. Segundo a presidente do SINPROFAZ, a uni\u00e3o hist\u00f3rica das carreiras e os esfor\u00e7os coletivos e individuais em prol do mesmo objetivo resultar\u00e3o na vit\u00f3ria da Advocacia P\u00fablica.<\/p>\n<p>&#8220;Hoje, para este Parlamento &#8211; onde s\u00e3o discutidas as leis, tomadas as decis\u00f5es e definidos os rumos do Pa\u00eds -, trazemos uma pauta relevant\u00edssima para n\u00f3s e para a sociedade brasileira: a conquista da autonomia. Assim como o Congresso Nacional, a Advocacia P\u00fablica da Uni\u00e3o, dos Estados e dos Munic\u00edpios necessita do direito de gerir a pr\u00f3pria casa e, em benef\u00edcio desta, fazer as melhores escolhas. A PEC 17\/2024 reanima nossa luta conjunta por essa prerrogativa. Neste momento especial, de uni\u00e3o das carreiras, pleiteamos, ent\u00e3o, o compromisso do Congresso Nacional com a valoriza\u00e7\u00e3o e a autonomia da Advocacia P\u00fablica Nacional&#8221;, discursou a presidente Iolanda Guindani.<\/p>\n<p><strong>Apoio parlamentar<br \/>\n<\/strong>A mobiliza\u00e7\u00e3o, que se concentrou ao lado do Plen\u00e1rio da C\u00e2mara dos Deputados, foi prestigiada por parlamentares parceiros da Carreira. Ao p\u00fablico, os deputados Carlos Zarattini (PT\/SP), Pedro Aihara (PRD\/MG), Orlando Silva (PCdoB\/SP) e T\u00falio Gad\u00ealha (Rede\/PE) e os senadores Carlos Portinho (PL\/RJ) e Efraim Filho (Uni\u00e3o\/PB) manifestaram apoio \u00e0 aprova\u00e7\u00e3o da PEC da Autonomia e se colocaram \u00e0 disposi\u00e7\u00e3o para colaborar com a tramita\u00e7\u00e3o dessa e de outras propostas de relev\u00e2ncia para a Advocacia P\u00fablica. A fim de obter novos apoios \u00e0 PEC 17, os advogados p\u00fablicos das tr\u00eas esferas da Federa\u00e7\u00e3o est\u00e3o sendo convocados para se reunir com parlamentares nas bases eleitorais.<\/p>\n\n\t\t<style type=\"text\/css\">\n\t\t\t#gallery-1 {\n\t\t\t\tmargin: auto;\n\t\t\t}\n\t\t\t#gallery-1 .gallery-item {\n\t\t\t\tfloat: left;\n\t\t\t\tmargin-top: 10px;\n\t\t\t\ttext-align: center;\n\t\t\t\twidth: 33%;\n\t\t\t}\n\t\t\t#gallery-1 img {\n\t\t\t\tborder: 2px solid #cfcfcf;\n\t\t\t}\n\t\t\t#gallery-1 .gallery-caption {\n\t\t\t\tmargin-left: 0;\n\t\t\t}\n\t\t\t\/* see gallery_shortcode() in wp-includes\/media.php *\/\n\t\t<\/style>\n\t\t<div id='gallery-1' class='gallery galleryid-18240 gallery-columns-3 gallery-size-thumbnail'><dl class='gallery-item'>\n\t\t\t<dt class='gallery-icon landscape'>\n\t\t\t\t<a href='https:\/\/sinprofaz.org.br\/2024\/wp-content\/uploads\/2024\/05\/2-5.png'><img loading=\"lazy\" decoding=\"async\" width=\"150\" height=\"150\" src=\"https:\/\/sinprofaz.org.br\/2024\/wp-content\/uploads\/2024\/05\/2-5-150x150.png\" class=\"attachment-thumbnail size-thumbnail\" alt=\"\" \/><\/a>\n\t\t\t<\/dt><\/dl><dl class='gallery-item'>\n\t\t\t<dt class='gallery-icon landscape'>\n\t\t\t\t<a href='https:\/\/sinprofaz.org.br\/2024\/wp-content\/uploads\/2024\/05\/3-5.png'><img loading=\"lazy\" decoding=\"async\" width=\"150\" height=\"150\" src=\"https:\/\/sinprofaz.org.br\/2024\/wp-content\/uploads\/2024\/05\/3-5-150x150.png\" class=\"attachment-thumbnail size-thumbnail\" alt=\"\" \/><\/a>\n\t\t\t<\/dt><\/dl><dl class='gallery-item'>\n\t\t\t<dt class='gallery-icon landscape'>\n\t\t\t\t<a href='https:\/\/sinprofaz.org.br\/2024\/wp-content\/uploads\/2024\/05\/4-5.png'><img loading=\"lazy\" decoding=\"async\" width=\"150\" height=\"150\" src=\"https:\/\/sinprofaz.org.br\/2024\/wp-content\/uploads\/2024\/05\/4-5-150x150.png\" class=\"attachment-thumbnail size-thumbnail\" alt=\"\" \/><\/a>\n\t\t\t<\/dt><\/dl><br style=\"clear: both\" \/><dl class='gallery-item'>\n\t\t\t<dt class='gallery-icon landscape'>\n\t\t\t\t<a href='https:\/\/sinprofaz.org.br\/2024\/wp-content\/uploads\/2024\/05\/5-3.png'><img loading=\"lazy\" decoding=\"async\" width=\"150\" height=\"150\" src=\"https:\/\/sinprofaz.org.br\/2024\/wp-content\/uploads\/2024\/05\/5-3-150x150.png\" class=\"attachment-thumbnail size-thumbnail\" alt=\"\" \/><\/a>\n\t\t\t<\/dt><\/dl><dl class='gallery-item'>\n\t\t\t<dt class='gallery-icon landscape'>\n\t\t\t\t<a href='https:\/\/sinprofaz.org.br\/2024\/wp-content\/uploads\/2024\/05\/6-2.png'><img loading=\"lazy\" decoding=\"async\" width=\"150\" height=\"150\" src=\"https:\/\/sinprofaz.org.br\/2024\/wp-content\/uploads\/2024\/05\/6-2-150x150.png\" class=\"attachment-thumbnail size-thumbnail\" alt=\"\" \/><\/a>\n\t\t\t<\/dt><\/dl>\n\t\t\t<br style='clear: both' \/>\n\t\t<\/div>\n\n<p><!-- notionvc: e004b76f-c38f-4548-bff9-51089f30cba0 --><\/p>\n","protected":false},"excerpt":{"rendered":"<p>Em mais um evento da Jornada Nacional de Mobiliza\u00e7\u00e3o, a Advocacia P\u00fablica lotou o Sal\u00e3o Nobre da C\u00e2mara dos Deputados. A concentra\u00e7\u00e3o contou com a presen\u00e7a de mais de 400 advogados p\u00fablicos federais, estaduais e municipais e marcou o in\u00edcio da luta pela PEC 17\/2024.<\/p>\n","protected":false},"author":2,"featured_media":18241,"comment_status":"open","ping_status":"open","sticky":false,"template":"","format":"standard","meta":{"footnotes":""},"categories":[8],"tags":[34,223,224],"featured_image_url":"https:\/\/sinprofaz.org.br\/2024\/wp-content\/uploads\/2024\/05\/1-7.png","character_count":1255,"formatted_date":"16\/05\/2024 - 08:24","contentNovo":"Em mais um evento da programa\u00e7\u00e3o da Jornada Nacional de Mobiliza\u00e7\u00e3o, a Advocacia P\u00fablica lotou o Sal\u00e3o Nobre da C\u00e2mara dos Deputados. Promovida na tarde da ter\u00e7a-feira (14), a concentra\u00e7\u00e3o contou com a presen\u00e7a de mais de 400 advogados p\u00fablicos federais, estaduais e municipais e marcou o in\u00edcio da luta no Legislativo pela aprova\u00e7\u00e3o da PEC 17\/2024. Para representar as procuradoras e os procuradores da Fazenda Nacional no evento, Iolanda Guindani foi chamada para falar ao p\u00fablico. Segundo a presidente do SINPROFAZ, a uni\u00e3o hist\u00f3rica das carreiras e os esfor\u00e7os coletivos e individuais em prol do mesmo objetivo resultar\u00e3o na vit\u00f3ria da Advocacia P\u00fablica.\r\n\r\n\"Hoje, para este Parlamento - onde s\u00e3o discutidas as leis, tomadas as decis\u00f5es e definidos os rumos do Pa\u00eds -, trazemos uma pauta relevant\u00edssima para n\u00f3s e para a sociedade brasileira: a conquista da autonomia. Assim como o Congresso Nacional, a Advocacia P\u00fablica da Uni\u00e3o, dos Estados e dos Munic\u00edpios necessita do direito de gerir a pr\u00f3pria casa e, em benef\u00edcio desta, fazer as melhores escolhas. A PEC 17\/2024 reanima nossa luta conjunta por essa prerrogativa. Neste momento especial, de uni\u00e3o das carreiras, pleiteamos, ent\u00e3o, o compromisso do Congresso Nacional com a valoriza\u00e7\u00e3o e a autonomia da Advocacia P\u00fablica Nacional\", discursou a presidente Iolanda Guindani.\r\n\r\n<strong>Apoio parlamentar\r\n<\/strong>A mobiliza\u00e7\u00e3o, que se concentrou ao lado do Plen\u00e1rio da C\u00e2mara dos Deputados, foi prestigiada por parlamentares parceiros da Carreira. Ao p\u00fablico, os deputados Carlos Zarattini (PT\/SP), Pedro Aihara (PRD\/MG), Orlando Silva (PCdoB\/SP) e T\u00falio Gad\u00ealha (Rede\/PE) e os senadores Carlos Portinho (PL\/RJ) e Efraim Filho (Uni\u00e3o\/PB) manifestaram apoio \u00e0 aprova\u00e7\u00e3o da PEC da Autonomia e se colocaram \u00e0 disposi\u00e7\u00e3o para colaborar com a tramita\u00e7\u00e3o dessa e de outras propostas de relev\u00e2ncia para a Advocacia P\u00fablica. A fim de obter novos apoios \u00e0 PEC 17, os advogados p\u00fablicos das tr\u00eas esferas da Federa\u00e7\u00e3o est\u00e3o sendo convocados para se reunir com parlamentares nas bases eleitorais.\r\n\r\n[gallery link=\"file\" ids=\"18242,18243,18244,18245,18246\"]\r\n\r\n","_links":{"self":[{"href":"https:\/\/sinprofaz.org.br\/2024\/wp-json\/wp\/v2\/posts\/18240"}],"collection":[{"href":"https:\/\/sinprofaz.org.br\/2024\/wp-json\/wp\/v2\/posts"}],"about":[{"href":"https:\/\/sinprofaz.org.br\/2024\/wp-json\/wp\/v2\/types\/post"}],"author":[{"embeddable":true,"href":"https:\/\/sinprofaz.org.br\/2024\/wp-json\/wp\/v2\/users\/2"}],"replies":[{"embeddable":true,"href":"https:\/\/sinprofaz.org.br\/2024\/wp-json\/wp\/v2\/comments?post=18240"}],"version-history":[{"count":4,"href":"https:\/\/sinprofaz.org.br\/2024\/wp-json\/wp\/v2\/posts\/18240\/revisions"}],"predecessor-version":[{"id":18268,"href":"https:\/\/sinprofaz.org.br\/2024\/wp-json\/wp\/v2\/posts\/18240\/revisions\/18268"}],"wp:featuredmedia":[{"embeddable":true,"href":"https:\/\/sinprofaz.org.br\/2024\/wp-json\/wp\/v2\/media\/18241"}],"wp:attachment":[{"href":"https:\/\/sinprofaz.org.br\/2024\/wp-json\/wp\/v2\/media?parent=18240"}],"wp:term":[{"taxonomy":"category","embeddable":true,"href":"https:\/\/sinprofaz.org.br\/2024\/wp-json\/wp\/v2\/categories?post=18240"},{"taxonomy":"post_tag","embeddable":true,"href":"https:\/\/sinprofaz.org.br\/2024\/wp-json\/wp\/v2\/tags?post=18240"}],"curies":[{"name":"wp","href":"https:\/\/api.w.org\/{rel}","templated":true}]}}