{"id":1824,"date":"2014-06-17T14:54:00","date_gmt":"2014-06-17T14:54:00","guid":{"rendered":""},"modified":"2016-03-24T13:48:03","modified_gmt":"2016-03-24T13:48:03","slug":"mais-de-20-entidades-assinam-manifesto-contra-a-pec-63-2013","status":"publish","type":"post","link":"https:\/\/sinprofaz.org.br\/2024\/noticias\/mais-de-20-entidades-assinam-manifesto-contra-a-pec-63-2013\/","title":{"rendered":"Mais de 20 entidades assinam Manifesto contra a PEC 63\/2013"},"content":{"rendered":"<p>O SINPROFAZ \u00e9 signat\u00e1rio do Manifesto contra a aprova\u00e7\u00e3o da PEC 63\/2013. O documento registra a indigna\u00e7\u00e3o das entidades sindicais e associativas por n\u00e3o terem sido ouvidas no debate em torno da mat\u00e9ria. Al\u00e9m disso, o Manifesto denuncia o tratamento desigual em rela\u00e7\u00e3o aos demais servidores p\u00fablicos e a quebra do teto do funcionalismo p\u00fablico.<\/p>\n<p>Diante das controv\u00e9rsias sobre o tema, o Senado Federal abriu uma consulta p\u00fablica sobre o texto da PEC 63\/2013, j\u00e1 aprovado na Comiss\u00e3o de Constitui\u00e7\u00e3o e Justi\u00e7a e pronto para ser votado em plen\u00e1rio.<\/p>\n<p>A consulta est\u00e1 dispon\u00edvel no site do Senado Federal, no Portal e-Cidadania, onde qualquer cidad\u00e3o pode votar, bastando fazer um cadastro simples e r\u00e1pido. O SINPROFAZ sugere aos filiados que entrem no Portal e votem contra a aprova\u00e7\u00e3o da PEC 63\/2013.<\/p>\n<p>O endere\u00e7o eletr\u00f4nico para a vota\u00e7\u00e3o \u00e9 <a href=\"https:\/\/www12.senado.gov.br\/ecidadania\/visualizacaotexto?id=140444\" target=\"_blank\">www12.senado.gov.br\/ecidadania\/visualizacaotexto?id=140444<\/a>.<\/p>\n<p><a href=\"pdfs\/manifesto-contra-blindagem-pec63.pdf\" target=\"_blank\">Leia aqui<\/a> o Manifesto.<\/p>\n","protected":false},"excerpt":{"rendered":"<p>Carreiras da Advocacia P\u00fablica e outras categorias do servi\u00e7o p\u00fablico repudiam tratamento discriminat\u00f3rio da proposta que restabelece o ATS apenas aos membros da Magistratura e do Minist\u00e9rio P\u00fablico.<\/p>\n","protected":false},"author":1,"featured_media":0,"comment_status":"closed","ping_status":"open","sticky":false,"template":"","format":"standard","meta":{"footnotes":""},"categories":[8],"tags":[],"featured_image_url":"https:\/\/dummyimage.com\/720x400","character_count":477,"formatted_date":"17\/06\/2014 - 14:54","contentNovo":"O SINPROFAZ \u00e9 signat\u00e1rio do Manifesto contra a aprova\u00e7\u00e3o da PEC 63\/2013. O documento registra a indigna\u00e7\u00e3o das entidades sindicais e associativas por n\u00e3o terem sido ouvidas no debate em torno da mat\u00e9ria. Al\u00e9m disso, o Manifesto denuncia o tratamento desigual em rela\u00e7\u00e3o aos demais servidores p\u00fablicos e a quebra do teto do funcionalismo p\u00fablico.\r\n\r\nDiante das controv\u00e9rsias sobre o tema, o Senado Federal abriu uma consulta p\u00fablica sobre o texto da PEC 63\/2013, j\u00e1 aprovado na Comiss\u00e3o de Constitui\u00e7\u00e3o e Justi\u00e7a e pronto para ser votado em plen\u00e1rio.\r\n\r\nA consulta est\u00e1 dispon\u00edvel no site do Senado Federal, no Portal e-Cidadania, onde qualquer cidad\u00e3o pode votar, bastando fazer um cadastro simples e r\u00e1pido. O SINPROFAZ sugere aos filiados que entrem no Portal e votem contra a aprova\u00e7\u00e3o da PEC 63\/2013.\r\n\r\nO endere\u00e7o eletr\u00f4nico para a vota\u00e7\u00e3o \u00e9 <a href=\"https:\/\/www12.senado.gov.br\/ecidadania\/visualizacaotexto?id=140444\" target=\"_blank\">www12.senado.gov.br\/ecidadania\/visualizacaotexto?id=140444<\/a>.\r\n\r\n<a href=\"pdfs\/manifesto-contra-blindagem-pec63.pdf\" target=\"_blank\">Leia aqui<\/a> o Manifesto.","_links":{"self":[{"href":"https:\/\/sinprofaz.org.br\/2024\/wp-json\/wp\/v2\/posts\/1824"}],"collection":[{"href":"https:\/\/sinprofaz.org.br\/2024\/wp-json\/wp\/v2\/posts"}],"about":[{"href":"https:\/\/sinprofaz.org.br\/2024\/wp-json\/wp\/v2\/types\/post"}],"author":[{"embeddable":true,"href":"https:\/\/sinprofaz.org.br\/2024\/wp-json\/wp\/v2\/users\/1"}],"replies":[{"embeddable":true,"href":"https:\/\/sinprofaz.org.br\/2024\/wp-json\/wp\/v2\/comments?post=1824"}],"version-history":[{"count":1,"href":"https:\/\/sinprofaz.org.br\/2024\/wp-json\/wp\/v2\/posts\/1824\/revisions"}],"predecessor-version":[{"id":3901,"href":"https:\/\/sinprofaz.org.br\/2024\/wp-json\/wp\/v2\/posts\/1824\/revisions\/3901"}],"wp:attachment":[{"href":"https:\/\/sinprofaz.org.br\/2024\/wp-json\/wp\/v2\/media?parent=1824"}],"wp:term":[{"taxonomy":"category","embeddable":true,"href":"https:\/\/sinprofaz.org.br\/2024\/wp-json\/wp\/v2\/categories?post=1824"},{"taxonomy":"post_tag","embeddable":true,"href":"https:\/\/sinprofaz.org.br\/2024\/wp-json\/wp\/v2\/tags?post=1824"}],"curies":[{"name":"wp","href":"https:\/\/api.w.org\/{rel}","templated":true}]}}