{"id":18226,"date":"2024-05-15T18:04:57","date_gmt":"2024-05-15T21:04:57","guid":{"rendered":"https:\/\/sinprofaz.org.br\/2024\/?p=18226"},"modified":"2024-05-16T10:02:23","modified_gmt":"2024-05-16T13:02:23","slug":"em-mobilizacao-no-cfoab-entidades-comemoram-apresentacao-da-pec-17-2024","status":"publish","type":"post","link":"https:\/\/sinprofaz.org.br\/2024\/noticias\/em-mobilizacao-no-cfoab-entidades-comemoram-apresentacao-da-pec-17-2024\/","title":{"rendered":"EM MOBILIZA\u00c7\u00c3O NO CFOAB, ENTIDADES COMEMORAM APRESENTA\u00c7\u00c3O DA PEC 17\/2024"},"content":{"rendered":"<p>O dia 14 de maio de 2024 ficou marcado na hist\u00f3ria dos advogados p\u00fablicos brasileiros: na data, Colegas de todas as partes do Pa\u00eds se reuniram em Bras\u00edlia\/DF para a Jornada de Mobiliza\u00e7\u00e3o da Advocacia P\u00fablica Nacional. Para iniciar os trabalhos, o SINPROFAZ e as demais entidades representativas nos n\u00edveis federal, estadual e municipal promoveram uma concentra\u00e7\u00e3o no Conselho Federal da OAB. O evento foi prestigiado por filiadas e filiados, assim como pelo deputado Antonio Brito (PSD\/BA), apoiador da PEC 17\/2024. A proposta de emenda visa conferir autonomia or\u00e7ament\u00e1ria \u00e0s Procuradorias dos Estados e do Distrito Federal e \u00e0 Advocacia-Geral da Uni\u00e3o, al\u00e9m de seus \u00f3rg\u00e3os vinculados.<\/p>\n<p>Coube a Iolanda Guindani representar o SINPROFAZ na mesa de honra da solenidade. Ao fazer uso da palavra, a presidente lembrou a luta pela autonomia empreendida em parceria com os Colegas dos Estados e Munic\u00edpios e agradeceu a solidariedade prestada ao povo ga\u00facho, que vem sofrendo com chuvas e enchentes extremas. &#8220;Neste momento tr\u00e1gico, vemos a presen\u00e7a latente dos advogados p\u00fablicos, que d\u00e3o respaldo legal \u00e0s a\u00e7\u00f5es do Executivo. Mas, para que possamos administrar nossa casa e prestar um servi\u00e7o ainda melhor \u00e0 sociedade, necessitamos de autonomia. Este \u00e9 apenas o in\u00edcio da nossa luta. Sairemos dela vitoriosos e fortalecidos para construir a casa que merecemos.&#8221;<\/p>\n<p><strong>Emenda \u00e0 Constitui\u00e7\u00e3o<br \/>\n<\/strong>Convidado para compor o dispositivo, Antonio Brito parabenizou as entidades articuladoras da PEC 17. De acordo com o parlamentar, no Estado Democr\u00e1tico de Direito, a Advocacia P\u00fablica deve gozar de paridade com rela\u00e7\u00e3o \u00e0s demais Fun\u00e7\u00f5es Essenciais \u00e0 Justi\u00e7a &#8211; e, portanto, gozar\u00a0de autonomia. &#8220;Entendo a import\u00e2ncia da Advocacia P\u00fablica e acredito na causa. Junto do autor da proposta, o deputado Carlos Sampaio (PSD\/SP), elaboramos a estrat\u00e9gia de tramita\u00e7\u00e3o dela. Estou ao lado dos advogados p\u00fablicos e vou atuar para que possamos ver aprovada a PEC 17&#8221;, anunciou o l\u00edder do PSD. A proposta aguarda despacho da Presid\u00eancia para ser encaminhada \u00e0 CCJC da C\u00e2mara.<\/p>\n\n\t\t<style type=\"text\/css\">\n\t\t\t#gallery-1 {\n\t\t\t\tmargin: auto;\n\t\t\t}\n\t\t\t#gallery-1 .gallery-item {\n\t\t\t\tfloat: left;\n\t\t\t\tmargin-top: 10px;\n\t\t\t\ttext-align: center;\n\t\t\t\twidth: 33%;\n\t\t\t}\n\t\t\t#gallery-1 img {\n\t\t\t\tborder: 2px solid #cfcfcf;\n\t\t\t}\n\t\t\t#gallery-1 .gallery-caption {\n\t\t\t\tmargin-left: 0;\n\t\t\t}\n\t\t\t\/* see gallery_shortcode() in wp-includes\/media.php *\/\n\t\t<\/style>\n\t\t<div id='gallery-1' class='gallery galleryid-18226 gallery-columns-3 gallery-size-thumbnail'><dl class='gallery-item'>\n\t\t\t<dt class='gallery-icon landscape'>\n\t\t\t\t<a href='https:\/\/sinprofaz.org.br\/2024\/wp-content\/uploads\/2024\/05\/2-4.png'><img loading=\"lazy\" decoding=\"async\" width=\"150\" height=\"150\" src=\"https:\/\/sinprofaz.org.br\/2024\/wp-content\/uploads\/2024\/05\/2-4-150x150.png\" class=\"attachment-thumbnail size-thumbnail\" alt=\"\" \/><\/a>\n\t\t\t<\/dt><\/dl><dl class='gallery-item'>\n\t\t\t<dt class='gallery-icon landscape'>\n\t\t\t\t<a href='https:\/\/sinprofaz.org.br\/2024\/wp-content\/uploads\/2024\/05\/3-4.png'><img loading=\"lazy\" decoding=\"async\" width=\"150\" height=\"150\" src=\"https:\/\/sinprofaz.org.br\/2024\/wp-content\/uploads\/2024\/05\/3-4-150x150.png\" class=\"attachment-thumbnail size-thumbnail\" alt=\"\" \/><\/a>\n\t\t\t<\/dt><\/dl><dl class='gallery-item'>\n\t\t\t<dt class='gallery-icon landscape'>\n\t\t\t\t<a href='https:\/\/sinprofaz.org.br\/2024\/wp-content\/uploads\/2024\/05\/4-4.png'><img loading=\"lazy\" decoding=\"async\" width=\"150\" height=\"150\" src=\"https:\/\/sinprofaz.org.br\/2024\/wp-content\/uploads\/2024\/05\/4-4-150x150.png\" class=\"attachment-thumbnail size-thumbnail\" alt=\"\" \/><\/a>\n\t\t\t<\/dt><\/dl><br style=\"clear: both\" \/><dl class='gallery-item'>\n\t\t\t<dt class='gallery-icon landscape'>\n\t\t\t\t<a href='https:\/\/sinprofaz.org.br\/2024\/wp-content\/uploads\/2024\/05\/5-2.png'><img loading=\"lazy\" decoding=\"async\" width=\"150\" height=\"150\" src=\"https:\/\/sinprofaz.org.br\/2024\/wp-content\/uploads\/2024\/05\/5-2-150x150.png\" class=\"attachment-thumbnail size-thumbnail\" alt=\"\" \/><\/a>\n\t\t\t<\/dt><\/dl><dl class='gallery-item'>\n\t\t\t<dt class='gallery-icon landscape'>\n\t\t\t\t<a href='https:\/\/sinprofaz.org.br\/2024\/wp-content\/uploads\/2024\/05\/6-1.png'><img loading=\"lazy\" decoding=\"async\" width=\"150\" height=\"150\" src=\"https:\/\/sinprofaz.org.br\/2024\/wp-content\/uploads\/2024\/05\/6-1-150x150.png\" class=\"attachment-thumbnail size-thumbnail\" alt=\"\" \/><\/a>\n\t\t\t<\/dt><\/dl><dl class='gallery-item'>\n\t\t\t<dt class='gallery-icon landscape'>\n\t\t\t\t<a href='https:\/\/sinprofaz.org.br\/2024\/wp-content\/uploads\/2024\/05\/10-1.png'><img loading=\"lazy\" decoding=\"async\" width=\"150\" height=\"150\" src=\"https:\/\/sinprofaz.org.br\/2024\/wp-content\/uploads\/2024\/05\/10-1-150x150.png\" class=\"attachment-thumbnail size-thumbnail\" alt=\"\" \/><\/a>\n\t\t\t<\/dt><\/dl><br style=\"clear: both\" \/><dl class='gallery-item'>\n\t\t\t<dt class='gallery-icon landscape'>\n\t\t\t\t<a href='https:\/\/sinprofaz.org.br\/2024\/wp-content\/uploads\/2024\/05\/7-1.png'><img loading=\"lazy\" decoding=\"async\" width=\"150\" height=\"150\" src=\"https:\/\/sinprofaz.org.br\/2024\/wp-content\/uploads\/2024\/05\/7-1-150x150.png\" class=\"attachment-thumbnail size-thumbnail\" alt=\"\" \/><\/a>\n\t\t\t<\/dt><\/dl><dl class='gallery-item'>\n\t\t\t<dt class='gallery-icon landscape'>\n\t\t\t\t<a href='https:\/\/sinprofaz.org.br\/2024\/wp-content\/uploads\/2024\/05\/8-1.png'><img loading=\"lazy\" decoding=\"async\" width=\"150\" height=\"150\" src=\"https:\/\/sinprofaz.org.br\/2024\/wp-content\/uploads\/2024\/05\/8-1-150x150.png\" class=\"attachment-thumbnail size-thumbnail\" alt=\"\" \/><\/a>\n\t\t\t<\/dt><\/dl><dl class='gallery-item'>\n\t\t\t<dt class='gallery-icon landscape'>\n\t\t\t\t<a href='https:\/\/sinprofaz.org.br\/2024\/wp-content\/uploads\/2024\/05\/9-1.png'><img loading=\"lazy\" decoding=\"async\" width=\"150\" height=\"150\" src=\"https:\/\/sinprofaz.org.br\/2024\/wp-content\/uploads\/2024\/05\/9-1-150x150.png\" class=\"attachment-thumbnail size-thumbnail\" alt=\"\" \/><\/a>\n\t\t\t<\/dt><\/dl><br style=\"clear: both\" \/>\n\t\t<\/div>\n\n<p><!-- notionvc: b8d56162-8ae1-4b8a-a2da-de3bff81226a --><\/p>\n","protected":false},"excerpt":{"rendered":"<p>O dia 14 de maio ficou marcado na hist\u00f3ria dos advogados p\u00fablicos: na data, Colegas de todas as partes do Pa\u00eds se reuniram em Bras\u00edlia\/DF para a Jornada de Mobiliza\u00e7\u00e3o da Advocacia P\u00fablica Nacional. Para iniciar os trabalhos, as entidades se concentraram no CFOAB.<\/p>\n","protected":false},"author":2,"featured_media":18228,"comment_status":"open","ping_status":"open","sticky":false,"template":"","format":"standard","meta":{"footnotes":""},"categories":[8],"tags":[34,223,224],"featured_image_url":"https:\/\/sinprofaz.org.br\/2024\/wp-content\/uploads\/2024\/05\/1-6.png","character_count":1293,"formatted_date":"15\/05\/2024 - 18:04","contentNovo":"O dia 14 de maio de 2024 ficou marcado na hist\u00f3ria dos advogados p\u00fablicos brasileiros: na data, Colegas de todas as partes do Pa\u00eds se reuniram em Bras\u00edlia\/DF para a Jornada de Mobiliza\u00e7\u00e3o da Advocacia P\u00fablica Nacional. Para iniciar os trabalhos, o SINPROFAZ e as demais entidades representativas nos n\u00edveis federal, estadual e municipal promoveram uma concentra\u00e7\u00e3o no Conselho Federal da OAB. O evento foi prestigiado por filiadas e filiados, assim como pelo deputado Antonio Brito (PSD\/BA), apoiador da PEC 17\/2024. A proposta de emenda visa conferir autonomia or\u00e7ament\u00e1ria \u00e0s Procuradorias dos Estados e do Distrito Federal e \u00e0 Advocacia-Geral da Uni\u00e3o, al\u00e9m de seus \u00f3rg\u00e3os vinculados.\r\n\r\nCoube a Iolanda Guindani representar o SINPROFAZ na mesa de honra da solenidade. Ao fazer uso da palavra, a presidente lembrou a luta pela autonomia empreendida em parceria com os Colegas dos Estados e Munic\u00edpios e agradeceu a solidariedade prestada ao povo ga\u00facho, que vem sofrendo com chuvas e enchentes extremas. \"Neste momento tr\u00e1gico, vemos a presen\u00e7a latente dos advogados p\u00fablicos, que d\u00e3o respaldo legal \u00e0s a\u00e7\u00f5es do Executivo. Mas, para que possamos administrar nossa casa e prestar um servi\u00e7o ainda melhor \u00e0 sociedade, necessitamos de autonomia. Este \u00e9 apenas o in\u00edcio da nossa luta. Sairemos dela vitoriosos e fortalecidos para construir a casa que merecemos.\"\r\n\r\n<strong>Emenda \u00e0 Constitui\u00e7\u00e3o\r\n<\/strong>Convidado para compor o dispositivo, Antonio Brito parabenizou as entidades articuladoras da PEC 17. De acordo com o parlamentar, no Estado Democr\u00e1tico de Direito, a Advocacia P\u00fablica deve gozar de paridade com rela\u00e7\u00e3o \u00e0s demais Fun\u00e7\u00f5es Essenciais \u00e0 Justi\u00e7a - e, portanto, gozar\u00a0de autonomia. \"Entendo a import\u00e2ncia da Advocacia P\u00fablica e acredito na causa. Junto do autor da proposta, o deputado Carlos Sampaio (PSD\/SP), elaboramos a estrat\u00e9gia de tramita\u00e7\u00e3o dela. Estou ao lado dos advogados p\u00fablicos e vou atuar para que possamos ver aprovada a PEC 17\", anunciou o l\u00edder do PSD. A proposta aguarda despacho da Presid\u00eancia para ser encaminhada \u00e0 CCJC da C\u00e2mara.\r\n\r\n[gallery link=\"file\" ids=\"18229,18230,18231,18232,18233,18250,18234,18235,18236\"]\r\n\r\n","_links":{"self":[{"href":"https:\/\/sinprofaz.org.br\/2024\/wp-json\/wp\/v2\/posts\/18226"}],"collection":[{"href":"https:\/\/sinprofaz.org.br\/2024\/wp-json\/wp\/v2\/posts"}],"about":[{"href":"https:\/\/sinprofaz.org.br\/2024\/wp-json\/wp\/v2\/types\/post"}],"author":[{"embeddable":true,"href":"https:\/\/sinprofaz.org.br\/2024\/wp-json\/wp\/v2\/users\/2"}],"replies":[{"embeddable":true,"href":"https:\/\/sinprofaz.org.br\/2024\/wp-json\/wp\/v2\/comments?post=18226"}],"version-history":[{"count":3,"href":"https:\/\/sinprofaz.org.br\/2024\/wp-json\/wp\/v2\/posts\/18226\/revisions"}],"predecessor-version":[{"id":18251,"href":"https:\/\/sinprofaz.org.br\/2024\/wp-json\/wp\/v2\/posts\/18226\/revisions\/18251"}],"wp:featuredmedia":[{"embeddable":true,"href":"https:\/\/sinprofaz.org.br\/2024\/wp-json\/wp\/v2\/media\/18228"}],"wp:attachment":[{"href":"https:\/\/sinprofaz.org.br\/2024\/wp-json\/wp\/v2\/media?parent=18226"}],"wp:term":[{"taxonomy":"category","embeddable":true,"href":"https:\/\/sinprofaz.org.br\/2024\/wp-json\/wp\/v2\/categories?post=18226"},{"taxonomy":"post_tag","embeddable":true,"href":"https:\/\/sinprofaz.org.br\/2024\/wp-json\/wp\/v2\/tags?post=18226"}],"curies":[{"name":"wp","href":"https:\/\/api.w.org\/{rel}","templated":true}]}}