{"id":18214,"date":"2024-05-14T08:28:19","date_gmt":"2024-05-14T11:28:19","guid":{"rendered":"https:\/\/sinprofaz.org.br\/2024\/?p=18214"},"modified":"2024-05-15T18:47:54","modified_gmt":"2024-05-15T21:47:54","slug":"sinprofaz-compoe-mesa-de-abertura-do-viii-congresso-do-contencioso-tributario","status":"publish","type":"post","link":"https:\/\/sinprofaz.org.br\/2024\/noticias\/sinprofaz-compoe-mesa-de-abertura-do-viii-congresso-do-contencioso-tributario\/","title":{"rendered":"SINPROFAZ COMP\u00d5E MESA DE ABERTURA DO VIII CONGRESSO DO CONTENCIOSO TRIBUT\u00c1RIO"},"content":{"rendered":"<p>O SINPROFAZ, representado pela presidente Iolanda Guindani, integrou na segunda-feira (13) a mesa de honra do\u00a0<em>VIII Congresso do Contencioso Tribut\u00e1rio da PGFN e do FGTS &#8211; Articula\u00e7\u00e3o, Advocacia e Avan\u00e7os<\/em>. Da cerim\u00f4nia de abertura do evento, promovido com o apoio do Sindicato em Bras\u00edlia\/DF, tamb\u00e9m participaram autoridades como o advogado-geral da Uni\u00e3o, Jorge Messias; a procuradora-geral da Fazenda Nacional, Anelize Ruas; o\u00a0subprocurador-geral, Fabr\u00edcio Da Soller;\u00a0o secret\u00e1rio extraordin\u00e1rio da Reforma Tribut\u00e1ria, Bernard Appy; a procuradora-geral adjunta de Representa\u00e7\u00e3o Judicial, Lana Borges; a secret\u00e1ria-geral de Contencioso da AGU, Isadora\u00a0Cartaxo; e o secret\u00e1rio especial da Receita Federal do Brasil, Robinson Barreirinhas.<\/p>\n<p>O drama vivido pela popula\u00e7\u00e3o do Rio Grande do Sul, que vem sofrendo com intensas chuvas e enchentes, foi lembrado diversas vezes ao longo da solenidade. Ao fazer uso da palavra, Iolanda Guindani lamentou a aus\u00eancia dos Colegas ga\u00fachos, que n\u00e3o puderam participar presencialmente do Congresso, e abordou as dificuldades enfrentadas no estado. &#8220;Quem presenciou aquela realidade tem dimens\u00e3o da tristeza com a qual estamos convivendo. Espero que a situa\u00e7\u00e3o no Rio Grande do Sul sirva de alerta com rela\u00e7\u00e3o aos eventos clim\u00e1ticos extremos, que t\u00eam acontecido cada vez com mais frequ\u00eancia.&#8221; Por fim, a presidente agradeceu o empenho coletivo na obten\u00e7\u00e3o de doa\u00e7\u00f5es: &#8220;A PGFN pode contar com o Sindicato para o trabalho conjunto em prol da Carreira e do Pa\u00eds&#8221;.<\/p>\n<p><strong>Autoridades<br \/>\n<\/strong>As exposi\u00e7\u00f5es da mesa de abertura foram iniciadas com as palavras do ministro-chefe da AGU. Ao longo da fala, Jorge Messias externou o reconhecimento e a gratid\u00e3o aos Colegas pelo &#8220;alto grau de profissionalismo e compet\u00eancia&#8221; que caracteriza o trabalho apresentado pelos PFNs ao governo e ao Estado. O advogado-geral da Uni\u00e3o destacou tamb\u00e9m um objetivo comum estabelecido para as lideran\u00e7as presentes \u00e0 mesa: &#8220;O desafio que fica para os pr\u00f3ximos meses \u00e9 o de intensificarmos\u00a0o processo de integra\u00e7\u00e3o dos PFNs \u00e0 sua casa, que \u00e9 a AGU. Durante esta semana, teremos a oportunidade de conversar de forma franca e direta sobre as quest\u00f5es que nos preocupam do ponto de vista da gest\u00e3o e dos avan\u00e7os institucionais concretos que ainda precisamos alcan\u00e7ar.&#8221;<\/p>\n<p>O trabalho dos PFNs na regulamenta\u00e7\u00e3o da reforma tribut\u00e1ria foi destaque da fala de Bernard Appy. De acordo com o secret\u00e1rio, &#8220;a PGFN teve participa\u00e7\u00e3o relevante e dedica\u00e7\u00e3o impressionante. O admir\u00e1vel trabalho mitigar\u00e1 o risco de lit\u00edgios, assegurando, assim, maior seguran\u00e7a jur\u00eddica&#8221;. Na qualidade de anfitri\u00e3 do Congresso, Anelize Ruas tamb\u00e9m discursou para o p\u00fablico do evento, ocasi\u00e3o em que apresentou n\u00fameros relacionados \u00e0 atua\u00e7\u00e3o da Carreira. Ao concluir a exposi\u00e7\u00e3o, a procuradora-geral da Fazenda Nacional manifestou um desejo: &#8220;Que os pr\u00f3ximos dias sejam de harmonia e confraterniza\u00e7\u00e3o, mas sem esquecer que trabalhamos diariamente n\u00e3o pela manuten\u00e7\u00e3o de nossa estrutura institucional, e sim por uma sociedade mais justa, igual e solid\u00e1ria&#8221;.<\/p>\n\n\t\t<style type=\"text\/css\">\n\t\t\t#gallery-1 {\n\t\t\t\tmargin: auto;\n\t\t\t}\n\t\t\t#gallery-1 .gallery-item {\n\t\t\t\tfloat: left;\n\t\t\t\tmargin-top: 10px;\n\t\t\t\ttext-align: center;\n\t\t\t\twidth: 33%;\n\t\t\t}\n\t\t\t#gallery-1 img {\n\t\t\t\tborder: 2px solid #cfcfcf;\n\t\t\t}\n\t\t\t#gallery-1 .gallery-caption {\n\t\t\t\tmargin-left: 0;\n\t\t\t}\n\t\t\t\/* see gallery_shortcode() in wp-includes\/media.php *\/\n\t\t<\/style>\n\t\t<div id='gallery-1' class='gallery galleryid-18214 gallery-columns-3 gallery-size-thumbnail'><dl class='gallery-item'>\n\t\t\t<dt class='gallery-icon landscape'>\n\t\t\t\t<a href='https:\/\/sinprofaz.org.br\/2024\/wp-content\/uploads\/2024\/05\/2-3.png'><img loading=\"lazy\" decoding=\"async\" width=\"150\" height=\"150\" src=\"https:\/\/sinprofaz.org.br\/2024\/wp-content\/uploads\/2024\/05\/2-3-150x150.png\" class=\"attachment-thumbnail size-thumbnail\" alt=\"\" \/><\/a>\n\t\t\t<\/dt><\/dl><dl class='gallery-item'>\n\t\t\t<dt class='gallery-icon landscape'>\n\t\t\t\t<a href='https:\/\/sinprofaz.org.br\/2024\/wp-content\/uploads\/2024\/05\/3-3.png'><img loading=\"lazy\" decoding=\"async\" width=\"150\" height=\"150\" src=\"https:\/\/sinprofaz.org.br\/2024\/wp-content\/uploads\/2024\/05\/3-3-150x150.png\" class=\"attachment-thumbnail size-thumbnail\" alt=\"\" \/><\/a>\n\t\t\t<\/dt><\/dl><dl class='gallery-item'>\n\t\t\t<dt class='gallery-icon landscape'>\n\t\t\t\t<a href='https:\/\/sinprofaz.org.br\/2024\/wp-content\/uploads\/2024\/05\/4-3.png'><img loading=\"lazy\" decoding=\"async\" width=\"150\" height=\"150\" src=\"https:\/\/sinprofaz.org.br\/2024\/wp-content\/uploads\/2024\/05\/4-3-150x150.png\" class=\"attachment-thumbnail size-thumbnail\" alt=\"\" \/><\/a>\n\t\t\t<\/dt><\/dl><br style=\"clear: both\" \/><dl class='gallery-item'>\n\t\t\t<dt class='gallery-icon landscape'>\n\t\t\t\t<a href='https:\/\/sinprofaz.org.br\/2024\/wp-content\/uploads\/2024\/05\/5-1.png'><img loading=\"lazy\" decoding=\"async\" width=\"150\" height=\"150\" src=\"https:\/\/sinprofaz.org.br\/2024\/wp-content\/uploads\/2024\/05\/5-1-150x150.png\" class=\"attachment-thumbnail size-thumbnail\" alt=\"\" \/><\/a>\n\t\t\t<\/dt><\/dl><dl class='gallery-item'>\n\t\t\t<dt class='gallery-icon landscape'>\n\t\t\t\t<a href='https:\/\/sinprofaz.org.br\/2024\/wp-content\/uploads\/2024\/05\/6.png'><img loading=\"lazy\" decoding=\"async\" width=\"150\" height=\"150\" src=\"https:\/\/sinprofaz.org.br\/2024\/wp-content\/uploads\/2024\/05\/6-150x150.png\" class=\"attachment-thumbnail size-thumbnail\" alt=\"\" \/><\/a>\n\t\t\t<\/dt><\/dl><dl class='gallery-item'>\n\t\t\t<dt class='gallery-icon landscape'>\n\t\t\t\t<a href='https:\/\/sinprofaz.org.br\/2024\/wp-content\/uploads\/2024\/05\/7.png'><img loading=\"lazy\" decoding=\"async\" width=\"150\" height=\"150\" src=\"https:\/\/sinprofaz.org.br\/2024\/wp-content\/uploads\/2024\/05\/7-150x150.png\" class=\"attachment-thumbnail size-thumbnail\" alt=\"\" \/><\/a>\n\t\t\t<\/dt><\/dl><br style=\"clear: both\" \/><dl class='gallery-item'>\n\t\t\t<dt class='gallery-icon landscape'>\n\t\t\t\t<a href='https:\/\/sinprofaz.org.br\/2024\/wp-content\/uploads\/2024\/05\/8.png'><img loading=\"lazy\" decoding=\"async\" width=\"150\" height=\"150\" src=\"https:\/\/sinprofaz.org.br\/2024\/wp-content\/uploads\/2024\/05\/8-150x150.png\" class=\"attachment-thumbnail size-thumbnail\" alt=\"\" \/><\/a>\n\t\t\t<\/dt><\/dl><dl class='gallery-item'>\n\t\t\t<dt class='gallery-icon landscape'>\n\t\t\t\t<a href='https:\/\/sinprofaz.org.br\/2024\/wp-content\/uploads\/2024\/05\/9.png'><img loading=\"lazy\" decoding=\"async\" width=\"150\" height=\"150\" src=\"https:\/\/sinprofaz.org.br\/2024\/wp-content\/uploads\/2024\/05\/9-150x150.png\" class=\"attachment-thumbnail size-thumbnail\" alt=\"\" \/><\/a>\n\t\t\t<\/dt><\/dl><dl class='gallery-item'>\n\t\t\t<dt class='gallery-icon landscape'>\n\t\t\t\t<a href='https:\/\/sinprofaz.org.br\/2024\/wp-content\/uploads\/2024\/05\/10.png'><img loading=\"lazy\" decoding=\"async\" width=\"150\" height=\"150\" src=\"https:\/\/sinprofaz.org.br\/2024\/wp-content\/uploads\/2024\/05\/10-150x150.png\" class=\"attachment-thumbnail size-thumbnail\" alt=\"\" \/><\/a>\n\t\t\t<\/dt><\/dl><br style=\"clear: both\" \/>\n\t\t<\/div>\n\n<p><!-- notionvc: 9ef8dfce-7228-4c0b-aa54-bc96265b62ab --><\/p>\n","protected":false},"excerpt":{"rendered":"<p>O drama vivido no Rio Grande do Sul foi lembrado ao longo da solenidade. Ao fazer uso da palavra, Iolanda Guindani lamentou a aus\u00eancia dos Colegas ga\u00fachos, que n\u00e3o puderam participar presencialmente do Congresso, e abordou as dificuldades no estado.<\/p>\n","protected":false},"author":2,"featured_media":18215,"comment_status":"open","ping_status":"open","sticky":false,"template":"","format":"standard","meta":{"footnotes":""},"categories":[8],"tags":[32,44,25],"featured_image_url":"https:\/\/sinprofaz.org.br\/2024\/wp-content\/uploads\/2024\/05\/1-5.png","character_count":1817,"formatted_date":"14\/05\/2024 - 08:28","contentNovo":"O SINPROFAZ, representado pela presidente Iolanda Guindani, integrou na segunda-feira (13) a mesa de honra do\u00a0<em>VIII Congresso do Contencioso Tribut\u00e1rio da PGFN e do FGTS - Articula\u00e7\u00e3o, Advocacia e Avan\u00e7os<\/em>. Da cerim\u00f4nia de abertura do evento, promovido com o apoio do Sindicato em Bras\u00edlia\/DF, tamb\u00e9m participaram autoridades como o advogado-geral da Uni\u00e3o, Jorge Messias; a procuradora-geral da Fazenda Nacional, Anelize Ruas; o\u00a0subprocurador-geral, Fabr\u00edcio Da Soller;\u00a0o secret\u00e1rio extraordin\u00e1rio da Reforma Tribut\u00e1ria, Bernard Appy; a procuradora-geral adjunta de Representa\u00e7\u00e3o Judicial, Lana Borges; a secret\u00e1ria-geral de Contencioso da AGU, Isadora\u00a0Cartaxo; e o secret\u00e1rio especial da Receita Federal do Brasil, Robinson Barreirinhas.\r\n\r\nO drama vivido pela popula\u00e7\u00e3o do Rio Grande do Sul, que vem sofrendo com intensas chuvas e enchentes, foi lembrado diversas vezes ao longo da solenidade. Ao fazer uso da palavra, Iolanda Guindani lamentou a aus\u00eancia dos Colegas ga\u00fachos, que n\u00e3o puderam participar presencialmente do Congresso, e abordou as dificuldades enfrentadas no estado. \"Quem presenciou aquela realidade tem dimens\u00e3o da tristeza com a qual estamos convivendo. Espero que a situa\u00e7\u00e3o no Rio Grande do Sul sirva de alerta com rela\u00e7\u00e3o aos eventos clim\u00e1ticos extremos, que t\u00eam acontecido cada vez com mais frequ\u00eancia.\" Por fim, a presidente agradeceu o empenho coletivo na obten\u00e7\u00e3o de doa\u00e7\u00f5es: \"A PGFN pode contar com o Sindicato para o trabalho conjunto em prol da Carreira e do Pa\u00eds\".\r\n\r\n<strong>Autoridades\r\n<\/strong>As exposi\u00e7\u00f5es da mesa de abertura foram iniciadas com as palavras do ministro-chefe da AGU. Ao longo da fala, Jorge Messias externou o reconhecimento e a gratid\u00e3o aos Colegas pelo \"alto grau de profissionalismo e compet\u00eancia\" que caracteriza o trabalho apresentado pelos PFNs ao governo e ao Estado. O advogado-geral da Uni\u00e3o destacou tamb\u00e9m um objetivo comum estabelecido para as lideran\u00e7as presentes \u00e0 mesa: \"O desafio que fica para os pr\u00f3ximos meses \u00e9 o de intensificarmos\u00a0o processo de integra\u00e7\u00e3o dos PFNs \u00e0 sua casa, que \u00e9 a AGU. Durante esta semana, teremos a oportunidade de conversar de forma franca e direta sobre as quest\u00f5es que nos preocupam do ponto de vista da gest\u00e3o e dos avan\u00e7os institucionais concretos que ainda precisamos alcan\u00e7ar.\"\r\n\r\nO trabalho dos PFNs na regulamenta\u00e7\u00e3o da reforma tribut\u00e1ria foi destaque da fala de Bernard Appy. De acordo com o secret\u00e1rio, \"a PGFN teve participa\u00e7\u00e3o relevante e dedica\u00e7\u00e3o impressionante. O admir\u00e1vel trabalho mitigar\u00e1 o risco de lit\u00edgios, assegurando, assim, maior seguran\u00e7a jur\u00eddica\". Na qualidade de anfitri\u00e3 do Congresso, Anelize Ruas tamb\u00e9m discursou para o p\u00fablico do evento, ocasi\u00e3o em que apresentou n\u00fameros relacionados \u00e0 atua\u00e7\u00e3o da Carreira. Ao concluir a exposi\u00e7\u00e3o, a procuradora-geral da Fazenda Nacional manifestou um desejo: \"Que os pr\u00f3ximos dias sejam de harmonia e confraterniza\u00e7\u00e3o, mas sem esquecer que trabalhamos diariamente n\u00e3o pela manuten\u00e7\u00e3o de nossa estrutura institucional, e sim por uma sociedade mais justa, igual e solid\u00e1ria\".\r\n\r\n[gallery link=\"file\" ids=\"18216,18217,18218,18219,18220,18221,18222,18223,18224\"]\r\n\r\n","_links":{"self":[{"href":"https:\/\/sinprofaz.org.br\/2024\/wp-json\/wp\/v2\/posts\/18214"}],"collection":[{"href":"https:\/\/sinprofaz.org.br\/2024\/wp-json\/wp\/v2\/posts"}],"about":[{"href":"https:\/\/sinprofaz.org.br\/2024\/wp-json\/wp\/v2\/types\/post"}],"author":[{"embeddable":true,"href":"https:\/\/sinprofaz.org.br\/2024\/wp-json\/wp\/v2\/users\/2"}],"replies":[{"embeddable":true,"href":"https:\/\/sinprofaz.org.br\/2024\/wp-json\/wp\/v2\/comments?post=18214"}],"version-history":[{"count":3,"href":"https:\/\/sinprofaz.org.br\/2024\/wp-json\/wp\/v2\/posts\/18214\/revisions"}],"predecessor-version":[{"id":18239,"href":"https:\/\/sinprofaz.org.br\/2024\/wp-json\/wp\/v2\/posts\/18214\/revisions\/18239"}],"wp:featuredmedia":[{"embeddable":true,"href":"https:\/\/sinprofaz.org.br\/2024\/wp-json\/wp\/v2\/media\/18215"}],"wp:attachment":[{"href":"https:\/\/sinprofaz.org.br\/2024\/wp-json\/wp\/v2\/media?parent=18214"}],"wp:term":[{"taxonomy":"category","embeddable":true,"href":"https:\/\/sinprofaz.org.br\/2024\/wp-json\/wp\/v2\/categories?post=18214"},{"taxonomy":"post_tag","embeddable":true,"href":"https:\/\/sinprofaz.org.br\/2024\/wp-json\/wp\/v2\/tags?post=18214"}],"curies":[{"name":"wp","href":"https:\/\/api.w.org\/{rel}","templated":true}]}}