{"id":18194,"date":"2024-05-09T09:39:29","date_gmt":"2024-05-09T12:39:29","guid":{"rendered":"https:\/\/sinprofaz.org.br\/2024\/?p=18194"},"modified":"2024-05-09T10:11:41","modified_gmt":"2024-05-09T13:11:41","slug":"sinprofaz-obtem-importantes-decisoes-judiciais-em-beneficio-da-carreira","status":"publish","type":"post","link":"https:\/\/sinprofaz.org.br\/2024\/noticias\/sinprofaz-obtem-importantes-decisoes-judiciais-em-beneficio-da-carreira\/","title":{"rendered":"SINPROFAZ OBT\u00c9M IMPORTANTES DECIS\u00d5ES JUDICIAIS EM BENEF\u00cdCIO DA CARREIRA"},"content":{"rendered":"<p>O SINPROFAZ obteve importantes decis\u00f5es judiciais em processos relacionados aos direitos das Procuradoras e dos Procuradores da Fazenda Nacional. A boa not\u00edcia foi compartilhada em reuni\u00e3o, promovida na sede do Sindicato, entre o diretor jur\u00eddico Roberto Rodrigues e os advogados Jos\u00e9 Luis Wagner e Valmir Floriano Vieira de Andrade &#8211; s\u00f3cios do escrit\u00f3rio Wagner Advogados Associados. Ao longo do encontro, diretor e advogados trataram de v\u00e1rias quest\u00f5es jur\u00eddicas de interesse da Carreira. Estrat\u00e9gias pertinentes ao andamento dos processos judiciais e medidas para conferir agilidade aos cumprimentos de senten\u00e7a tamb\u00e9m foram discutidas.<\/p>\n<p><b>Sobre as decis\u00f5es judiciais<br \/>\n<\/b>Em um dos processos, o Tribunal Regional Federal da 1\u00aa Regi\u00e3o julgou procedente a a\u00e7\u00e3o que buscava reconhecer o direito dos PFNs \u00e0 incid\u00eancia do teto remunerat\u00f3rio de forma individualizada sobre cada uma de suas remunera\u00e7\u00f5es e\/ou proventos de aposentadoria, considerando v\u00ednculos jur\u00eddicos distintos. Al\u00e9m disso, a Uni\u00e3o Federal foi condenada a restituir os valores descontados devido \u00e0 aplica\u00e7\u00e3o do abate-teto de forma diversa. A decis\u00e3o baseou-se na jurisprud\u00eancia da Suprema Corte, que estabelece que, nos casos constitucionalmente autorizados de acumula\u00e7\u00e3o de cargos, empregos e fun\u00e7\u00f5es, cada v\u00ednculo formalizado deve ser considerado separadamente para efeito do teto remunerat\u00f3rio.<\/p>\n<p>Confira: <a href=\"https:\/\/sinprofaz.org.br\/2024\/wp-content\/uploads\/2024\/05\/Acordao-INCIDENCIA-DO-TETO-REMUNERATORIO-ACUMULO-DE-CARGOS.pdf\" target=\"_blank\" rel=\"noopener\">https:\/\/sinprofaz.org.br\/2024\/wp-content\/uploads\/2024\/05\/Acordao-INCIDENCIA-DO-TETO-REMUNERATORIO-ACUMULO-DE-CARGOS.pdf<\/a><\/p>\n<p>Outra vit\u00f3ria do SINPROFAZ foi obtida no processo em que requereu a corre\u00e7\u00e3o dos proventos de aposentadorias e pens\u00f5es dos PFNs, sem direito \u00e0 paridade vencimental, de acordo com os mesmos \u00edndices de reajuste aplicados aos benef\u00edcios do Regime Geral de Previd\u00eancia Social entre 2004 e 2008. O desembargador federal Morais da Rocha acatou o pedido do Sindicato, reconhecendo que as aposentadorias dos servidores p\u00fablicos e as pens\u00f5es de seus dependentes n\u00e3o abrangidos pela regra da paridade devem ser reajustadas pelos \u00edndices do Regime Geral da Previd\u00eancia Social at\u00e9 2008.<\/p>\n<p>Saiba mais:\u00a0<a href=\"https:\/\/sinprofaz.org.br\/2024\/wp-content\/uploads\/2024\/05\/Acordao-REAJUSTE-DE-BENEFICIOS-PELOS-INDICES-DO-RGPS.pdf\" target=\"_blank\" rel=\"noopener\">https:\/\/sinprofaz.org.br\/2024\/wp-content\/uploads\/2024\/05\/Acordao-REAJUSTE-DE-BENEFICIOS-PELOS-INDICES-DO-RGPS.pdf<\/a><\/p>\n<p>Ambos os processos tiveram embargos de declara\u00e7\u00e3o protocolados pelas partes com vistas ao esclarecimento de alguns pontos. O escrit\u00f3rio Wagner Advogados Associados \u00e9 respons\u00e1vel pela representa\u00e7\u00e3o das partes nas duas a\u00e7\u00f5es.<\/p>\n\n\t\t<style type=\"text\/css\">\n\t\t\t#gallery-1 {\n\t\t\t\tmargin: auto;\n\t\t\t}\n\t\t\t#gallery-1 .gallery-item {\n\t\t\t\tfloat: left;\n\t\t\t\tmargin-top: 10px;\n\t\t\t\ttext-align: center;\n\t\t\t\twidth: 33%;\n\t\t\t}\n\t\t\t#gallery-1 img {\n\t\t\t\tborder: 2px solid #cfcfcf;\n\t\t\t}\n\t\t\t#gallery-1 .gallery-caption {\n\t\t\t\tmargin-left: 0;\n\t\t\t}\n\t\t\t\/* see gallery_shortcode() in wp-includes\/media.php *\/\n\t\t<\/style>\n\t\t<div id='gallery-1' class='gallery galleryid-18194 gallery-columns-3 gallery-size-thumbnail'><dl class='gallery-item'>\n\t\t\t<dt class='gallery-icon landscape'>\n\t\t\t\t<a href='https:\/\/sinprofaz.org.br\/2024\/wp-content\/uploads\/2024\/05\/Juridico-2.png'><img loading=\"lazy\" decoding=\"async\" width=\"150\" height=\"150\" src=\"https:\/\/sinprofaz.org.br\/2024\/wp-content\/uploads\/2024\/05\/Juridico-2-150x150.png\" class=\"attachment-thumbnail size-thumbnail\" alt=\"\" \/><\/a>\n\t\t\t<\/dt><\/dl><dl class='gallery-item'>\n\t\t\t<dt class='gallery-icon landscape'>\n\t\t\t\t<a href='https:\/\/sinprofaz.org.br\/2024\/wp-content\/uploads\/2024\/05\/Juridico-3.png'><img loading=\"lazy\" decoding=\"async\" width=\"150\" height=\"150\" src=\"https:\/\/sinprofaz.org.br\/2024\/wp-content\/uploads\/2024\/05\/Juridico-3-150x150.png\" class=\"attachment-thumbnail size-thumbnail\" alt=\"\" \/><\/a>\n\t\t\t<\/dt><\/dl>\n\t\t\t<br style='clear: both' \/>\n\t\t<\/div>\n\n<p><!-- notionvc: 7553255f-4868-4dbc-afdb-56faab40fd15 --><\/p>\n","protected":false},"excerpt":{"rendered":"<p>A boa not\u00edcia foi compartilhada em reuni\u00e3o, promovida na sede do Sindicato em Bras\u00edlia\/DF, entre o diretor jur\u00eddico Roberto Rodrigues e os advogados Jos\u00e9 Luis Wagner e Valmir Floriano Vieira de Andrade, s\u00f3cios do escrit\u00f3rio Wagner Advogados Associados. Acesse e saiba mais!<\/p>\n","protected":false},"author":2,"featured_media":18195,"comment_status":"open","ping_status":"open","sticky":false,"template":"","format":"standard","meta":{"footnotes":""},"categories":[8],"tags":[32,26,25],"featured_image_url":"https:\/\/sinprofaz.org.br\/2024\/wp-content\/uploads\/2024\/05\/Juridico-1.png","character_count":1424,"formatted_date":"09\/05\/2024 - 09:39","contentNovo":"O SINPROFAZ obteve importantes decis\u00f5es judiciais em processos relacionados aos direitos das Procuradoras e dos Procuradores da Fazenda Nacional. A boa not\u00edcia foi compartilhada em reuni\u00e3o, promovida na sede do Sindicato, entre o diretor jur\u00eddico Roberto Rodrigues e os advogados Jos\u00e9 Luis Wagner e Valmir Floriano Vieira de Andrade - s\u00f3cios do escrit\u00f3rio Wagner Advogados Associados. Ao longo do encontro, diretor e advogados trataram de v\u00e1rias quest\u00f5es jur\u00eddicas de interesse da Carreira. Estrat\u00e9gias pertinentes ao andamento dos processos judiciais e medidas para conferir agilidade aos cumprimentos de senten\u00e7a tamb\u00e9m foram discutidas.\r\n\r\nSobre as decis\u00f5es judiciais\r\nEm um dos processos, o Tribunal Regional Federal da 1\u00aa Regi\u00e3o julgou procedente a a\u00e7\u00e3o que buscava reconhecer o direito dos PFNs \u00e0 incid\u00eancia do teto remunerat\u00f3rio de forma individualizada sobre cada uma de suas remunera\u00e7\u00f5es e\/ou proventos de aposentadoria, considerando v\u00ednculos jur\u00eddicos distintos. Al\u00e9m disso, a Uni\u00e3o Federal foi condenada a restituir os valores descontados devido \u00e0 aplica\u00e7\u00e3o do abate-teto de forma diversa. A decis\u00e3o baseou-se na jurisprud\u00eancia da Suprema Corte, que estabelece que, nos casos constitucionalmente autorizados de acumula\u00e7\u00e3o de cargos, empregos e fun\u00e7\u00f5es, cada v\u00ednculo formalizado deve ser considerado separadamente para efeito do teto remunerat\u00f3rio.\r\n\r\nConfira: <a href=\"https:\/\/sinprofaz.org.br\/2024\/wp-content\/uploads\/2024\/05\/Acordao-INCIDENCIA-DO-TETO-REMUNERATORIO-ACUMULO-DE-CARGOS.pdf\" target=\"_blank\" rel=\"noopener\">https:\/\/sinprofaz.org.br\/2024\/wp-content\/uploads\/2024\/05\/Acordao-INCIDENCIA-DO-TETO-REMUNERATORIO-ACUMULO-DE-CARGOS.pdf<\/a>\r\n\r\nOutra vit\u00f3ria do SINPROFAZ foi obtida no processo em que requereu a corre\u00e7\u00e3o dos proventos de aposentadorias e pens\u00f5es dos PFNs, sem direito \u00e0 paridade vencimental, de acordo com os mesmos \u00edndices de reajuste aplicados aos benef\u00edcios do Regime Geral de Previd\u00eancia Social entre 2004 e 2008. O desembargador federal Morais da Rocha acatou o pedido do Sindicato, reconhecendo que as aposentadorias dos servidores p\u00fablicos e as pens\u00f5es de seus dependentes n\u00e3o abrangidos pela regra da paridade devem ser reajustadas pelos \u00edndices do Regime Geral da Previd\u00eancia Social at\u00e9 2008.\r\n\r\nSaiba mais:\u00a0<a href=\"https:\/\/sinprofaz.org.br\/2024\/wp-content\/uploads\/2024\/05\/Acordao-REAJUSTE-DE-BENEFICIOS-PELOS-INDICES-DO-RGPS.pdf\" target=\"_blank\" rel=\"noopener\">https:\/\/sinprofaz.org.br\/2024\/wp-content\/uploads\/2024\/05\/Acordao-REAJUSTE-DE-BENEFICIOS-PELOS-INDICES-DO-RGPS.pdf<\/a>\r\n\r\nAmbos os processos tiveram embargos de declara\u00e7\u00e3o protocolados pelas partes com vistas ao esclarecimento de alguns pontos. O escrit\u00f3rio Wagner Advogados Associados \u00e9 respons\u00e1vel pela representa\u00e7\u00e3o das partes nas duas a\u00e7\u00f5es.\r\n\r\n[gallery link=\"file\" ids=\"18196,18197\"]\r\n\r\n","_links":{"self":[{"href":"https:\/\/sinprofaz.org.br\/2024\/wp-json\/wp\/v2\/posts\/18194"}],"collection":[{"href":"https:\/\/sinprofaz.org.br\/2024\/wp-json\/wp\/v2\/posts"}],"about":[{"href":"https:\/\/sinprofaz.org.br\/2024\/wp-json\/wp\/v2\/types\/post"}],"author":[{"embeddable":true,"href":"https:\/\/sinprofaz.org.br\/2024\/wp-json\/wp\/v2\/users\/2"}],"replies":[{"embeddable":true,"href":"https:\/\/sinprofaz.org.br\/2024\/wp-json\/wp\/v2\/comments?post=18194"}],"version-history":[{"count":2,"href":"https:\/\/sinprofaz.org.br\/2024\/wp-json\/wp\/v2\/posts\/18194\/revisions"}],"predecessor-version":[{"id":18199,"href":"https:\/\/sinprofaz.org.br\/2024\/wp-json\/wp\/v2\/posts\/18194\/revisions\/18199"}],"wp:featuredmedia":[{"embeddable":true,"href":"https:\/\/sinprofaz.org.br\/2024\/wp-json\/wp\/v2\/media\/18195"}],"wp:attachment":[{"href":"https:\/\/sinprofaz.org.br\/2024\/wp-json\/wp\/v2\/media?parent=18194"}],"wp:term":[{"taxonomy":"category","embeddable":true,"href":"https:\/\/sinprofaz.org.br\/2024\/wp-json\/wp\/v2\/categories?post=18194"},{"taxonomy":"post_tag","embeddable":true,"href":"https:\/\/sinprofaz.org.br\/2024\/wp-json\/wp\/v2\/tags?post=18194"}],"curies":[{"name":"wp","href":"https:\/\/api.w.org\/{rel}","templated":true}]}}