{"id":1819,"date":"2014-06-16T14:06:18","date_gmt":"2014-06-16T14:06:18","guid":{"rendered":""},"modified":"-0001-11-30T00:00:00","modified_gmt":"-0001-11-30T03:00:00","slug":"sinprofaz-reune-se-com-o-corregedor-geral-da-advocacia-geral-da-uniao","status":"publish","type":"post","link":"https:\/\/sinprofaz.org.br\/2024\/noticias\/sinprofaz-reune-se-com-o-corregedor-geral-da-advocacia-geral-da-uniao\/","title":{"rendered":"SINPROFAZ re\u00fane-se com o Corregedor-Geral da Advocacia-Geral da Uni\u00e3o"},"content":{"rendered":"<p><img loading=\"lazy\" decoding=\"async\" style=\"margin-right: 10px; float: left;\" alt=\"sinprofaz-reuniao-corregedor-geral-agu\" src=\"images\/noticias\/sinprofaz-reuniao-corregedor-geral-agu\/sinprofaz-reuniao-corregedor-geral-agu.jpg\" height=\"135\" width=\"180\" \/>No \u00faltimo dia 10\/06, diretores do SINPROFAZ reuniram-se com o Corregedor-Geral da Advocacia-Geral da Uni\u00e3o, Ademar Passos Veiga.<\/p>\n<p>O Sindicato foi representado na reuni\u00e3o pelo presidente Her\u00e1clio Camargo e os diretores Maria Regina Alc\u00e2ntara e Amersson Carvalho. Al\u00e9m do Corregedor-Geral da Advocacia-Geral da Uni\u00e3o, Ademar Passos Veiga, estavam presentes o Corregedor-Geral Substituto, Edimar Fernandes de Oliveira, e o Assessor Jur\u00eddico, Maur\u00edcio Abijaodi Lopes de Vasconcellos.<\/p>\n<p>A reuni\u00e3o foi solicitada pelo SINPROFAZ com o objetivo de obter informa\u00e7\u00f5es sobre as correi\u00e7\u00f5es que v\u00eam sendo realizadas por todo o Brasil, no \u00e2mbito da PGFN, em processos f\u00edsicos e eletr\u00f4nicos, notadamente nos JEFs, e tamb\u00e9m levar a vis\u00e3o dos filiados at\u00e9 a c\u00fapula da Corregedoria.<\/p>\n<p>O Sindicato levou ao conhecimento do Corregedor-Geral as reclama\u00e7\u00f5es de alguns Colegas filiados de que a falta de estrutura de apoio e o volume de trabalho impedem, muitas vezes, a realiza\u00e7\u00e3o de um trabalho de excel\u00eancia, alertando a Corregedoria para esses fatos. Frisou que a falta de estrutura e de condi\u00e7\u00f5es dignas de trabalho, de responsabilidade da Administra\u00e7\u00e3o, n\u00e3o podem resultar em preju\u00edzo funcional ao Procurador da Fazenda Nacional.<\/p>\n<p>Na longa e produtiva reuni\u00e3o, o Corregedor-Geral pontuou que as correi\u00e7\u00f5es n\u00e3o t\u00eam objetivo de ca\u00e7a \u00e0s bruxas. Disse que a Corregedoria deve ser vista como uma institui\u00e7\u00e3o parceira, cujo objetivo primordial \u00e9 levantar defici\u00eancias, diagnosticar problemas e propor solu\u00e7\u00f5es, contribuindo para melhorar a efici\u00eancia dos \u00f3rg\u00e3os fiscalizados. Disse, ainda, que a cria\u00e7\u00e3o de escrit\u00f3rios descentralizados da Corregedoria trar\u00e1 uma vis\u00e3o mais acurada das realidades locais. Informou a continuidade das correi\u00e7\u00f5es nos processos eletr\u00f4nicos no segundo semestre, na 2\u00aa e 4\u00aa Regi\u00f5es. Por fim, deixou aberto um canal direto de comunica\u00e7\u00e3o com o Sindicato para troca de informa\u00e7\u00f5es e presta\u00e7\u00e3o de esclarecimentos, condi\u00e7\u00f5es importantes para dar tranq\u00fcilidade emocional aos Procuradores da Fazenda Nacional e para o aperfei\u00e7oamento das correi\u00e7\u00f5es.<\/p>\n","protected":false},"excerpt":{"rendered":"<p>No \u00faltimo dia 10\/06, diretores do SINPROFAZ reuniram-se com o Corregedor-Geral da Advocacia-Geral da Uni\u00e3o, Ademar Passos Veiga.<\/p>\n","protected":false},"author":1,"featured_media":0,"comment_status":"closed","ping_status":"open","sticky":false,"template":"","format":"standard","meta":{"footnotes":""},"categories":[8],"tags":[],"featured_image_url":"https:\/\/dummyimage.com\/720x400","character_count":1057,"formatted_date":"16\/06\/2014 - 14:06","contentNovo":"\r\n<p>No \u00faltimo dia 10\/06, diretores do SINPROFAZ reuniram-se com o Corregedor-Geral da Advocacia-Geral da Uni\u00e3o, Ademar Passos Veiga.<\/p>\r\n<p>O Sindicato foi representado na reuni\u00e3o pelo presidente Her\u00e1clio Camargo e os diretores Maria Regina Alc\u00e2ntara e Amersson Carvalho. Al\u00e9m do Corregedor-Geral da Advocacia-Geral da Uni\u00e3o, Ademar Passos Veiga, estavam presentes o Corregedor-Geral Substituto, Edimar Fernandes de Oliveira, e o Assessor Jur\u00eddico, Maur\u00edcio Abijaodi Lopes de Vasconcellos.<\/p>\r\n<p>A reuni\u00e3o foi solicitada pelo SINPROFAZ com o objetivo de obter informa\u00e7\u00f5es sobre as correi\u00e7\u00f5es que v\u00eam sendo realizadas por todo o Brasil, no \u00e2mbito da PGFN, em processos f\u00edsicos e eletr\u00f4nicos, notadamente nos JEFs, e tamb\u00e9m levar a vis\u00e3o dos filiados at\u00e9 a c\u00fapula da Corregedoria.<\/p>\r\n<p>O Sindicato levou ao conhecimento do Corregedor-Geral as reclama\u00e7\u00f5es de alguns Colegas filiados de que a falta de estrutura de apoio e o volume de trabalho impedem, muitas vezes, a realiza\u00e7\u00e3o de um trabalho de excel\u00eancia, alertando a Corregedoria para esses fatos. Frisou que a falta de estrutura e de condi\u00e7\u00f5es dignas de trabalho, de responsabilidade da Administra\u00e7\u00e3o, n\u00e3o podem resultar em preju\u00edzo funcional ao Procurador da Fazenda Nacional.<\/p>\r\n<p>Na longa e produtiva reuni\u00e3o, o Corregedor-Geral pontuou que as correi\u00e7\u00f5es n\u00e3o t\u00eam objetivo de ca\u00e7a \u00e0s bruxas. Disse que a Corregedoria deve ser vista como uma institui\u00e7\u00e3o parceira, cujo objetivo primordial \u00e9 levantar defici\u00eancias, diagnosticar problemas e propor solu\u00e7\u00f5es, contribuindo para melhorar a efici\u00eancia dos \u00f3rg\u00e3os fiscalizados. Disse, ainda, que a cria\u00e7\u00e3o de escrit\u00f3rios descentralizados da Corregedoria trar\u00e1 uma vis\u00e3o mais acurada das realidades locais. Informou a continuidade das correi\u00e7\u00f5es nos processos eletr\u00f4nicos no segundo semestre, na 2\u00aa e 4\u00aa Regi\u00f5es. Por fim, deixou aberto um canal direto de comunica\u00e7\u00e3o com o Sindicato para troca de informa\u00e7\u00f5es e presta\u00e7\u00e3o de esclarecimentos, condi\u00e7\u00f5es importantes para dar tranq\u00fcilidade emocional aos Procuradores da Fazenda Nacional e para o aperfei\u00e7oamento das correi\u00e7\u00f5es.<\/p>","_links":{"self":[{"href":"https:\/\/sinprofaz.org.br\/2024\/wp-json\/wp\/v2\/posts\/1819"}],"collection":[{"href":"https:\/\/sinprofaz.org.br\/2024\/wp-json\/wp\/v2\/posts"}],"about":[{"href":"https:\/\/sinprofaz.org.br\/2024\/wp-json\/wp\/v2\/types\/post"}],"author":[{"embeddable":true,"href":"https:\/\/sinprofaz.org.br\/2024\/wp-json\/wp\/v2\/users\/1"}],"replies":[{"embeddable":true,"href":"https:\/\/sinprofaz.org.br\/2024\/wp-json\/wp\/v2\/comments?post=1819"}],"version-history":[{"count":0,"href":"https:\/\/sinprofaz.org.br\/2024\/wp-json\/wp\/v2\/posts\/1819\/revisions"}],"wp:attachment":[{"href":"https:\/\/sinprofaz.org.br\/2024\/wp-json\/wp\/v2\/media?parent=1819"}],"wp:term":[{"taxonomy":"category","embeddable":true,"href":"https:\/\/sinprofaz.org.br\/2024\/wp-json\/wp\/v2\/categories?post=1819"},{"taxonomy":"post_tag","embeddable":true,"href":"https:\/\/sinprofaz.org.br\/2024\/wp-json\/wp\/v2\/tags?post=1819"}],"curies":[{"name":"wp","href":"https:\/\/api.w.org\/{rel}","templated":true}]}}