{"id":18178,"date":"2024-05-02T13:44:05","date_gmt":"2024-05-02T16:44:05","guid":{"rendered":"https:\/\/sinprofaz.org.br\/2024\/?p=18178"},"modified":"2024-05-07T13:45:26","modified_gmt":"2024-05-07T16:45:26","slug":"sinprofaz-se-reune-em-sergipe-com-senador-rogerio-carvalho","status":"publish","type":"post","link":"https:\/\/sinprofaz.org.br\/2024\/noticias\/sinprofaz-se-reune-em-sergipe-com-senador-rogerio-carvalho\/","title":{"rendered":"SINPROFAZ SE RE\u00daNE EM SERGIPE COM SENADOR ROG\u00c9RIO CARVALHO"},"content":{"rendered":"<p>O SINPROFAZ, representado pelo delegado sindical Omar Ramos, esteve reunido hoje (2) com o senador Rog\u00e9rio Carvalho (PT\/SE). No encontro, que contou com a participa\u00e7\u00e3o de Membros da Advocacia P\u00fablica federal e estadual, dois assuntos estiveram em pauta: a PEC 10\/2023, relativa \u00e0 valoriza\u00e7\u00e3o das Fun\u00e7\u00f5es Essenciais \u00e0 Justi\u00e7a, e a PEC 65\/2023, que prop\u00f5e mudan\u00e7as para o Banco Central.<\/p>\n<p>O Sindicato agradece \u00e0s delegacias sindicais pela atua\u00e7\u00e3o fundamental nas bases parlamentares!<\/p>\n","protected":false},"excerpt":{"rendered":"<p>O SINPROFAZ, representado pelo delegado sindical Omar Ramos, esteve reunido hoje (2) com o senador Rog\u00e9rio Carvalho (PT\/SE). No encontro, que contou com a participa\u00e7\u00e3o de Membros da Advocacia P\u00fablica federal e estadual, dois assuntos estiveram em pauta. Saiba mais!<\/p>\n","protected":false},"author":2,"featured_media":18179,"comment_status":"open","ping_status":"open","sticky":false,"template":"","format":"standard","meta":{"footnotes":""},"categories":[8],"tags":[222,53,25],"featured_image_url":"https:\/\/sinprofaz.org.br\/2024\/wp-content\/uploads\/2024\/05\/1-3.png","character_count":248,"formatted_date":"02\/05\/2024 - 13:44","contentNovo":"O SINPROFAZ, representado pelo delegado sindical Omar Ramos, esteve reunido hoje (2) com o senador Rog\u00e9rio Carvalho (PT\/SE). No encontro, que contou com a participa\u00e7\u00e3o de Membros da Advocacia P\u00fablica federal e estadual, dois assuntos estiveram em pauta: a PEC 10\/2023, relativa \u00e0 valoriza\u00e7\u00e3o das Fun\u00e7\u00f5es Essenciais \u00e0 Justi\u00e7a, e a PEC 65\/2023, que prop\u00f5e mudan\u00e7as para o Banco Central.\r\n\r\nO Sindicato agradece \u00e0s delegacias sindicais pela atua\u00e7\u00e3o fundamental nas bases parlamentares!","_links":{"self":[{"href":"https:\/\/sinprofaz.org.br\/2024\/wp-json\/wp\/v2\/posts\/18178"}],"collection":[{"href":"https:\/\/sinprofaz.org.br\/2024\/wp-json\/wp\/v2\/posts"}],"about":[{"href":"https:\/\/sinprofaz.org.br\/2024\/wp-json\/wp\/v2\/types\/post"}],"author":[{"embeddable":true,"href":"https:\/\/sinprofaz.org.br\/2024\/wp-json\/wp\/v2\/users\/2"}],"replies":[{"embeddable":true,"href":"https:\/\/sinprofaz.org.br\/2024\/wp-json\/wp\/v2\/comments?post=18178"}],"version-history":[{"count":1,"href":"https:\/\/sinprofaz.org.br\/2024\/wp-json\/wp\/v2\/posts\/18178\/revisions"}],"predecessor-version":[{"id":18180,"href":"https:\/\/sinprofaz.org.br\/2024\/wp-json\/wp\/v2\/posts\/18178\/revisions\/18180"}],"wp:featuredmedia":[{"embeddable":true,"href":"https:\/\/sinprofaz.org.br\/2024\/wp-json\/wp\/v2\/media\/18179"}],"wp:attachment":[{"href":"https:\/\/sinprofaz.org.br\/2024\/wp-json\/wp\/v2\/media?parent=18178"}],"wp:term":[{"taxonomy":"category","embeddable":true,"href":"https:\/\/sinprofaz.org.br\/2024\/wp-json\/wp\/v2\/categories?post=18178"},{"taxonomy":"post_tag","embeddable":true,"href":"https:\/\/sinprofaz.org.br\/2024\/wp-json\/wp\/v2\/tags?post=18178"}],"curies":[{"name":"wp","href":"https:\/\/api.w.org\/{rel}","templated":true}]}}