{"id":18176,"date":"2024-04-30T13:39:15","date_gmt":"2024-04-30T16:39:15","guid":{"rendered":"https:\/\/sinprofaz.org.br\/2024\/?p=18176"},"modified":"2024-05-07T13:40:37","modified_gmt":"2024-05-07T16:40:37","slug":"sinprofaz-se-reune-com-senador-alessandro-vieira-mdb-se","status":"publish","type":"post","link":"https:\/\/sinprofaz.org.br\/2024\/noticias\/sinprofaz-se-reune-com-senador-alessandro-vieira-mdb-se\/","title":{"rendered":"SINPROFAZ SE RE\u00daNE COM SENADOR ALESSANDRO VIEIRA (MDB\/SE)"},"content":{"rendered":"<p>O SINPROFAZ, representado pelo delegado sindical em Sergipe Omar Ramos, esteve reunido ontem (29) com o senador Alessandro Vieira (MDB\/SE). A proveitosa reuni\u00e3o contou com a presen\u00e7a de representantes de toda a Advocacia P\u00fablica federal e tamb\u00e9m estadual.<\/p>\n<p>Ao longo do encontro, foram abordados tr\u00eas temas principais, sendo o primeiro a PEC 10\/2023. Alessandro Vieira reiterou a posi\u00e7\u00e3o contr\u00e1ria \u00e0 proposta, por\u00e9m ressaltou que, se avan\u00e7ar, a PEC deve contemplar todas as carreiras nela inclu\u00eddas. O senador demonstrou ci\u00eancia a respeito da presen\u00e7a da Advocacia P\u00fablica no relat\u00f3rio, mas considerou remota a possibilidade de a PEC avan\u00e7ar.<\/p>\n<p>O segundo ponto discutido foi a PEC 65\/2023, que prop\u00f5e a transforma\u00e7\u00e3o do Banco Central do Brasil em empresa p\u00fablica. Novamente o senador se manifestou de forma contr\u00e1ria ao texto, que fragiliza os servidores e tira deles a estabilidade. Por fim, debateu-se a respeito da PEC da Autonomia da Advocacia P\u00fablica, \u00e0 qual Alessandro Vieira demonstrou pleno apoio.<\/p>\n\n\t\t<style type=\"text\/css\">\n\t\t\t#gallery-1 {\n\t\t\t\tmargin: auto;\n\t\t\t}\n\t\t\t#gallery-1 .gallery-item {\n\t\t\t\tfloat: left;\n\t\t\t\tmargin-top: 10px;\n\t\t\t\ttext-align: center;\n\t\t\t\twidth: 33%;\n\t\t\t}\n\t\t\t#gallery-1 img {\n\t\t\t\tborder: 2px solid #cfcfcf;\n\t\t\t}\n\t\t\t#gallery-1 .gallery-caption {\n\t\t\t\tmargin-left: 0;\n\t\t\t}\n\t\t\t\/* see gallery_shortcode() in wp-includes\/media.php *\/\n\t\t<\/style>\n\t\t<div id='gallery-1' class='gallery galleryid-18176 gallery-columns-3 gallery-size-thumbnail'><dl class='gallery-item'>\n\t\t\t<dt class='gallery-icon landscape'>\n\t\t\t\t<a href='https:\/\/sinprofaz.org.br\/2024\/wp-content\/uploads\/2024\/05\/SE-2.png'><img loading=\"lazy\" decoding=\"async\" width=\"150\" height=\"150\" src=\"https:\/\/sinprofaz.org.br\/2024\/wp-content\/uploads\/2024\/05\/SE-2-150x150.png\" class=\"attachment-thumbnail size-thumbnail\" alt=\"\" \/><\/a>\n\t\t\t<\/dt><\/dl>\n\t\t\t<br style='clear: both' \/>\n\t\t<\/div>\n\n","protected":false},"excerpt":{"rendered":"<p>O SINPROFAZ, representado pelo delegado sindical em Sergipe Omar Ramos, esteve reunido na segunda-feira (29) com o senador Alessandro Vieira (MDB\/SE). A proveitosa reuni\u00e3o contou com a presen\u00e7a de representantes de toda a Advocacia P\u00fablica federal e tamb\u00e9m estadual. Confira!<\/p>\n","protected":false},"author":2,"featured_media":18174,"comment_status":"open","ping_status":"open","sticky":false,"template":"","format":"standard","meta":{"footnotes":""},"categories":[8],"tags":[222,53,25],"featured_image_url":"https:\/\/sinprofaz.org.br\/2024\/wp-content\/uploads\/2024\/05\/SE-1.png","character_count":691,"formatted_date":"30\/04\/2024 - 13:39","contentNovo":"O SINPROFAZ, representado pelo delegado sindical em Sergipe Omar Ramos, esteve reunido ontem (29) com o senador Alessandro Vieira (MDB\/SE). A proveitosa reuni\u00e3o contou com a presen\u00e7a de representantes de toda a Advocacia P\u00fablica federal e tamb\u00e9m estadual.\r\n\r\nAo longo do encontro, foram abordados tr\u00eas temas principais, sendo o primeiro a PEC 10\/2023. Alessandro Vieira reiterou a posi\u00e7\u00e3o contr\u00e1ria \u00e0 proposta, por\u00e9m ressaltou que, se avan\u00e7ar, a PEC deve contemplar todas as carreiras nela inclu\u00eddas. O senador demonstrou ci\u00eancia a respeito da presen\u00e7a da Advocacia P\u00fablica no relat\u00f3rio, mas considerou remota a possibilidade de a PEC avan\u00e7ar.\r\n\r\nO segundo ponto discutido foi a PEC 65\/2023, que prop\u00f5e a transforma\u00e7\u00e3o do Banco Central do Brasil em empresa p\u00fablica. Novamente o senador se manifestou de forma contr\u00e1ria ao texto, que fragiliza os servidores e tira deles a estabilidade. Por fim, debateu-se a respeito da PEC da Autonomia da Advocacia P\u00fablica, \u00e0 qual Alessandro Vieira demonstrou pleno apoio.\r\n\r\n[gallery link=\"file\" ids=\"18175\"]","_links":{"self":[{"href":"https:\/\/sinprofaz.org.br\/2024\/wp-json\/wp\/v2\/posts\/18176"}],"collection":[{"href":"https:\/\/sinprofaz.org.br\/2024\/wp-json\/wp\/v2\/posts"}],"about":[{"href":"https:\/\/sinprofaz.org.br\/2024\/wp-json\/wp\/v2\/types\/post"}],"author":[{"embeddable":true,"href":"https:\/\/sinprofaz.org.br\/2024\/wp-json\/wp\/v2\/users\/2"}],"replies":[{"embeddable":true,"href":"https:\/\/sinprofaz.org.br\/2024\/wp-json\/wp\/v2\/comments?post=18176"}],"version-history":[{"count":1,"href":"https:\/\/sinprofaz.org.br\/2024\/wp-json\/wp\/v2\/posts\/18176\/revisions"}],"predecessor-version":[{"id":18177,"href":"https:\/\/sinprofaz.org.br\/2024\/wp-json\/wp\/v2\/posts\/18176\/revisions\/18177"}],"wp:featuredmedia":[{"embeddable":true,"href":"https:\/\/sinprofaz.org.br\/2024\/wp-json\/wp\/v2\/media\/18174"}],"wp:attachment":[{"href":"https:\/\/sinprofaz.org.br\/2024\/wp-json\/wp\/v2\/media?parent=18176"}],"wp:term":[{"taxonomy":"category","embeddable":true,"href":"https:\/\/sinprofaz.org.br\/2024\/wp-json\/wp\/v2\/categories?post=18176"},{"taxonomy":"post_tag","embeddable":true,"href":"https:\/\/sinprofaz.org.br\/2024\/wp-json\/wp\/v2\/tags?post=18176"}],"curies":[{"name":"wp","href":"https:\/\/api.w.org\/{rel}","templated":true}]}}