{"id":18170,"date":"2024-04-29T08:00:33","date_gmt":"2024-04-29T11:00:33","guid":{"rendered":"https:\/\/sinprofaz.org.br\/2024\/?p=18170"},"modified":"2024-05-07T11:18:43","modified_gmt":"2024-05-07T14:18:43","slug":"filiadas-e-filiados-recebem-a-presidente-do-sinprofaz-em-maceio","status":"publish","type":"post","link":"https:\/\/sinprofaz.org.br\/2024\/noticias\/filiadas-e-filiados-recebem-a-presidente-do-sinprofaz-em-maceio\/","title":{"rendered":"FILIADAS E FILIADOS RECEBEM A PRESIDENTE DO SINPROFAZ EM MACEI\u00d3"},"content":{"rendered":"<p>O SINPROFAZ, representado pela presidente Iolanda Guindani, esteve reunido com filiadas e filiados em Macei\u00f3\/AL. O encontro na sede da Procuradoria contou com a presen\u00e7a da delegada sindical no estado, Carla Guerra; do procurador-regional da Fazenda Nacional na 5\u00aa Regi\u00e3o, Alexandre Freire; do procurador-chefe da PFN em Alagoas, Dayvisson Martins; e de Colegas comprometidos com a luta pela valoriza\u00e7\u00e3o da Carreira.<\/p>\n<p>Ao longo da reuni\u00e3o, a presidente do SINPROFAZ pautou diversos assuntos, a exemplo do trabalho parlamentar em torno da PEC 10\/2023, das tratativas com o CCHA para o pagamento dos aux\u00edlios, do requerimento para abertura da Mesa Setorial de Negocia\u00e7\u00e3o e da realiza\u00e7\u00e3o do 22\u00ba Encontro no Vila Gal\u00e9 Alagoas. Sobre este tema, Iolanda Guindani refor\u00e7ou o convite para que os Colegas de Macei\u00f3 estejam presentes em peso, de modo que sejam os grandes anfitri\u00f5es do evento, a ser realizado de 28 de novembro a 1\u00ba de dezembro de 2024.<\/p>\n\n\t\t<style type=\"text\/css\">\n\t\t\t#gallery-1 {\n\t\t\t\tmargin: auto;\n\t\t\t}\n\t\t\t#gallery-1 .gallery-item {\n\t\t\t\tfloat: left;\n\t\t\t\tmargin-top: 10px;\n\t\t\t\ttext-align: center;\n\t\t\t\twidth: 33%;\n\t\t\t}\n\t\t\t#gallery-1 img {\n\t\t\t\tborder: 2px solid #cfcfcf;\n\t\t\t}\n\t\t\t#gallery-1 .gallery-caption {\n\t\t\t\tmargin-left: 0;\n\t\t\t}\n\t\t\t\/* see gallery_shortcode() in wp-includes\/media.php *\/\n\t\t<\/style>\n\t\t<div id='gallery-1' class='gallery galleryid-18170 gallery-columns-3 gallery-size-thumbnail'><dl class='gallery-item'>\n\t\t\t<dt class='gallery-icon landscape'>\n\t\t\t\t<a href='https:\/\/sinprofaz.org.br\/2024\/wp-content\/uploads\/2024\/05\/Maceio-2.png'><img loading=\"lazy\" decoding=\"async\" width=\"150\" height=\"150\" src=\"https:\/\/sinprofaz.org.br\/2024\/wp-content\/uploads\/2024\/05\/Maceio-2-150x150.png\" class=\"attachment-thumbnail size-thumbnail\" alt=\"\" \/><\/a>\n\t\t\t<\/dt><\/dl>\n\t\t\t<br style='clear: both' \/>\n\t\t<\/div>\n\n","protected":false},"excerpt":{"rendered":"<p>Ao longo da reuni\u00e3o, a presidente pautou diversos assuntos, a exemplo do trabalho parlamentar em torno da PEC 10, das tratativas com o CCHA para o pagamento dos aux\u00edlios, do requerimento para abertura da Mesa Setorial de Negocia\u00e7\u00e3o e da realiza\u00e7\u00e3o do 22\u00ba Encontro no Vila Gal\u00e9 Alagoas. <\/p>\n","protected":false},"author":2,"featured_media":18168,"comment_status":"open","ping_status":"open","sticky":false,"template":"","format":"standard","meta":{"footnotes":""},"categories":[8],"tags":[32,62,25],"featured_image_url":"https:\/\/sinprofaz.org.br\/2024\/wp-content\/uploads\/2024\/05\/Maceio-1.png","character_count":658,"formatted_date":"29\/04\/2024 - 08:00","contentNovo":"O SINPROFAZ, representado pela presidente Iolanda Guindani, esteve reunido com filiadas e filiados em Macei\u00f3\/AL. O encontro na sede da Procuradoria contou com a presen\u00e7a da delegada sindical no estado, Carla Guerra; do procurador-regional da Fazenda Nacional na 5\u00aa Regi\u00e3o, Alexandre Freire; do procurador-chefe da PFN em Alagoas, Dayvisson Martins; e de Colegas comprometidos com a luta pela valoriza\u00e7\u00e3o da Carreira.\r\n\r\nAo longo da reuni\u00e3o, a presidente do SINPROFAZ pautou diversos assuntos, a exemplo do trabalho parlamentar em torno da PEC 10\/2023, das tratativas com o CCHA para o pagamento dos aux\u00edlios, do requerimento para abertura da Mesa Setorial de Negocia\u00e7\u00e3o e da realiza\u00e7\u00e3o do 22\u00ba Encontro no Vila Gal\u00e9 Alagoas. Sobre este tema, Iolanda Guindani refor\u00e7ou o convite para que os Colegas de Macei\u00f3 estejam presentes em peso, de modo que sejam os grandes anfitri\u00f5es do evento, a ser realizado de 28 de novembro a 1\u00ba de dezembro de 2024.\r\n\r\n[gallery link=\"file\" ids=\"18169\"]","_links":{"self":[{"href":"https:\/\/sinprofaz.org.br\/2024\/wp-json\/wp\/v2\/posts\/18170"}],"collection":[{"href":"https:\/\/sinprofaz.org.br\/2024\/wp-json\/wp\/v2\/posts"}],"about":[{"href":"https:\/\/sinprofaz.org.br\/2024\/wp-json\/wp\/v2\/types\/post"}],"author":[{"embeddable":true,"href":"https:\/\/sinprofaz.org.br\/2024\/wp-json\/wp\/v2\/users\/2"}],"replies":[{"embeddable":true,"href":"https:\/\/sinprofaz.org.br\/2024\/wp-json\/wp\/v2\/comments?post=18170"}],"version-history":[{"count":1,"href":"https:\/\/sinprofaz.org.br\/2024\/wp-json\/wp\/v2\/posts\/18170\/revisions"}],"predecessor-version":[{"id":18171,"href":"https:\/\/sinprofaz.org.br\/2024\/wp-json\/wp\/v2\/posts\/18170\/revisions\/18171"}],"wp:featuredmedia":[{"embeddable":true,"href":"https:\/\/sinprofaz.org.br\/2024\/wp-json\/wp\/v2\/media\/18168"}],"wp:attachment":[{"href":"https:\/\/sinprofaz.org.br\/2024\/wp-json\/wp\/v2\/media?parent=18170"}],"wp:term":[{"taxonomy":"category","embeddable":true,"href":"https:\/\/sinprofaz.org.br\/2024\/wp-json\/wp\/v2\/categories?post=18170"},{"taxonomy":"post_tag","embeddable":true,"href":"https:\/\/sinprofaz.org.br\/2024\/wp-json\/wp\/v2\/tags?post=18170"}],"curies":[{"name":"wp","href":"https:\/\/api.w.org\/{rel}","templated":true}]}}