{"id":1817,"date":"2014-06-11T18:30:24","date_gmt":"2014-06-11T18:30:24","guid":{"rendered":""},"modified":"-0001-11-30T00:00:00","modified_gmt":"-0001-11-30T03:00:00","slug":"honorarios-sinprofaz-presente-em-audiencia-publica-do-novo-cpc","status":"publish","type":"post","link":"https:\/\/sinprofaz.org.br\/2024\/noticias\/honorarios-sinprofaz-presente-em-audiencia-publica-do-novo-cpc\/","title":{"rendered":"Honor\u00e1rios: SINPROFAZ presente em reuni\u00e3o do novo CPC"},"content":{"rendered":"<p><img loading=\"lazy\" decoding=\"async\" style=\"margin-right: 10px; float: left;\" alt=\"foto01\" src=\"images\/noticias\/sinprofaz-audiencia-publica-novo-cpc\/foto01.jpg\" height=\"112\" width=\"150\" \/>Nesta quarta-feira, 11\/06, o presidente Her\u00e1clio Camargo compareceu \u00e0 reuni\u00e3o da comiss\u00e3o tempor\u00e1ria que ir\u00e1 estudar as altera\u00e7\u00f5es feitas pela C\u00e2mara dos Deputados ao projeto que reforma o C\u00f3digo de Processo Civil.<\/p>\n<p>Na reuni\u00e3o, estavam presentes membros da comiss\u00e3o de juristas que analisou originalmente o projeto do novo CPC no Senado: o ministro do STF, Luiz Fux, e os professores Tereza Arruda Alvim Wambier, Paulo Cesar Pinheiro Carneiro, Jos\u00e9 Roberto dos Santos Bedaque e Bruno Dantas.<\/p>\n<p>O relator do projeto na C\u00e2mara, deputado Paulo Teixeira (PT-SP), tamb\u00e9m participou da reuni\u00e3o. Ele teve oportunidade de prestar esclarecimentos aos membros da comiss\u00e3o tempor\u00e1ria e da comiss\u00e3o de juristas acerca das altera\u00e7\u00f5es aprovadas na C\u00e2mara.<\/p>\n<p><img loading=\"lazy\" decoding=\"async\" style=\"margin-left: 10px; float: right;\" alt=\"foto02\" src=\"images\/noticias\/sinprofaz-audiencia-publica-novo-cpc\/foto02.jpg\" height=\"133\" width=\"180\" \/>O deputado defendeu de forma serena e enf\u00e1tica o texto aprovado na C\u00e2mara, inclusive o artigo que trata do pagamento de honor\u00e1rios aos advogados p\u00fablicos. Paulo Teixeira afirmou que o texto consolida o federalismo, ressaltando que a quest\u00e3o dos honor\u00e1rios de sucumb\u00eancia faz remiss\u00e3o a regulamenta\u00e7\u00e3o por lei.<\/p>\n<p>Os dirigentes das entidades que integram o Movimento Pr\u00f3-Honor\u00e1rios estavam presentes na reuni\u00e3o e aproveitaram a ocasi\u00e3o para abordar os senadores sobre a necessidade de preserva\u00e7\u00e3o do dispositivo do par\u00e1grafo 19 do artigo 85, inserido na Casa revisora.<\/p>\n<p>O presidente do SINPROFAZ, Her\u00e1clio Camargo, assistiu \u00e0 reuni\u00e3o e mais uma vez argumentou favoravelmente aos honor\u00e1rios junto ao presidente e ao relator da comiss\u00e3o tempor\u00e1ria do novo CPC, os senadores Jos\u00e9 Pimentel (PT-CE) e Vital do Rego (PMDB-PB), respectivamente.<\/p>\n<p>De acordo com o cronograma de trabalhos da comiss\u00e3o tempor\u00e1ria, a data prevista para discuss\u00e3o e vota\u00e7\u00e3o do parecer do senador Vital do Rego \u00e9 16 de julho pr\u00f3ximo, v\u00e9spera do in\u00edcio do recesso parlamentar.<\/p>\n<p>&nbsp;<\/p>\n<p style=\"text-align: center;\"><img loading=\"lazy\" decoding=\"async\" style=\"margin-right: 5px;\" alt=\"foto03\" src=\"images\/noticias\/sinprofaz-audiencia-publica-novo-cpc\/foto03.jpg\" height=\"134\" width=\"180\" \/><img loading=\"lazy\" decoding=\"async\" alt=\"foto04\" src=\"images\/noticias\/sinprofaz-audiencia-publica-novo-cpc\/foto04.jpg\" height=\"135\" width=\"180\" \/><\/p>\n","protected":false},"excerpt":{"rendered":"<p>Nesta quarta-feira, 11\/06, o presidente Her\u00e1clio Camargo compareceu \u00e0 reuni\u00e3o da comiss\u00e3o tempor\u00e1ria que ir\u00e1 estudar as altera\u00e7\u00f5es feitas pela C\u00e2mara dos Deputados ao projeto que reforma o C\u00f3digo de Processo Civil.<\/p>\n","protected":false},"author":1,"featured_media":0,"comment_status":"closed","ping_status":"open","sticky":false,"template":"","format":"standard","meta":{"footnotes":""},"categories":[8],"tags":[],"featured_image_url":"https:\/\/dummyimage.com\/720x400","character_count":921,"formatted_date":"11\/06\/2014 - 18:30","contentNovo":"\r\n<p>Nesta quarta-feira, 11\/06, o presidente Her\u00e1clio Camargo compareceu \u00e0 reuni\u00e3o da comiss\u00e3o tempor\u00e1ria que ir\u00e1 estudar as altera\u00e7\u00f5es feitas pela C\u00e2mara dos Deputados ao projeto que reforma o C\u00f3digo de Processo Civil.<\/p>\r\n<p>Na reuni\u00e3o, estavam presentes membros da comiss\u00e3o de juristas que analisou originalmente o projeto do novo CPC no Senado: o ministro do STF, Luiz Fux, e os professores Tereza Arruda Alvim Wambier, Paulo Cesar Pinheiro Carneiro, Jos\u00e9 Roberto dos Santos Bedaque e Bruno Dantas.<\/p>\r\n<p>O relator do projeto na C\u00e2mara, deputado Paulo Teixeira (PT-SP), tamb\u00e9m participou da reuni\u00e3o. Ele teve oportunidade de prestar esclarecimentos aos membros da comiss\u00e3o tempor\u00e1ria e da comiss\u00e3o de juristas acerca das altera\u00e7\u00f5es aprovadas na C\u00e2mara.<\/p>\r\n<p>O deputado defendeu de forma serena e enf\u00e1tica o texto aprovado na C\u00e2mara, inclusive o artigo que trata do pagamento de honor\u00e1rios aos advogados p\u00fablicos. Paulo Teixeira afirmou que o texto consolida o federalismo, ressaltando que a quest\u00e3o dos honor\u00e1rios de sucumb\u00eancia faz remiss\u00e3o a regulamenta\u00e7\u00e3o por lei.<\/p>\r\n<p>Os dirigentes das entidades que integram o Movimento Pr\u00f3-Honor\u00e1rios estavam presentes na reuni\u00e3o e aproveitaram a ocasi\u00e3o para abordar os senadores sobre a necessidade de preserva\u00e7\u00e3o do dispositivo do par\u00e1grafo 19 do artigo 85, inserido na Casa revisora.<\/p>\r\n<p>O presidente do SINPROFAZ, Her\u00e1clio Camargo, assistiu \u00e0 reuni\u00e3o e mais uma vez argumentou favoravelmente aos honor\u00e1rios junto ao presidente e ao relator da comiss\u00e3o tempor\u00e1ria do novo CPC, os senadores Jos\u00e9 Pimentel (PT-CE) e Vital do Rego (PMDB-PB), respectivamente.<\/p>\r\n<p>De acordo com o cronograma de trabalhos da comiss\u00e3o tempor\u00e1ria, a data prevista para discuss\u00e3o e vota\u00e7\u00e3o do parecer do senador Vital do Rego \u00e9 16 de julho pr\u00f3ximo, v\u00e9spera do in\u00edcio do recesso parlamentar.<\/p>\r\n<p>&nbsp;<\/p>\r\n<p style=\"text-align: center;\"><\/p>","_links":{"self":[{"href":"https:\/\/sinprofaz.org.br\/2024\/wp-json\/wp\/v2\/posts\/1817"}],"collection":[{"href":"https:\/\/sinprofaz.org.br\/2024\/wp-json\/wp\/v2\/posts"}],"about":[{"href":"https:\/\/sinprofaz.org.br\/2024\/wp-json\/wp\/v2\/types\/post"}],"author":[{"embeddable":true,"href":"https:\/\/sinprofaz.org.br\/2024\/wp-json\/wp\/v2\/users\/1"}],"replies":[{"embeddable":true,"href":"https:\/\/sinprofaz.org.br\/2024\/wp-json\/wp\/v2\/comments?post=1817"}],"version-history":[{"count":0,"href":"https:\/\/sinprofaz.org.br\/2024\/wp-json\/wp\/v2\/posts\/1817\/revisions"}],"wp:attachment":[{"href":"https:\/\/sinprofaz.org.br\/2024\/wp-json\/wp\/v2\/media?parent=1817"}],"wp:term":[{"taxonomy":"category","embeddable":true,"href":"https:\/\/sinprofaz.org.br\/2024\/wp-json\/wp\/v2\/categories?post=1817"},{"taxonomy":"post_tag","embeddable":true,"href":"https:\/\/sinprofaz.org.br\/2024\/wp-json\/wp\/v2\/tags?post=1817"}],"curies":[{"name":"wp","href":"https:\/\/api.w.org\/{rel}","templated":true}]}}