{"id":18150,"date":"2024-04-25T08:45:41","date_gmt":"2024-04-25T11:45:41","guid":{"rendered":"https:\/\/sinprofaz.org.br\/2024\/?p=18150"},"modified":"2024-05-05T15:52:39","modified_gmt":"2024-05-05T18:52:39","slug":"iolanda-guindani-presidira-mesa-em-congresso-internacional-de-direito-tributario","status":"publish","type":"post","link":"https:\/\/sinprofaz.org.br\/2024\/noticias\/iolanda-guindani-presidira-mesa-em-congresso-internacional-de-direito-tributario\/","title":{"rendered":"IOLANDA GUINDANI PRESIDIR\u00c1 MESA EM CONGRESSO INTERNACIONAL DE DIREITO TRIBUT\u00c1RIO"},"content":{"rendered":"<p>A Carreira estar\u00e1 representada no\u00a0<i>III Congresso Internacional de Direito Tribut\u00e1rio &#8211; O Novo Sistema Tribut\u00e1rio Brasileiro<\/i>, promovido pelo Instituto de Aplica\u00e7\u00e3o do Tributo &#8211; IAT. A presidente do SINPROFAZ, Iolanda Guindani, foi convidada para presidir uma das mesas do evento, oportunidade em que levar\u00e1 para os participantes a vis\u00e3o da Fazenda Nacional a respeito das significativas mudan\u00e7as promovidas pela reforma tribut\u00e1ria nas rela\u00e7\u00f5es entre o fisco e o contribuinte.<\/p>\n<p>O\u00a0<i>III Congresso Internacional de Direito Tribut\u00e1rio<\/i>\u00a0do IAT ocorre de 21 a 23 de maio. Desde a primeira edi\u00e7\u00e3o, o\u00a0evento re\u00fane profissionais que atuam com o Direito Tribut\u00e1rio no Brasil e no exterior, na iniciativa privada e no poder p\u00fablico. As inscri\u00e7\u00f5es ainda est\u00e3o abertas: interessados em participar devem acessar\u00a0<a href=\"http:\/\/www.institutoiat.org\/iii-congresso-iat\" target=\"_blank\" rel=\"noopener\">www.institutoiat.org\/iii-congresso-iat<\/a>\u00a0e escolher uma das tr\u00eas modalidades de inscri\u00e7\u00e3o (Virtual, Presencial para Profissionais e Presencial para Estudantes).<\/p>\n<p><b>Sobre o Instituto de Aplica\u00e7\u00e3o do Tributo<\/b><\/p>\n<p>O IAT \u00e9 uma institui\u00e7\u00e3o sem fins lucrativos fundada por professores de Direito Tribut\u00e1rio. \u00c9 voltada para o desenvolvimento de projetos e estudos capazes de aperfei\u00e7oar o Sistema Tribut\u00e1rio Nacional. Dedica-se, entre outros, \u00e0 an\u00e1lise de pr\u00e1ticas concretas relacionadas aos tributos, seja a forma como s\u00e3o criados, fiscalizados e cobrados, seja o destino financeiro atribu\u00eddo ao produto da arrecada\u00e7\u00e3o. O IAT \u00e9 presidido por T\u00e1cio Lacerda Gama, a quem o SINPROFAZ parabeniza pela realiza\u00e7\u00e3o do Congresso.<\/p>\n\n\t\t<style type=\"text\/css\">\n\t\t\t#gallery-1 {\n\t\t\t\tmargin: auto;\n\t\t\t}\n\t\t\t#gallery-1 .gallery-item {\n\t\t\t\tfloat: left;\n\t\t\t\tmargin-top: 10px;\n\t\t\t\ttext-align: center;\n\t\t\t\twidth: 33%;\n\t\t\t}\n\t\t\t#gallery-1 img {\n\t\t\t\tborder: 2px solid #cfcfcf;\n\t\t\t}\n\t\t\t#gallery-1 .gallery-caption {\n\t\t\t\tmargin-left: 0;\n\t\t\t}\n\t\t\t\/* see gallery_shortcode() in wp-includes\/media.php *\/\n\t\t<\/style>\n\t\t<div id='gallery-1' class='gallery galleryid-18150 gallery-columns-3 gallery-size-thumbnail'><dl class='gallery-item'>\n\t\t\t<dt class='gallery-icon landscape'>\n\t\t\t\t<a href='https:\/\/sinprofaz.org.br\/2024\/wp-content\/uploads\/2024\/05\/IAT-2.png'><img loading=\"lazy\" decoding=\"async\" width=\"150\" height=\"150\" src=\"https:\/\/sinprofaz.org.br\/2024\/wp-content\/uploads\/2024\/05\/IAT-2-150x150.png\" class=\"attachment-thumbnail size-thumbnail\" alt=\"\" \/><\/a>\n\t\t\t<\/dt><\/dl><dl class='gallery-item'>\n\t\t\t<dt class='gallery-icon landscape'>\n\t\t\t\t<a href='https:\/\/sinprofaz.org.br\/2024\/wp-content\/uploads\/2024\/05\/IAT-3.png'><img loading=\"lazy\" decoding=\"async\" width=\"150\" height=\"150\" src=\"https:\/\/sinprofaz.org.br\/2024\/wp-content\/uploads\/2024\/05\/IAT-3-150x150.png\" class=\"attachment-thumbnail size-thumbnail\" alt=\"\" \/><\/a>\n\t\t\t<\/dt><\/dl>\n\t\t\t<br style='clear: both' \/>\n\t\t<\/div>\n\n","protected":false},"excerpt":{"rendered":"<p>A presidente do SINPROFAZ foi convidada para presidir uma das mesas do evento, oportunidade em que levar\u00e1 a vis\u00e3o da Fazenda Nacional a respeito das mudan\u00e7as promovidas pela reforma tribut\u00e1ria nas rela\u00e7\u00f5es entre o fisco e o contribuinte.<\/p>\n","protected":false},"author":2,"featured_media":18147,"comment_status":"open","ping_status":"open","sticky":false,"template":"","format":"standard","meta":{"footnotes":""},"categories":[8],"tags":[32,29,25],"featured_image_url":"https:\/\/sinprofaz.org.br\/2024\/wp-content\/uploads\/2024\/05\/IAT-1.png","character_count":964,"formatted_date":"25\/04\/2024 - 08:45","contentNovo":"A Carreira estar\u00e1 representada no\u00a0III Congresso Internacional de Direito Tribut\u00e1rio - O Novo Sistema Tribut\u00e1rio Brasileiro, promovido pelo Instituto de Aplica\u00e7\u00e3o do Tributo - IAT. A presidente do SINPROFAZ, Iolanda Guindani, foi convidada para presidir uma das mesas do evento, oportunidade em que levar\u00e1 para os participantes a vis\u00e3o da Fazenda Nacional a respeito das significativas mudan\u00e7as promovidas pela reforma tribut\u00e1ria nas rela\u00e7\u00f5es entre o fisco e o contribuinte.\r\n\r\nO\u00a0III Congresso Internacional de Direito Tribut\u00e1rio\u00a0do IAT ocorre de 21 a 23 de maio. Desde a primeira edi\u00e7\u00e3o, o\u00a0evento re\u00fane profissionais que atuam com o Direito Tribut\u00e1rio no Brasil e no exterior, na iniciativa privada e no poder p\u00fablico. As inscri\u00e7\u00f5es ainda est\u00e3o abertas: interessados em participar devem acessar\u00a0<a href=\"http:\/\/www.institutoiat.org\/iii-congresso-iat\" target=\"_blank\" rel=\"noopener\">www.institutoiat.org\/iii-congresso-iat<\/a>\u00a0e escolher uma das tr\u00eas modalidades de inscri\u00e7\u00e3o (Virtual, Presencial para Profissionais e Presencial para Estudantes).\r\n\r\nSobre o Instituto de Aplica\u00e7\u00e3o do Tributo\r\n\r\nO IAT \u00e9 uma institui\u00e7\u00e3o sem fins lucrativos fundada por professores de Direito Tribut\u00e1rio. \u00c9 voltada para o desenvolvimento de projetos e estudos capazes de aperfei\u00e7oar o Sistema Tribut\u00e1rio Nacional. Dedica-se, entre outros, \u00e0 an\u00e1lise de pr\u00e1ticas concretas relacionadas aos tributos, seja a forma como s\u00e3o criados, fiscalizados e cobrados, seja o destino financeiro atribu\u00eddo ao produto da arrecada\u00e7\u00e3o. O IAT \u00e9 presidido por T\u00e1cio Lacerda Gama, a quem o SINPROFAZ parabeniza pela realiza\u00e7\u00e3o do Congresso.\r\n\r\n[gallery link=\"file\" ids=\"18148,18149\"]","_links":{"self":[{"href":"https:\/\/sinprofaz.org.br\/2024\/wp-json\/wp\/v2\/posts\/18150"}],"collection":[{"href":"https:\/\/sinprofaz.org.br\/2024\/wp-json\/wp\/v2\/posts"}],"about":[{"href":"https:\/\/sinprofaz.org.br\/2024\/wp-json\/wp\/v2\/types\/post"}],"author":[{"embeddable":true,"href":"https:\/\/sinprofaz.org.br\/2024\/wp-json\/wp\/v2\/users\/2"}],"replies":[{"embeddable":true,"href":"https:\/\/sinprofaz.org.br\/2024\/wp-json\/wp\/v2\/comments?post=18150"}],"version-history":[{"count":2,"href":"https:\/\/sinprofaz.org.br\/2024\/wp-json\/wp\/v2\/posts\/18150\/revisions"}],"predecessor-version":[{"id":18152,"href":"https:\/\/sinprofaz.org.br\/2024\/wp-json\/wp\/v2\/posts\/18150\/revisions\/18152"}],"wp:featuredmedia":[{"embeddable":true,"href":"https:\/\/sinprofaz.org.br\/2024\/wp-json\/wp\/v2\/media\/18147"}],"wp:attachment":[{"href":"https:\/\/sinprofaz.org.br\/2024\/wp-json\/wp\/v2\/media?parent=18150"}],"wp:term":[{"taxonomy":"category","embeddable":true,"href":"https:\/\/sinprofaz.org.br\/2024\/wp-json\/wp\/v2\/categories?post=18150"},{"taxonomy":"post_tag","embeddable":true,"href":"https:\/\/sinprofaz.org.br\/2024\/wp-json\/wp\/v2\/tags?post=18150"}],"curies":[{"name":"wp","href":"https:\/\/api.w.org\/{rel}","templated":true}]}}