{"id":18144,"date":"2024-04-24T17:30:22","date_gmt":"2024-04-24T20:30:22","guid":{"rendered":"https:\/\/sinprofaz.org.br\/2024\/?p=18144"},"modified":"2024-05-05T15:32:55","modified_gmt":"2024-05-05T18:32:55","slug":"ccj-do-senado-reconhece-o-exercicio-de-atividade-de-risco-pela-advocacia-publica","status":"publish","type":"post","link":"https:\/\/sinprofaz.org.br\/2024\/noticias\/ccj-do-senado-reconhece-o-exercicio-de-atividade-de-risco-pela-advocacia-publica\/","title":{"rendered":"CCJ DO SENADO RECONHECE O EXERC\u00cdCIO DE ATIVIDADE DE RISCO PELA ADVOCACIA P\u00daBLICA"},"content":{"rendered":"<p>A Comiss\u00e3o de Constitui\u00e7\u00e3o, Justi\u00e7a e Cidadania (CCJ) do Senado Federal aprovou, h\u00e1 pouco, simbolicamente, com urg\u00eancia, o relat\u00f3rio do senador Weverton (PDT\/MA). O senador acolheu as emendas 1, 2, 3, 9, 11, 13, 24 e 25, que\u00a0reconhecem o exerc\u00edcio de atividade de risco pela advocacia p\u00fablica, pela defensoria p\u00fablica, pelos oficiais de Justi\u00e7a, pela pol\u00edcia legislativa, pela pol\u00edcia judici\u00e1ria e pela pol\u00edcia do Minist\u00e9rio P\u00fablico.<span class=\"Apple-converted-space\">\u00a0<\/span><\/p>\n<p>O senador Weverton acolheu tamb\u00e9m:<\/p>\n<p>Emenda 17: suprime o artigo sobre a prote\u00e7\u00e3o especial<\/p>\n<p>Emenda 21: suprime o artigo que determina multa em dobro para infra\u00e7\u00f5es envolvendo dados de membros do Judici\u00e1rio ou Minist\u00e9rio P\u00fablico<\/p>\n<p>Emenda 22: inclui artigo para determinar que qualquer incidente de seguran\u00e7a que possa representar risco ou dano significativo aos titulares de dados pessoais deva observar o que est\u00e1 estipulado no artigo 48 da Lei Geral da Prote\u00e7\u00e3o de Dados Pessoais<\/p>\n<p>Emenda 23: que reapresenta a emenda n\u00b0 8, retirando do texto o ent\u00e3o item 2, que inclu\u00eda a comunica\u00e7\u00e3o \u00e0 pol\u00edcia judici\u00e1ria em casos de risco enfrentado por autoridades judiciais, Membros do Minist\u00e9rio P\u00fablico e seus familiares.<\/p>\n<p>O PL 4015\/2023 segue agora para an\u00e1lise no Plen\u00e1rio do Senado Federal.<span class=\"Apple-converted-space\">\u00a0<\/span><\/p>\n<p>Confira a \u00edntegra do parecer aprovado: <a href=\"https:\/\/tinyurl.com\/5y3w5ecc\" target=\"_blank\" rel=\"noopener\">https:\/\/tinyurl.com\/5y3w5ecc<\/a><\/p>\n","protected":false},"excerpt":{"rendered":"<p>No relat\u00f3rio, o senador Weverton (PDT\/MA) acolheu as emendas que reconhecem o exerc\u00edcio de atividade de risco pela advocacia p\u00fablica, pela defensoria p\u00fablica, pelos oficiais de Justi\u00e7a, pela pol\u00edcia legislativa, pela pol\u00edcia judici\u00e1ria e pela pol\u00edcia do MP.<\/p>\n","protected":false},"author":2,"featured_media":17269,"comment_status":"open","ping_status":"open","sticky":false,"template":"","format":"standard","meta":{"footnotes":""},"categories":[8],"tags":[34,32,53],"featured_image_url":"https:\/\/sinprofaz.org.br\/2024\/wp-content\/uploads\/2023\/12\/1-1-1.png","character_count":663,"formatted_date":"24\/04\/2024 - 17:30","contentNovo":"A Comiss\u00e3o de Constitui\u00e7\u00e3o, Justi\u00e7a e Cidadania (CCJ) do Senado Federal aprovou, h\u00e1 pouco, simbolicamente, com urg\u00eancia, o relat\u00f3rio do senador Weverton (PDT\/MA). O senador acolheu as emendas 1, 2, 3, 9, 11, 13, 24 e 25, que\u00a0reconhecem o exerc\u00edcio de atividade de risco pela advocacia p\u00fablica, pela defensoria p\u00fablica, pelos oficiais de Justi\u00e7a, pela pol\u00edcia legislativa, pela pol\u00edcia judici\u00e1ria e pela pol\u00edcia do Minist\u00e9rio P\u00fablico.\u00a0\r\n\r\nO senador Weverton acolheu tamb\u00e9m:\r\n\r\nEmenda 17: suprime o artigo sobre a prote\u00e7\u00e3o especial\r\n\r\nEmenda 21: suprime o artigo que determina multa em dobro para infra\u00e7\u00f5es envolvendo dados de membros do Judici\u00e1rio ou Minist\u00e9rio P\u00fablico\r\n\r\nEmenda 22: inclui artigo para determinar que qualquer incidente de seguran\u00e7a que possa representar risco ou dano significativo aos titulares de dados pessoais deva observar o que est\u00e1 estipulado no artigo 48 da Lei Geral da Prote\u00e7\u00e3o de Dados Pessoais\r\n\r\nEmenda 23: que reapresenta a emenda n\u00b0 8, retirando do texto o ent\u00e3o item 2, que inclu\u00eda a comunica\u00e7\u00e3o \u00e0 pol\u00edcia judici\u00e1ria em casos de risco enfrentado por autoridades judiciais, Membros do Minist\u00e9rio P\u00fablico e seus familiares.\r\n\r\nO PL 4015\/2023 segue agora para an\u00e1lise no Plen\u00e1rio do Senado Federal.\u00a0\r\n\r\nConfira a \u00edntegra do parecer aprovado: <a href=\"https:\/\/tinyurl.com\/5y3w5ecc\" target=\"_blank\" rel=\"noopener\">https:\/\/tinyurl.com\/5y3w5ecc<\/a>","_links":{"self":[{"href":"https:\/\/sinprofaz.org.br\/2024\/wp-json\/wp\/v2\/posts\/18144"}],"collection":[{"href":"https:\/\/sinprofaz.org.br\/2024\/wp-json\/wp\/v2\/posts"}],"about":[{"href":"https:\/\/sinprofaz.org.br\/2024\/wp-json\/wp\/v2\/types\/post"}],"author":[{"embeddable":true,"href":"https:\/\/sinprofaz.org.br\/2024\/wp-json\/wp\/v2\/users\/2"}],"replies":[{"embeddable":true,"href":"https:\/\/sinprofaz.org.br\/2024\/wp-json\/wp\/v2\/comments?post=18144"}],"version-history":[{"count":2,"href":"https:\/\/sinprofaz.org.br\/2024\/wp-json\/wp\/v2\/posts\/18144\/revisions"}],"predecessor-version":[{"id":18146,"href":"https:\/\/sinprofaz.org.br\/2024\/wp-json\/wp\/v2\/posts\/18144\/revisions\/18146"}],"wp:featuredmedia":[{"embeddable":true,"href":"https:\/\/sinprofaz.org.br\/2024\/wp-json\/wp\/v2\/media\/17269"}],"wp:attachment":[{"href":"https:\/\/sinprofaz.org.br\/2024\/wp-json\/wp\/v2\/media?parent=18144"}],"wp:term":[{"taxonomy":"category","embeddable":true,"href":"https:\/\/sinprofaz.org.br\/2024\/wp-json\/wp\/v2\/categories?post=18144"},{"taxonomy":"post_tag","embeddable":true,"href":"https:\/\/sinprofaz.org.br\/2024\/wp-json\/wp\/v2\/tags?post=18144"}],"curies":[{"name":"wp","href":"https:\/\/api.w.org\/{rel}","templated":true}]}}