{"id":18142,"date":"2024-04-24T13:40:23","date_gmt":"2024-04-24T16:40:23","guid":{"rendered":"https:\/\/sinprofaz.org.br\/2024\/?p=18142"},"modified":"2024-05-05T15:25:15","modified_gmt":"2024-05-05T18:25:15","slug":"conjur-publica-artigo-de-ricardo-queiroz-vice-presidente-do-sinprofaz","status":"publish","type":"post","link":"https:\/\/sinprofaz.org.br\/2024\/noticias\/conjur-publica-artigo-de-ricardo-queiroz-vice-presidente-do-sinprofaz\/","title":{"rendered":"CONJUR PUBLICA ARTIGO DE RICARDO QUEIROZ, VICE-PRESIDENTE DO SINPROFAZ"},"content":{"rendered":"<p>O Conjur publicou artigo de autoria do vice-presidente do SINPROFAZ, Ricardo Queiroz. No texto, intitulado &#8220;Advocacia p\u00fablica e controle de atos da administra\u00e7\u00e3o tribut\u00e1ria&#8221;, o procurador da Fazenda Nacional aborda\u00a0a relev\u00e2ncia da atua\u00e7\u00e3o da Advocacia P\u00fablica, que, na qualidade de Fun\u00e7\u00e3o Essencial \u00e0 Justi\u00e7a, tem papel crucial no aperfei\u00e7oamento do sistema tribut\u00e1rio. Entre os institutos relacionados a essa moderniza\u00e7\u00e3o, est\u00e1 o da transa\u00e7\u00e3o tribut\u00e1ria.<\/p>\n<p>&#8220;A celebra\u00e7\u00e3o de transa\u00e7\u00e3o tribut\u00e1ria perpassa pela pr\u00e9via e necess\u00e1ria depura\u00e7\u00e3o dos cr\u00e9ditos tribut\u00e1rios a serem negociados, assim como pelo estabelecimento de uma rela\u00e7\u00e3o mais parit\u00e1ria e equ\u00e2nime com o contribuinte, dada a presen\u00e7a &#8211; especialmente nos neg\u00f3cios mais vultosos &#8211; do advogado p\u00fablico de um lado, e do advogado do contribuinte de outro, focados na busca da consensualidade&#8221;, destacou Ricardo Queiroz em trecho do artigo.<\/p>\n<p>Ao longo do texto, o vice-presidente do SINPROFAZ ainda abordou o controle exercido pela Advocacia P\u00fablica sobre a administra\u00e7\u00e3o\u00a0tribut\u00e1ria, a necessidade de estrutura\u00e7\u00e3o e valoriza\u00e7\u00e3o das carreiras de advogados p\u00fablicos nas esferas da Federa\u00e7\u00e3o e a quest\u00e3o da sobrecarga de trabalho da Carreira, que atua sem apoio t\u00e9cnico. Leia a \u00edntegra do artigo! Acesse:\u00a0<a href=\"https:\/\/www.conjur.com.br\/2024-abr-23\/advocacia-publica-e-controle-de-atos-da-administracao-tributaria\/\" target=\"_blank\" rel=\"noopener\">https:\/\/www.conjur.com.br\/2024-abr-23\/advocacia-publica-e-controle-de-atos-da-administracao-tributaria\/<\/a><\/p>\n","protected":false},"excerpt":{"rendered":"<p>No texto &#8220;Advocacia p\u00fablica e controle de atos da administra\u00e7\u00e3o tribut\u00e1ria&#8221;, o PFN aborda a relev\u00e2ncia da Advocacia P\u00fablica, que tem papel crucial no aperfei\u00e7oamento do sistema tribut\u00e1rio. Entre os institutos relacionados \u00e0 moderniza\u00e7\u00e3o, est\u00e1 o da transa\u00e7\u00e3o tribut\u00e1ria.<\/p>\n","protected":false},"author":2,"featured_media":14077,"comment_status":"open","ping_status":"open","sticky":false,"template":"","format":"standard","meta":{"footnotes":""},"categories":[8],"tags":[32,45,25],"featured_image_url":"https:\/\/sinprofaz.org.br\/2024\/wp-content\/uploads\/2021\/11\/ConJur-capa.png","character_count":724,"formatted_date":"24\/04\/2024 - 13:40","contentNovo":"O Conjur publicou artigo de autoria do vice-presidente do SINPROFAZ, Ricardo Queiroz. No texto, intitulado \"Advocacia p\u00fablica e controle de atos da administra\u00e7\u00e3o tribut\u00e1ria\", o procurador da Fazenda Nacional aborda\u00a0a relev\u00e2ncia da atua\u00e7\u00e3o da Advocacia P\u00fablica, que, na qualidade de Fun\u00e7\u00e3o Essencial \u00e0 Justi\u00e7a, tem papel crucial no aperfei\u00e7oamento do sistema tribut\u00e1rio. Entre os institutos relacionados a essa moderniza\u00e7\u00e3o, est\u00e1 o da transa\u00e7\u00e3o tribut\u00e1ria.\r\n\r\n\"A celebra\u00e7\u00e3o de transa\u00e7\u00e3o tribut\u00e1ria perpassa pela pr\u00e9via e necess\u00e1ria depura\u00e7\u00e3o dos cr\u00e9ditos tribut\u00e1rios a serem negociados, assim como pelo estabelecimento de uma rela\u00e7\u00e3o mais parit\u00e1ria e equ\u00e2nime com o contribuinte, dada a presen\u00e7a - especialmente nos neg\u00f3cios mais vultosos - do advogado p\u00fablico de um lado, e do advogado do contribuinte de outro, focados na busca da consensualidade\", destacou Ricardo Queiroz em trecho do artigo.\r\n\r\nAo longo do texto, o vice-presidente do SINPROFAZ ainda abordou o controle exercido pela Advocacia P\u00fablica sobre a administra\u00e7\u00e3o\u00a0tribut\u00e1ria, a necessidade de estrutura\u00e7\u00e3o e valoriza\u00e7\u00e3o das carreiras de advogados p\u00fablicos nas esferas da Federa\u00e7\u00e3o e a quest\u00e3o da sobrecarga de trabalho da Carreira, que atua sem apoio t\u00e9cnico. Leia a \u00edntegra do artigo! Acesse:\u00a0<a href=\"https:\/\/www.conjur.com.br\/2024-abr-23\/advocacia-publica-e-controle-de-atos-da-administracao-tributaria\/\" target=\"_blank\" rel=\"noopener\">https:\/\/www.conjur.com.br\/2024-abr-23\/advocacia-publica-e-controle-de-atos-da-administracao-tributaria\/<\/a>","_links":{"self":[{"href":"https:\/\/sinprofaz.org.br\/2024\/wp-json\/wp\/v2\/posts\/18142"}],"collection":[{"href":"https:\/\/sinprofaz.org.br\/2024\/wp-json\/wp\/v2\/posts"}],"about":[{"href":"https:\/\/sinprofaz.org.br\/2024\/wp-json\/wp\/v2\/types\/post"}],"author":[{"embeddable":true,"href":"https:\/\/sinprofaz.org.br\/2024\/wp-json\/wp\/v2\/users\/2"}],"replies":[{"embeddable":true,"href":"https:\/\/sinprofaz.org.br\/2024\/wp-json\/wp\/v2\/comments?post=18142"}],"version-history":[{"count":1,"href":"https:\/\/sinprofaz.org.br\/2024\/wp-json\/wp\/v2\/posts\/18142\/revisions"}],"predecessor-version":[{"id":18143,"href":"https:\/\/sinprofaz.org.br\/2024\/wp-json\/wp\/v2\/posts\/18142\/revisions\/18143"}],"wp:featuredmedia":[{"embeddable":true,"href":"https:\/\/sinprofaz.org.br\/2024\/wp-json\/wp\/v2\/media\/14077"}],"wp:attachment":[{"href":"https:\/\/sinprofaz.org.br\/2024\/wp-json\/wp\/v2\/media?parent=18142"}],"wp:term":[{"taxonomy":"category","embeddable":true,"href":"https:\/\/sinprofaz.org.br\/2024\/wp-json\/wp\/v2\/categories?post=18142"},{"taxonomy":"post_tag","embeddable":true,"href":"https:\/\/sinprofaz.org.br\/2024\/wp-json\/wp\/v2\/tags?post=18142"}],"curies":[{"name":"wp","href":"https:\/\/api.w.org\/{rel}","templated":true}]}}