{"id":18111,"date":"2024-04-18T08:28:21","date_gmt":"2024-04-18T11:28:21","guid":{"rendered":"http:\/\/www.sinprofaz.org.br\/?p=18111"},"modified":"2024-04-18T08:28:21","modified_gmt":"2024-04-18T11:28:21","slug":"florianopolis-sedia-reuniao-entre-filiados-e-dirigentes-sindicais","status":"publish","type":"post","link":"https:\/\/sinprofaz.org.br\/2024\/noticias\/florianopolis-sedia-reuniao-entre-filiados-e-dirigentes-sindicais\/","title":{"rendered":"FLORIAN\u00d3POLIS SEDIA REUNI\u00c3O ENTRE FILIADOS E DIRIGENTES SINDICAIS"},"content":{"rendered":"<p>A presidente Iolanda Guindani e os diretores Ana Cristina Guimar\u00e3es e Achilles Frias representaram o SINPROFAZ em reuni\u00e3o com Colegas filiados em Florian\u00f3polis\/SC. O encontro, promovido na sexta-feira (12), tamb\u00e9m contou com as presen\u00e7as dos delegados sindicais Francisco de Saboia e Jacqueline Ara\u00fajo, al\u00e9m de procuradoras e procuradores da Fazenda Nacional que h\u00e1 muito comp\u00f5em as fileiras de luta em defesa da Carreira.<\/p>\n<p>Na ocasi\u00e3o, os dirigentes sindicais pautaram temas urgentes, como a tramita\u00e7\u00e3o da PEC 10\/2023 no Senado Federal, a apresenta\u00e7\u00e3o da PEC 6\/2024 \u00e0 C\u00e2mara dos Deputados, o andamento do concurso para a Carreira e o avan\u00e7o do pagamento de aux\u00edlios em raz\u00e3o da prerrogativa remunerat\u00f3ria. Quest\u00f5es pr\u00f3prias da 4\u00aa Regi\u00e3o tamb\u00e9m foram compartilhadas com as lideran\u00e7as associativas, que responderam aos questionamentos dos Colegas e detalharam as estrat\u00e9gias que orientam o trabalho do SINPROFAZ.<\/p>\n\n\t\t<style type=\"text\/css\">\n\t\t\t#gallery-1 {\n\t\t\t\tmargin: auto;\n\t\t\t}\n\t\t\t#gallery-1 .gallery-item {\n\t\t\t\tfloat: left;\n\t\t\t\tmargin-top: 10px;\n\t\t\t\ttext-align: center;\n\t\t\t\twidth: 33%;\n\t\t\t}\n\t\t\t#gallery-1 img {\n\t\t\t\tborder: 2px solid #cfcfcf;\n\t\t\t}\n\t\t\t#gallery-1 .gallery-caption {\n\t\t\t\tmargin-left: 0;\n\t\t\t}\n\t\t\t\/* see gallery_shortcode() in wp-includes\/media.php *\/\n\t\t<\/style>\n\t\t<div id='gallery-1' class='gallery galleryid-18111 gallery-columns-3 gallery-size-thumbnail'><dl class='gallery-item'>\n\t\t\t<dt class='gallery-icon landscape'>\n\t\t\t\t<a href='https:\/\/sinprofaz.org.br\/2024\/wp-content\/uploads\/2024\/04\/2-8.png'><img loading=\"lazy\" decoding=\"async\" width=\"150\" height=\"150\" src=\"https:\/\/sinprofaz.org.br\/2024\/wp-content\/uploads\/2024\/04\/2-8-150x150.png\" class=\"attachment-thumbnail size-thumbnail\" alt=\"\" \/><\/a>\n\t\t\t<\/dt><\/dl><dl class='gallery-item'>\n\t\t\t<dt class='gallery-icon landscape'>\n\t\t\t\t<a href='https:\/\/sinprofaz.org.br\/2024\/wp-content\/uploads\/2024\/04\/3-6.png'><img loading=\"lazy\" decoding=\"async\" width=\"150\" height=\"150\" src=\"https:\/\/sinprofaz.org.br\/2024\/wp-content\/uploads\/2024\/04\/3-6-150x150.png\" class=\"attachment-thumbnail size-thumbnail\" alt=\"\" \/><\/a>\n\t\t\t<\/dt><\/dl><dl class='gallery-item'>\n\t\t\t<dt class='gallery-icon landscape'>\n\t\t\t\t<a href='https:\/\/sinprofaz.org.br\/2024\/wp-content\/uploads\/2024\/04\/4-6.png'><img loading=\"lazy\" decoding=\"async\" width=\"150\" height=\"150\" src=\"https:\/\/sinprofaz.org.br\/2024\/wp-content\/uploads\/2024\/04\/4-6-150x150.png\" class=\"attachment-thumbnail size-thumbnail\" alt=\"\" \/><\/a>\n\t\t\t<\/dt><\/dl><br style=\"clear: both\" \/><dl class='gallery-item'>\n\t\t\t<dt class='gallery-icon landscape'>\n\t\t\t\t<a href='https:\/\/sinprofaz.org.br\/2024\/wp-content\/uploads\/2024\/04\/5-3.png'><img loading=\"lazy\" decoding=\"async\" width=\"150\" height=\"150\" src=\"https:\/\/sinprofaz.org.br\/2024\/wp-content\/uploads\/2024\/04\/5-3-150x150.png\" class=\"attachment-thumbnail size-thumbnail\" alt=\"\" \/><\/a>\n\t\t\t<\/dt><\/dl>\n\t\t\t<br style='clear: both' \/>\n\t\t<\/div>\n\n","protected":false},"excerpt":{"rendered":"<p>Na ocasi\u00e3o, foram pautados temas urgentes, como a tramita\u00e7\u00e3o da PEC 10\/2023 no Senado Federal, a apresenta\u00e7\u00e3o da PEC 6\/2024 \u00e0 C\u00e2mara dos Deputados, o andamento do concurso para a Carreira e o avan\u00e7o do pagamento de aux\u00edlios em raz\u00e3o da prerrogativa remunerat\u00f3ria. <\/p>\n","protected":false},"author":2,"featured_media":18112,"comment_status":"open","ping_status":"open","sticky":false,"template":"","format":"standard","meta":{"footnotes":""},"categories":[8],"tags":[32,27,25],"featured_image_url":"https:\/\/sinprofaz.org.br\/2024\/wp-content\/uploads\/2024\/04\/1-11.png","character_count":666,"formatted_date":"18\/04\/2024 - 08:28","contentNovo":"A presidente Iolanda Guindani e os diretores Ana Cristina Guimar\u00e3es e Achilles Frias representaram o SINPROFAZ em reuni\u00e3o com Colegas filiados em Florian\u00f3polis\/SC. O encontro, promovido na sexta-feira (12), tamb\u00e9m contou com as presen\u00e7as dos delegados sindicais Francisco de Saboia e Jacqueline Ara\u00fajo, al\u00e9m de procuradoras e procuradores da Fazenda Nacional que h\u00e1 muito comp\u00f5em as fileiras de luta em defesa da Carreira.\r\n\r\nNa ocasi\u00e3o, os dirigentes sindicais pautaram temas urgentes, como a tramita\u00e7\u00e3o da PEC 10\/2023 no Senado Federal, a apresenta\u00e7\u00e3o da PEC 6\/2024 \u00e0 C\u00e2mara dos Deputados, o andamento do concurso para a Carreira e o avan\u00e7o do pagamento de aux\u00edlios em raz\u00e3o da prerrogativa remunerat\u00f3ria. Quest\u00f5es pr\u00f3prias da 4\u00aa Regi\u00e3o tamb\u00e9m foram compartilhadas com as lideran\u00e7as associativas, que responderam aos questionamentos dos Colegas e detalharam as estrat\u00e9gias que orientam o trabalho do SINPROFAZ.\r\n\r\n[gallery link=\"file\" ids=\"18113,18114,18115,18116\"]","_links":{"self":[{"href":"https:\/\/sinprofaz.org.br\/2024\/wp-json\/wp\/v2\/posts\/18111"}],"collection":[{"href":"https:\/\/sinprofaz.org.br\/2024\/wp-json\/wp\/v2\/posts"}],"about":[{"href":"https:\/\/sinprofaz.org.br\/2024\/wp-json\/wp\/v2\/types\/post"}],"author":[{"embeddable":true,"href":"https:\/\/sinprofaz.org.br\/2024\/wp-json\/wp\/v2\/users\/2"}],"replies":[{"embeddable":true,"href":"https:\/\/sinprofaz.org.br\/2024\/wp-json\/wp\/v2\/comments?post=18111"}],"version-history":[{"count":1,"href":"https:\/\/sinprofaz.org.br\/2024\/wp-json\/wp\/v2\/posts\/18111\/revisions"}],"predecessor-version":[{"id":18117,"href":"https:\/\/sinprofaz.org.br\/2024\/wp-json\/wp\/v2\/posts\/18111\/revisions\/18117"}],"wp:featuredmedia":[{"embeddable":true,"href":"https:\/\/sinprofaz.org.br\/2024\/wp-json\/wp\/v2\/media\/18112"}],"wp:attachment":[{"href":"https:\/\/sinprofaz.org.br\/2024\/wp-json\/wp\/v2\/media?parent=18111"}],"wp:term":[{"taxonomy":"category","embeddable":true,"href":"https:\/\/sinprofaz.org.br\/2024\/wp-json\/wp\/v2\/categories?post=18111"},{"taxonomy":"post_tag","embeddable":true,"href":"https:\/\/sinprofaz.org.br\/2024\/wp-json\/wp\/v2\/tags?post=18111"}],"curies":[{"name":"wp","href":"https:\/\/api.w.org\/{rel}","templated":true}]}}