{"id":1811,"date":"2014-06-09T14:40:48","date_gmt":"2014-06-09T14:40:48","guid":{"rendered":""},"modified":"-0001-11-30T00:00:00","modified_gmt":"-0001-11-30T03:00:00","slug":"honorarios-comissao-do-novo-cpc-fara-primeira-audiencia-publica","status":"publish","type":"post","link":"https:\/\/sinprofaz.org.br\/2024\/noticias\/honorarios-comissao-do-novo-cpc-fara-primeira-audiencia-publica\/","title":{"rendered":"Honor\u00e1rios: comiss\u00e3o do novo CPC far\u00e1 primeira audi\u00eancia p\u00fablica"},"content":{"rendered":"<p>A audi\u00eancia p\u00fablica na comiss\u00e3o tempor\u00e1ria que ir\u00e1 estudar as altera\u00e7\u00f5es feitas pela C\u00e2mara dos Deputados ao projeto que reforma o C\u00f3digo de Processo Civil tamb\u00e9m ter\u00e1 a participa\u00e7\u00e3o dos professores Tereza Arruda Alvim Wambier, Paulo Cesar Pinheiro Carneiro, Jos\u00e9 Roberto dos Santos Bedaque e Bruno Dantas.<\/p>\n<p>De acordo com o cronograma de trabalhos divulgado na semana passada, quando a comiss\u00e3o foi instalada, a data prevista para discuss\u00e3o e vota\u00e7\u00e3o do parecer do senador Vital do Rego (PMDB-PB) \u00e9 16 de julho pr\u00f3ximo, v\u00e9spera do in\u00edcio do recesso parlamentar.<\/p>\n<p>A reuni\u00e3o ser\u00e1 na sala 2 da Ala Senador Nilo Coelho, no Senado Federal.<\/p>\n","protected":false},"excerpt":{"rendered":"<p>Reuni\u00e3o ser\u00e1 na quarta-feira (11), a partir das 11h, com a presen\u00e7a do ministro do STF, Luiz Fux, que preside a comiss\u00e3o de juristas que analisou originalmente o projeto do novo CPC no Senado.<\/p>\n","protected":false},"author":1,"featured_media":0,"comment_status":"closed","ping_status":"open","sticky":false,"template":"","format":"standard","meta":{"footnotes":""},"categories":[8],"tags":[],"featured_image_url":"https:\/\/dummyimage.com\/720x400","character_count":329,"formatted_date":"09\/06\/2014 - 14:40","contentNovo":"\r\n<p>A audi\u00eancia p\u00fablica na comiss\u00e3o tempor\u00e1ria que ir\u00e1 estudar as altera\u00e7\u00f5es feitas pela C\u00e2mara dos Deputados ao projeto que reforma o C\u00f3digo de Processo Civil tamb\u00e9m ter\u00e1 a participa\u00e7\u00e3o dos professores Tereza Arruda Alvim Wambier, Paulo Cesar Pinheiro Carneiro, Jos\u00e9 Roberto dos Santos Bedaque e Bruno Dantas.<\/p>\r\n<p>De acordo com o cronograma de trabalhos divulgado na semana passada, quando a comiss\u00e3o foi instalada, a data prevista para discuss\u00e3o e vota\u00e7\u00e3o do parecer do senador Vital do Rego (PMDB-PB) \u00e9 16 de julho pr\u00f3ximo, v\u00e9spera do in\u00edcio do recesso parlamentar.<\/p>\r\n<p>A reuni\u00e3o ser\u00e1 na sala 2 da Ala Senador Nilo Coelho, no Senado Federal.<\/p>","_links":{"self":[{"href":"https:\/\/sinprofaz.org.br\/2024\/wp-json\/wp\/v2\/posts\/1811"}],"collection":[{"href":"https:\/\/sinprofaz.org.br\/2024\/wp-json\/wp\/v2\/posts"}],"about":[{"href":"https:\/\/sinprofaz.org.br\/2024\/wp-json\/wp\/v2\/types\/post"}],"author":[{"embeddable":true,"href":"https:\/\/sinprofaz.org.br\/2024\/wp-json\/wp\/v2\/users\/1"}],"replies":[{"embeddable":true,"href":"https:\/\/sinprofaz.org.br\/2024\/wp-json\/wp\/v2\/comments?post=1811"}],"version-history":[{"count":0,"href":"https:\/\/sinprofaz.org.br\/2024\/wp-json\/wp\/v2\/posts\/1811\/revisions"}],"wp:attachment":[{"href":"https:\/\/sinprofaz.org.br\/2024\/wp-json\/wp\/v2\/media?parent=1811"}],"wp:term":[{"taxonomy":"category","embeddable":true,"href":"https:\/\/sinprofaz.org.br\/2024\/wp-json\/wp\/v2\/categories?post=1811"},{"taxonomy":"post_tag","embeddable":true,"href":"https:\/\/sinprofaz.org.br\/2024\/wp-json\/wp\/v2\/tags?post=1811"}],"curies":[{"name":"wp","href":"https:\/\/api.w.org\/{rel}","templated":true}]}}