{"id":18103,"date":"2024-04-17T12:20:08","date_gmt":"2024-04-17T15:20:08","guid":{"rendered":"http:\/\/www.sinprofaz.org.br\/?p=18103"},"modified":"2024-04-18T10:01:56","modified_gmt":"2024-04-18T13:01:56","slug":"vitoria-do-sinprofaz-e-das-carreiras-advocacia-publica-e-assegurada-na-pec-10-2023","status":"publish","type":"post","link":"https:\/\/sinprofaz.org.br\/2024\/noticias\/vitoria-do-sinprofaz-e-das-carreiras-advocacia-publica-e-assegurada-na-pec-10-2023\/","title":{"rendered":"VIT\u00d3RIA DO SINPROFAZ E DAS CARREIRAS: ADVOCACIA P\u00daBLICA \u00c9 ASSEGURADA NA PEC 10\/2023"},"content":{"rendered":"<p>A presidente do SINPROFAZ, Iolanda Guindani, esteve no Senado Federal ao longo das \u00faltimas semanas em um trabalho ininterrupto de convencimento dos parlamentares. Nos bastidores, a dirigente sindical tratou com o relator da PEC 10\/2023, senador Eduardo Gomes (PL\/TO), e com outros membros da Comiss\u00e3o de Constitui\u00e7\u00e3o, Justi\u00e7a e Cidadania (CCJ) do Senado Federal. A atua\u00e7\u00e3o surtiu efeito: a Comiss\u00e3o aprovou hoje (17) o relat\u00f3rio do senador, que incluiu a Advocacia P\u00fablica no rol de carreiras beneficiadas pela proposta de emenda \u00e0 Constitui\u00e7\u00e3o!<\/p>\n<p>Al\u00e9m de agradecer ao senador Eduardo Gomes pela sensibilidade com rela\u00e7\u00e3o \u00e0 urg\u00eancia da valoriza\u00e7\u00e3o da Advocacia P\u00fablica no pa\u00eds, o SINPROFAZ agradece aos PFNs filiados Giuliano Menezes e Talius Vasconcelos, que fortaleceram a presen\u00e7a da Carreira no Senado Federal. A partir da vit\u00f3ria na Comiss\u00e3o, a luta do Sindicato ganha f\u00f4lego com vistas \u00e0 aprova\u00e7\u00e3o da PEC 10\/2023 em Plen\u00e1rio. Aos senadores, ser\u00e1 novamente refor\u00e7ada a necessidade de prover a Advocacia P\u00fablica com as mesmas prerrogativas concedidas \u00e0s demais Fun\u00e7\u00f5es Essenciais \u00e0 Justi\u00e7a no Brasil.<\/p>\n\n\t\t<style type=\"text\/css\">\n\t\t\t#gallery-1 {\n\t\t\t\tmargin: auto;\n\t\t\t}\n\t\t\t#gallery-1 .gallery-item {\n\t\t\t\tfloat: left;\n\t\t\t\tmargin-top: 10px;\n\t\t\t\ttext-align: center;\n\t\t\t\twidth: 33%;\n\t\t\t}\n\t\t\t#gallery-1 img {\n\t\t\t\tborder: 2px solid #cfcfcf;\n\t\t\t}\n\t\t\t#gallery-1 .gallery-caption {\n\t\t\t\tmargin-left: 0;\n\t\t\t}\n\t\t\t\/* see gallery_shortcode() in wp-includes\/media.php *\/\n\t\t<\/style>\n\t\t<div id='gallery-1' class='gallery galleryid-18103 gallery-columns-3 gallery-size-thumbnail'><dl class='gallery-item'>\n\t\t\t<dt class='gallery-icon landscape'>\n\t\t\t\t<a href='https:\/\/sinprofaz.org.br\/2024\/wp-content\/uploads\/2024\/04\/2-7.png'><img loading=\"lazy\" decoding=\"async\" width=\"150\" height=\"150\" src=\"https:\/\/sinprofaz.org.br\/2024\/wp-content\/uploads\/2024\/04\/2-7-150x150.png\" class=\"attachment-thumbnail size-thumbnail\" alt=\"\" \/><\/a>\n\t\t\t<\/dt><\/dl><dl class='gallery-item'>\n\t\t\t<dt class='gallery-icon landscape'>\n\t\t\t\t<a href='https:\/\/sinprofaz.org.br\/2024\/wp-content\/uploads\/2024\/04\/3-5.png'><img loading=\"lazy\" decoding=\"async\" width=\"150\" height=\"150\" src=\"https:\/\/sinprofaz.org.br\/2024\/wp-content\/uploads\/2024\/04\/3-5-150x150.png\" class=\"attachment-thumbnail size-thumbnail\" alt=\"\" \/><\/a>\n\t\t\t<\/dt><\/dl><dl class='gallery-item'>\n\t\t\t<dt class='gallery-icon landscape'>\n\t\t\t\t<a href='https:\/\/sinprofaz.org.br\/2024\/wp-content\/uploads\/2024\/04\/4-5.png'><img loading=\"lazy\" decoding=\"async\" width=\"150\" height=\"150\" src=\"https:\/\/sinprofaz.org.br\/2024\/wp-content\/uploads\/2024\/04\/4-5-150x150.png\" class=\"attachment-thumbnail size-thumbnail\" alt=\"\" \/><\/a>\n\t\t\t<\/dt><\/dl><br style=\"clear: both\" \/>\n\t\t<\/div>\n\n","protected":false},"excerpt":{"rendered":"<p>A partir da vit\u00f3ria na Comiss\u00e3o, a luta do Sindicato ganha f\u00f4lego com vistas \u00e0 aprova\u00e7\u00e3o da PEC 10\/2023 em Plen\u00e1rio. Aos senadores, ser\u00e1 novamente refor\u00e7ada a necessidade de prover a Advocacia P\u00fablica com as mesmas prerrogativas concedidas \u00e0s demais Fun\u00e7\u00f5es Essenciais.<\/p>\n","protected":false},"author":2,"featured_media":18104,"comment_status":"open","ping_status":"open","sticky":false,"template":"","format":"standard","meta":{"footnotes":""},"categories":[8],"tags":[34,53,25],"featured_image_url":"https:\/\/sinprofaz.org.br\/2024\/wp-content\/uploads\/2024\/04\/1-10.png","character_count":760,"formatted_date":"17\/04\/2024 - 12:20","contentNovo":"A presidente do SINPROFAZ, Iolanda Guindani, esteve no Senado Federal ao longo das \u00faltimas semanas em um trabalho ininterrupto de convencimento dos parlamentares. Nos bastidores, a dirigente sindical tratou com o relator da PEC 10\/2023, senador Eduardo Gomes (PL\/TO), e com outros membros da Comiss\u00e3o de Constitui\u00e7\u00e3o, Justi\u00e7a e Cidadania (CCJ) do Senado Federal. A atua\u00e7\u00e3o surtiu efeito: a Comiss\u00e3o aprovou hoje (17) o relat\u00f3rio do senador, que incluiu a Advocacia P\u00fablica no rol de carreiras beneficiadas pela proposta de emenda \u00e0 Constitui\u00e7\u00e3o!\r\n\r\nAl\u00e9m de agradecer ao senador Eduardo Gomes pela sensibilidade com rela\u00e7\u00e3o \u00e0 urg\u00eancia da valoriza\u00e7\u00e3o da Advocacia P\u00fablica no pa\u00eds, o SINPROFAZ agradece aos PFNs filiados Giuliano Menezes e Talius Vasconcelos, que fortaleceram a presen\u00e7a da Carreira no Senado Federal. A partir da vit\u00f3ria na Comiss\u00e3o, a luta do Sindicato ganha f\u00f4lego com vistas \u00e0 aprova\u00e7\u00e3o da PEC 10\/2023 em Plen\u00e1rio. Aos senadores, ser\u00e1 novamente refor\u00e7ada a necessidade de prover a Advocacia P\u00fablica com as mesmas prerrogativas concedidas \u00e0s demais Fun\u00e7\u00f5es Essenciais \u00e0 Justi\u00e7a no Brasil.\r\n\r\n[gallery link=\"file\" ids=\"18105,18106,18107\"]","_links":{"self":[{"href":"https:\/\/sinprofaz.org.br\/2024\/wp-json\/wp\/v2\/posts\/18103"}],"collection":[{"href":"https:\/\/sinprofaz.org.br\/2024\/wp-json\/wp\/v2\/posts"}],"about":[{"href":"https:\/\/sinprofaz.org.br\/2024\/wp-json\/wp\/v2\/types\/post"}],"author":[{"embeddable":true,"href":"https:\/\/sinprofaz.org.br\/2024\/wp-json\/wp\/v2\/users\/2"}],"replies":[{"embeddable":true,"href":"https:\/\/sinprofaz.org.br\/2024\/wp-json\/wp\/v2\/comments?post=18103"}],"version-history":[{"count":2,"href":"https:\/\/sinprofaz.org.br\/2024\/wp-json\/wp\/v2\/posts\/18103\/revisions"}],"predecessor-version":[{"id":18119,"href":"https:\/\/sinprofaz.org.br\/2024\/wp-json\/wp\/v2\/posts\/18103\/revisions\/18119"}],"wp:featuredmedia":[{"embeddable":true,"href":"https:\/\/sinprofaz.org.br\/2024\/wp-json\/wp\/v2\/media\/18104"}],"wp:attachment":[{"href":"https:\/\/sinprofaz.org.br\/2024\/wp-json\/wp\/v2\/media?parent=18103"}],"wp:term":[{"taxonomy":"category","embeddable":true,"href":"https:\/\/sinprofaz.org.br\/2024\/wp-json\/wp\/v2\/categories?post=18103"},{"taxonomy":"post_tag","embeddable":true,"href":"https:\/\/sinprofaz.org.br\/2024\/wp-json\/wp\/v2\/tags?post=18103"}],"curies":[{"name":"wp","href":"https:\/\/api.w.org\/{rel}","templated":true}]}}