{"id":18079,"date":"2024-04-15T09:42:28","date_gmt":"2024-04-15T12:42:28","guid":{"rendered":"http:\/\/www.sinprofaz.org.br\/?p=18079"},"modified":"2024-04-16T09:11:59","modified_gmt":"2024-04-16T12:11:59","slug":"sinprofaz-realiza-alteracoes-no-mailing-da-revista-justica-fiscal","status":"publish","type":"post","link":"https:\/\/sinprofaz.org.br\/2024\/noticias\/sinprofaz-realiza-alteracoes-no-mailing-da-revista-justica-fiscal\/","title":{"rendered":"SINPROFAZ REALIZA ALTERA\u00c7\u00d5ES NO MAILING DA REVISTA JUSTI\u00c7A FISCAL"},"content":{"rendered":"<p>A efici\u00eancia no emprego dos recursos financeiros \u00e9 pauta recorrente das reuni\u00f5es entre os dirigentes do SINPROFAZ. Visando \u00e0 redu\u00e7\u00e3o dos gastos, a distribui\u00e7\u00e3o da Revista Justi\u00e7a Fiscal, editada pelo Sindicato, sofrer\u00e1 altera\u00e7\u00f5es: os filiados que n\u00e3o tiverem interesse em receber a vers\u00e3o impressa da publica\u00e7\u00e3o em suas resid\u00eancias poder\u00e3o solicitar a retirada de seus nomes e endere\u00e7os do\u00a0<span class=\"notion-enable-hover\" data-token-index=\"1\">mailing<\/span>.<!-- notionvc: ffd51948-cfcb-4521-86dd-89cfbce09619 --><\/p>\n<p>O exemplar f\u00edsico da Revista Justi\u00e7a Fiscal continuar\u00e1 sendo enviada a todos os filiados aposentados. Para os ativos que preferirem acessar a \u00edntegra da publica\u00e7\u00e3o apenas na vers\u00e3o digital, sempre disponibilizada no\u00a0<span class=\"notion-enable-hover\" data-token-index=\"1\">site\u00a0<\/span>do Sindicato, basta que enviem e-mail para\u00a0<a class=\"notion-link-token notion-focusable-token notion-enable-hover\" tabindex=\"0\" href=\"mailto:secretaria@sinprofaz.org.br\" rel=\"noopener noreferrer\" data-token-index=\"3\"><span class=\"link-annotation-unknown-block-id--16618883\">secretaria@sinprofaz.org.br<\/span><\/a>\u00a0e solicitem a remo\u00e7\u00e3o do cadastro. A medida j\u00e1 vale para a pr\u00f3xima edi\u00e7\u00e3o da Revista, cuja distribui\u00e7\u00e3o est\u00e1 programada para o m\u00eas de maio.<!-- notionvc: 1c704ad1-ee7e-4e41-9513-64a1959fb73e --><\/p>\n","protected":false},"excerpt":{"rendered":"<p>Para as Procuradoras e os Procuradores da Fazenda Nacional que preferirem acessar a \u00edntegra da publica\u00e7\u00e3o apenas na vers\u00e3o digital, sempre disponibilizada no site do Sindicato, basta que enviem e-mail para secretaria@sinprofaz.org.br e solicitem a remo\u00e7\u00e3o do cadastro.<\/p>\n","protected":false},"author":2,"featured_media":18080,"comment_status":"open","ping_status":"open","sticky":false,"template":"","format":"standard","meta":{"footnotes":""},"categories":[8],"tags":[32,221,25],"featured_image_url":"https:\/\/sinprofaz.org.br\/2024\/wp-content\/uploads\/2024\/04\/1-9.png","character_count":436,"formatted_date":"15\/04\/2024 - 09:42","contentNovo":"A efici\u00eancia no emprego dos recursos financeiros \u00e9 pauta recorrente das reuni\u00f5es entre os dirigentes do SINPROFAZ. Visando \u00e0 redu\u00e7\u00e3o dos gastos, a distribui\u00e7\u00e3o da Revista Justi\u00e7a Fiscal, editada pelo Sindicato, sofrer\u00e1 altera\u00e7\u00f5es: os filiados que n\u00e3o tiverem interesse em receber a vers\u00e3o impressa da publica\u00e7\u00e3o em suas resid\u00eancias poder\u00e3o solicitar a retirada de seus nomes e endere\u00e7os do\u00a0mailing.\r\n\r\nO exemplar f\u00edsico da Revista Justi\u00e7a Fiscal continuar\u00e1 sendo enviada a todos os filiados aposentados. Para os ativos que preferirem acessar a \u00edntegra da publica\u00e7\u00e3o apenas na vers\u00e3o digital, sempre disponibilizada no\u00a0site\u00a0do Sindicato, basta que enviem e-mail para\u00a0<a class=\"notion-link-token notion-focusable-token notion-enable-hover\" tabindex=\"0\" href=\"mailto:secretaria@sinprofaz.org.br\" rel=\"noopener noreferrer\" data-token-index=\"3\">secretaria@sinprofaz.org.br<\/a>\u00a0e solicitem a remo\u00e7\u00e3o do cadastro. A medida j\u00e1 vale para a pr\u00f3xima edi\u00e7\u00e3o da Revista, cuja distribui\u00e7\u00e3o est\u00e1 programada para o m\u00eas de maio.","_links":{"self":[{"href":"https:\/\/sinprofaz.org.br\/2024\/wp-json\/wp\/v2\/posts\/18079"}],"collection":[{"href":"https:\/\/sinprofaz.org.br\/2024\/wp-json\/wp\/v2\/posts"}],"about":[{"href":"https:\/\/sinprofaz.org.br\/2024\/wp-json\/wp\/v2\/types\/post"}],"author":[{"embeddable":true,"href":"https:\/\/sinprofaz.org.br\/2024\/wp-json\/wp\/v2\/users\/2"}],"replies":[{"embeddable":true,"href":"https:\/\/sinprofaz.org.br\/2024\/wp-json\/wp\/v2\/comments?post=18079"}],"version-history":[{"count":2,"href":"https:\/\/sinprofaz.org.br\/2024\/wp-json\/wp\/v2\/posts\/18079\/revisions"}],"predecessor-version":[{"id":18094,"href":"https:\/\/sinprofaz.org.br\/2024\/wp-json\/wp\/v2\/posts\/18079\/revisions\/18094"}],"wp:featuredmedia":[{"embeddable":true,"href":"https:\/\/sinprofaz.org.br\/2024\/wp-json\/wp\/v2\/media\/18080"}],"wp:attachment":[{"href":"https:\/\/sinprofaz.org.br\/2024\/wp-json\/wp\/v2\/media?parent=18079"}],"wp:term":[{"taxonomy":"category","embeddable":true,"href":"https:\/\/sinprofaz.org.br\/2024\/wp-json\/wp\/v2\/categories?post=18079"},{"taxonomy":"post_tag","embeddable":true,"href":"https:\/\/sinprofaz.org.br\/2024\/wp-json\/wp\/v2\/tags?post=18079"}],"curies":[{"name":"wp","href":"https:\/\/api.w.org\/{rel}","templated":true}]}}